{"id":22537,"date":"2023-02-09T01:09:16","date_gmt":"2023-02-09T00:09:16","guid":{"rendered":"http:\/\/www.infokuryr.cz\/n\/?p=22537"},"modified":"2023-02-08T17:44:40","modified_gmt":"2023-02-08T16:44:40","slug":"rusko-varuje-pred-primym-stretem-s-usa","status":"publish","type":"post","link":"https:\/\/www.infokuryr.cz\/n\/2023\/02\/09\/rusko-varuje-pred-primym-stretem-s-usa\/","title":{"rendered":"Rusko varuje p\u0159ed p\u0159\u00edm\u00fdm st\u0159etem s USA"},"content":{"rendered":"<div id=\"fb-root\"><\/div>\n<p><span style=\"font-size: 18pt;\"><strong>Washington se sna\u017e\u00ed o odstra\u0161uj\u00edc\u00ed v\u00fdhodu nad Ruskem, co\u017e by mohlo zp\u016fsobit p\u0159\u00edmou v\u00e1lku, varovala Moskva<\/strong><\/span><\/p>\n<p><span>USA\u00a0<\/span><em><span>\u201erozpoutaly tot\u00e1ln\u00ed hybridn\u00ed v\u00e1lku\u201c<\/span><\/em><span>\u00a0proti Rusku a stav\u00ed tyto dva jadern\u00e9 st\u00e1ty na cestu k p\u0159\u00edm\u00e9 konfrontaci, uvedlo rusk\u00e9 ministerstvo zahrani\u010d\u00ed.\u00a0Tvrd\u00ed, \u017ee po\u017eadavky Washingtonu na jadern\u00e9 inspekce v Rusku jsou\u00a0<\/span><em><span>\u201ecynick\u00e9\u201c<\/span><\/em><span>\u00a0, vzhledem k jeho\u00a0<\/span><em><span>\u201ezjevn\u00e9\u201c<\/span><\/em><span>\u00a0pomoci p\u0159i ukrajinsk\u00fdch \u00fatoc\u00edch proti rusk\u00fdm strategick\u00fdm jadern\u00fdm sil\u00e1m.<\/span><\/p>\n<p><span>Obvin\u011bn\u00ed byla sou\u010d\u00e1st\u00ed ve\u0159ejn\u00fdch koment\u00e1\u0159\u016f ministerstva ke stavu smlouvy New START, posledn\u00ed zb\u00fdvaj\u00edc\u00ed americko-rusk\u00e9 dohody o omezen\u00ed jadern\u00fdch zbran\u00ed.\u00a0Podle americk\u00fdch m\u00e9di\u00ed ministerstvo zahrani\u010d\u00ed minul\u00fd t\u00fdden informovalo Kongres, \u017ee Rusko\u00a0<\/span><em><span>\u201enedodr\u017euje\u201c<\/span><\/em><span>\u00a0kv\u016fli odm\u00edtnut\u00ed umo\u017enit inspekce na sv\u00e9 p\u016fd\u011b.<\/span><\/p>\n<p><span>Rusk\u00e9 ministerstvo zahrani\u010d\u00ed uvedlo, \u017ee to nen\u00ed pravda, proto\u017ee smlouva umo\u017e\u0148uje pozastaven\u00ed inspekce.\u00a0Washington byl prvn\u00ed, kdo za\u010dal rusk\u00fdm pozorovatel\u016fm zakazovat vykon\u00e1vat jejich pr\u00e1ci v USA, tvrdil.\u00a0Ministerstvo uvedlo, \u017ee to\u00a0<\/span><em><span>&#8222;vytvo\u0159ilo zjevn\u00e9 jednostrann\u00e9 v\u00fdhody&#8220;<\/span><\/em><span>\u00a0pro USA a vyvolalo reakci Moskvy.<\/span><\/p>\n<p><span>Smlouva z roku 2010 byla podeps\u00e1na v jin\u00e9m prost\u0159ed\u00ed a je zalo\u017eena na p\u0159edstav\u011b, \u017ee USA a Rusko jsou rovnocenn\u00fdmi partnery, kte\u0159\u00ed se sna\u017e\u00ed vybudovat d\u016fv\u011bru a zlep\u0161it glob\u00e1ln\u00ed bezpe\u010dnost prost\u0159ednictv\u00edm odzbrojen\u00ed, jak se odr\u00e1\u017e\u00ed v jej\u00edm textu, vysv\u011btlilo ministerstvo.\u00a0Ale nyn\u00ed, kdy\u017e Washington prohl\u00e1sil za sv\u016fj c\u00edl\u00a0<\/span><em><span>\u201estrategickou por\u00e1\u017eku\u201c<\/span><\/em><span>\u00a0Ruska a zv\u00fd\u0161il nap\u011bt\u00ed ve v\u0161ech aspektech bilater\u00e1ln\u00edch vztah\u016f,\u00a0podle prohl\u00e1\u0161en\u00ed nem\u016f\u017ee b\u00fdt s USA\u00a0<\/span><em><span>\u201eobchod jako obvykle\u201c .<\/span><\/em><\/p>\n<p><em><span>&#8222;Dokud Washington nezreviduje sv\u016fj nep\u0159\u00e1telsk\u00fd postoj v\u016f\u010di Rusku a neupust\u00ed od politiky zvy\u0161ov\u00e1n\u00ed hrozeb v\u016f\u010di na\u0161\u00ed n\u00e1rodn\u00ed bezpe\u010dnosti,&#8220;<\/span><\/em><span>\u00a0bude Moskva pova\u017eovat jak\u00e1koli navrhovan\u00e1 gesta dobr\u00e9 v\u016fle podle jadern\u00e9 smlouvy za\u00a0<\/span><em><span>&#8222;neopr\u00e1vn\u011bn\u00e1, p\u0159ed\u010dasn\u00e1 a nevy\u017e\u00e1dan\u00e1.&#8220;<\/span><\/em><\/p>\n<p><span>Rusk\u00e9 ministerstvo neup\u0159esnilo, na jak\u00e9\u00a0<\/span><em><span>\u201estrategick\u00e9 objekty jadern\u00fdch sil\u201c<\/span><\/em><span>\u00a0za\u00fato\u010dila ukrajinsk\u00e1 strana s pomoc\u00ed USA, co\u017e m\u011blo \u00fadajn\u011b zahrnovat\u00a0<\/span><em><span>\u201evojensko-technick\u00e9 a informa\u010dn\u011b-zpravodajsk\u00e9\u201c<\/span><\/em><span>\u00a0aspekty.<\/span><\/p>\n<p><span>Rusk\u00e9 ministerstvo obrany ji\u017e d\u0159\u00edve obvinilo Ukrajinu ze dvou \u00fatok\u016f na leteckou z\u00e1kladnu Engels v Saratovsk\u00e9 oblasti.\u00a0Ob\u011b se staly v prosinci a \u00fadajn\u011b se jednalo o sov\u011btsk\u00e9 bezpilotn\u00ed letouny dlouh\u00e9ho doletu.\u00a0Prvn\u00ed incident se shodoval s podobn\u00fdm \u00fatokem na leti\u0161t\u011b Dyagilevo v Rjaza\u0148sk\u00e9 oblasti.<\/span><\/p>\n<p><span>Ob\u011b rusk\u00e1 leti\u0161t\u011b host\u00ed strategick\u00e9 bombardovac\u00ed letouny, kter\u00e9 mohou krom\u011b konven\u010dn\u00edch raket odpalovan\u00fdch ze vzduchu n\u00e9st a rozmis\u0165ovat jadern\u00e9 zbran\u011b.<\/span><\/p>\n<p><img decoding=\"async\" loading=\"lazy\" class=\"alignnone size-full wp-image-1185\" src=\"http:\/\/www.infokuryr.cz\/n\/wp-content\/uploads\/2021\/04\/kuryr-podpis.png\" alt=\"\" width=\"84\" height=\"24\" \/><\/p>\n<p>&nbsp;<\/p>\n<p><img decoding=\"async\" loading=\"lazy\" class=\"wp-image-19187 aligncenter\" src=\"http:\/\/www.infokuryr.cz\/n\/wp-content\/uploads\/2022\/12\/1-PRO-300x36.jpg\" alt=\"\" width=\"1142\" height=\"137\" srcset=\"https:\/\/www.infokuryr.cz\/n\/wp-content\/uploads\/2022\/12\/1-PRO-300x36.jpg 300w, https:\/\/www.infokuryr.cz\/n\/wp-content\/uploads\/2022\/12\/1-PRO.jpg 699w\" sizes=\"(max-width: 1142px) 100vw, 1142px\" \/><\/p>\n<p>&nbsp;<\/p>\n","protected":false},"excerpt":{"rendered":"<p>Washington se sna\u017e\u00ed o odstra\u0161uj\u00edc\u00ed v\u00fdhodu nad Ruskem, co\u017e by mohlo zp\u016fsobit p\u0159\u00edmou v\u00e1lku, varovala&#8230;<\/p>\n","protected":false},"author":2,"featured_media":22538,"comment_status":"closed","ping_status":"closed","sticky":false,"template":"","format":"standard","meta":[],"categories":[7],"tags":[220,22,37,1402],"_links":{"self":[{"href":"https:\/\/www.infokuryr.cz\/n\/wp-json\/wp\/v2\/posts\/22537"}],"collection":[{"href":"https:\/\/www.infokuryr.cz\/n\/wp-json\/wp\/v2\/posts"}],"about":[{"href":"https:\/\/www.infokuryr.cz\/n\/wp-json\/wp\/v2\/types\/post"}],"author":[{"embeddable":true,"href":"https:\/\/www.infokuryr.cz\/n\/wp-json\/wp\/v2\/users\/2"}],"replies":[{"embeddable":true,"href":"https:\/\/www.infokuryr.cz\/n\/wp-json\/wp\/v2\/comments?post=22537"}],"version-history":[{"count":1,"href":"https:\/\/www.infokuryr.cz\/n\/wp-json\/wp\/v2\/posts\/22537\/revisions"}],"predecessor-version":[{"id":22539,"href":"https:\/\/www.infokuryr.cz\/n\/wp-json\/wp\/v2\/posts\/22537\/revisions\/22539"}],"wp:featuredmedia":[{"embeddable":true,"href":"https:\/\/www.infokuryr.cz\/n\/wp-json\/wp\/v2\/media\/22538"}],"wp:attachment":[{"href":"https:\/\/www.infokuryr.cz\/n\/wp-json\/wp\/v2\/media?parent=22537"}],"wp:term":[{"taxonomy":"category","embeddable":true,"href":"https:\/\/www.infokuryr.cz\/n\/wp-json\/wp\/v2\/categories?post=22537"},{"taxonomy":"post_tag","embeddable":true,"href":"https:\/\/www.infokuryr.cz\/n\/wp-json\/wp\/v2\/tags?post=22537"}],"curies":[{"name":"wp","href":"https:\/\/api.w.org\/{rel}","templated":true}]}}