{"id":22533,"date":"2023-02-09T01:07:36","date_gmt":"2023-02-09T00:07:36","guid":{"rendered":"http:\/\/www.infokuryr.cz\/n\/?p=22533"},"modified":"2023-02-08T17:59:34","modified_gmt":"2023-02-08T16:59:34","slug":"pod-plynovody-nord-stream-polozili-miny-americti-potapeci-sdelil-americky-novinar","status":"publish","type":"post","link":"https:\/\/www.infokuryr.cz\/n\/2023\/02\/09\/pod-plynovody-nord-stream-polozili-miny-americti-potapeci-sdelil-americky-novinar\/","title":{"rendered":"Pod plynovody Nord Stream polo\u017eili miny ameri\u010dt\u00ed pot\u00e1p\u011b\u010di, sd\u011blil americk\u00fd novin\u00e1\u0159"},"content":{"rendered":"<div id=\"fb-root\"><\/div>\n<p><strong>B\u011bhem cvi\u010den\u00ed NATO Baltops v l\u00e9t\u011b 2022 ameri\u010dt\u00ed pot\u00e1p\u011b\u010di instalovali pod Nord Stream v\u00fdbu\u0161niny, kter\u00e9 o t\u0159i m\u011bs\u00edce pozd\u011bji aktivovali Norov\u00e9, napsal americk\u00fd novin\u00e1\u0159 Seymour Hersh.<\/strong><\/p>\n<p>\u201eLoni v l\u00e9t\u011b pot\u00e1p\u011b\u010di vojensk\u00e9ho n\u00e1mo\u0159nictva, operuj\u00edc\u00ed pod z\u00e1st\u011brkou cvi\u010den\u00ed NATO, zn\u00e1m\u00e9ho jako Baltops 22, nastra\u017eili d\u00e1lkov\u011b aktivovan\u00e1 v\u00fdbu\u0161n\u00e1 za\u0159\u00edzen\u00ed, kter\u00e1 o t\u0159i m\u011bs\u00edce pozd\u011bji zni\u010dila t\u0159i ze \u010dty\u0159 plynovod\u016f Nord Stream,\u201c p\u00ed\u0161e na sv\u00e9m webu Hersh, laure\u00e1t Pulitzerovy ceny s odkazem na informovan\u00fd zdroj.<\/p>\n<p>Uv\u00e1d\u00ed se, \u017ee 26. z\u00e1\u0159\u00ed letadlo norsk\u00e9ho vojensk\u00e9ho n\u00e1mo\u0159nictva shodilo sonarovou b\u00f3ji, s jej\u00ed\u017e pomoc\u00ed byla aktivov\u00e1na v\u00fdbu\u0161n\u00e1 za\u0159\u00edzen\u00ed.<\/p>\n<p>Jak uvedl novin\u00e1\u0159, americk\u00fd prezident Joe Biden se rozhodl pro diverzi na Nord Stream po dev\u00edti m\u011bs\u00edc\u00edch vysoce tajn\u00fdch diskus\u00ed v r\u00e1mci washingtonsk\u00e9 n\u00e1rodn\u00ed bezpe\u010dnostn\u00ed komunity.<\/p>\n<p>\u201eB\u011bhem diskus\u00ed bylo hlavn\u00ed ot\u00e1zkou, jak nezanechat d\u016fkazy,\u201c \u0159ekl.<\/p>\n<p>Mluv\u010d\u00ed B\u00edl\u00e9ho domu Adrienne Watsonov\u00e1 na \u017e\u00e1dost o koment\u00e1\u0159 \u0159ekla, \u017ee \u201eje to le\u017e a naprost\u00fd v\u00fdmysl\u201c. Tammy Thorpeov\u00e1, mluv\u010d\u00ed \u00dast\u0159edn\u00ed zpravodajsk\u00e9 slu\u017eby, odpov\u011bd\u011bla v podstat\u011b ve stejn\u00e9m duchu, up\u0159esnil Hersh.<\/p>\n<p>Dodal tak\u00e9, \u017ee na organizov\u00e1n\u00ed diverze se pod\u00edlel i poradce pro n\u00e1rodn\u00ed bezpe\u010dnost Jake Sullivan.<\/p>\n<p>Americk\u00e9 n\u00e1mo\u0159nictvo nav\u00edc nab\u00eddlo svou ponorku k \u00fatoku na Nord Stream a letectvo bomby odpalovan\u00e9 na d\u00e1lku, zd\u016fraznil novin\u00e1\u0159.<\/p>\n<p>Nord Stream je exportn\u00ed plynovod z Ruska do Evropy p\u0159es Baltsk\u00e9 mo\u0159e. P\u0159\u00edmo spojuje nejv\u011bt\u0161\u00ed rusk\u00e1 nalezi\u0161t\u011b zemn\u00edho plynu s evropsk\u00fdmi spot\u0159ebiteli a obch\u00e1z\u00ed tranzitn\u00ed st\u00e1ty.<\/p>\n<p>Od konce srpna lo\u0148sk\u00e9ho roku byly zastaveny dod\u00e1vky plynu p\u0159es Nord Stream. Gazprom to vysv\u011btlil zji\u0161t\u011bn\u00fdmi poruchami na jedin\u00e9 funk\u010dn\u00ed \u010derpac\u00ed jednotce kompresorov\u00e9 stanice Portovaja.<\/p>\n<p>Koncem z\u00e1\u0159\u00ed zah\u0159m\u011bly exploze na dvou plynovodech Nord Stream sou\u010dasn\u011b. Provozovatel Nord Stream AG ozn\u00e1mil, \u017ee mimo\u0159\u00e1dn\u00e1 situace na potrub\u00ed je bezprecedentn\u00ed a nelze odhadnout dobu opravy. Vladimir Putin ozna\u010dil ud\u00e1lost za zjevn\u00fd teroristick\u00fd \u00fatok.<\/p>\n<p>Ve sv\u011btle t\u011bchto informac\u00ed jde ji\u017e nejen o teroristick\u00fd akt ze strany USA a Norska, ale p\u0159\u00edmo o v\u00e1le\u010dn\u00fd akt. Rusko bude te\u010f zva\u017eovat reciprocitn\u00ed opat\u0159en\u00ed.<\/p>\n<p><img decoding=\"async\" loading=\"lazy\" class=\"alignnone size-full wp-image-1185\" src=\"http:\/\/www.infokuryr.cz\/n\/wp-content\/uploads\/2021\/04\/kuryr-podpis.png\" alt=\"\" width=\"84\" height=\"24\" \/><\/p>\n<p>&nbsp;<\/p>\n<p><img decoding=\"async\" loading=\"lazy\" class=\"wp-image-19187 aligncenter\" src=\"http:\/\/www.infokuryr.cz\/n\/wp-content\/uploads\/2022\/12\/1-PRO-300x36.jpg\" alt=\"\" width=\"1158\" height=\"139\" srcset=\"https:\/\/www.infokuryr.cz\/n\/wp-content\/uploads\/2022\/12\/1-PRO-300x36.jpg 300w, https:\/\/www.infokuryr.cz\/n\/wp-content\/uploads\/2022\/12\/1-PRO.jpg 699w\" sizes=\"(max-width: 1158px) 100vw, 1158px\" \/><\/p>\n<p>&nbsp;<\/p>\n","protected":false},"excerpt":{"rendered":"<p>B\u011bhem cvi\u010den\u00ed NATO Baltops v l\u00e9t\u011b 2022 ameri\u010dt\u00ed pot\u00e1p\u011b\u010di instalovali pod Nord Stream v\u00fdbu\u0161niny, kter\u00e9&#8230;<\/p>\n","protected":false},"author":2,"featured_media":15867,"comment_status":"closed","ping_status":"closed","sticky":false,"template":"","format":"standard","meta":[],"categories":[7],"tags":[898,415,4400,82],"_links":{"self":[{"href":"https:\/\/www.infokuryr.cz\/n\/wp-json\/wp\/v2\/posts\/22533"}],"collection":[{"href":"https:\/\/www.infokuryr.cz\/n\/wp-json\/wp\/v2\/posts"}],"about":[{"href":"https:\/\/www.infokuryr.cz\/n\/wp-json\/wp\/v2\/types\/post"}],"author":[{"embeddable":true,"href":"https:\/\/www.infokuryr.cz\/n\/wp-json\/wp\/v2\/users\/2"}],"replies":[{"embeddable":true,"href":"https:\/\/www.infokuryr.cz\/n\/wp-json\/wp\/v2\/comments?post=22533"}],"version-history":[{"count":1,"href":"https:\/\/www.infokuryr.cz\/n\/wp-json\/wp\/v2\/posts\/22533\/revisions"}],"predecessor-version":[{"id":22542,"href":"https:\/\/www.infokuryr.cz\/n\/wp-json\/wp\/v2\/posts\/22533\/revisions\/22542"}],"wp:featuredmedia":[{"embeddable":true,"href":"https:\/\/www.infokuryr.cz\/n\/wp-json\/wp\/v2\/media\/15867"}],"wp:attachment":[{"href":"https:\/\/www.infokuryr.cz\/n\/wp-json\/wp\/v2\/media?parent=22533"}],"wp:term":[{"taxonomy":"category","embeddable":true,"href":"https:\/\/www.infokuryr.cz\/n\/wp-json\/wp\/v2\/categories?post=22533"},{"taxonomy":"post_tag","embeddable":true,"href":"https:\/\/www.infokuryr.cz\/n\/wp-json\/wp\/v2\/tags?post=22533"}],"curies":[{"name":"wp","href":"https:\/\/api.w.org\/{rel}","templated":true}]}}