{"id":22531,"date":"2023-02-09T01:06:59","date_gmt":"2023-02-09T00:06:59","guid":{"rendered":"http:\/\/www.infokuryr.cz\/n\/?p=22531"},"modified":"2023-02-08T17:14:40","modified_gmt":"2023-02-08T16:14:40","slug":"kyjevsky-rezim-brzy-u-konce-s-dechem-nasilna-mobilizace-vyvolava-v-zemi-odpor","status":"publish","type":"post","link":"https:\/\/www.infokuryr.cz\/n\/2023\/02\/09\/kyjevsky-rezim-brzy-u-konce-s-dechem-nasilna-mobilizace-vyvolava-v-zemi-odpor\/","title":{"rendered":"Kyjevsk\u00fd re\u017eim brzy u konce s dechem: N\u00e1siln\u00e1 mobilizace vyvol\u00e1v\u00e1 v zemi odpor"},"content":{"rendered":"<div id=\"fb-root\"><\/div>\n<div id=\"ArticleTop\">\n<h2>Banderovci u\u017e sahaj\u00ed k ohavn\u00fdm chemick\u00fdm zbran\u00edm. Dovezeno i od n\u00e1s? Bachmut obkl\u00ed\u010den. Objev\u00ed se \u0161pinav\u00e1 bomba? USA a Brit\u00e1nie zasely v\u00edtr&#8230;<\/h2>\n<p class=\"clkPerex\"><strong><a class=\"clkAutor\" href=\"https:\/\/protiproud.info\/autor\/vaclav-danda.htm\">V\u00c1CLAV DANDA<\/a> p\u0159in\u00e1\u0161\u00ed informace z ukrajinsk\u00e9 fronty, kde Kyjevu doch\u00e1zej\u00ed voj\u00e1ci, a tak se mus\u00ed uchylovat nejen k n\u00e1siln\u00fdm odvod\u016fm dosud h\u00fd\u010dkan\u00e9 st\u0159edn\u00ed t\u0159\u00eddy, ale tak\u00e9 k pou\u017e\u00edv\u00e1n\u00ed chemick\u00fdch zbran\u00ed<\/strong><\/p>\n<\/div>\n<div id=\"Article\">\n<p>Kyjevsk\u00fd re\u017eim vynalo\u017eila mnoho \u00fasil\u00ed na to, aby Moskv\u011b vnutil styl v\u00e1lky, kter\u00fd ji m\u011bl vy\u010derpat. S\u00e1zka na vy\u010derp\u00e1n\u00ed ale nevy\u0161la. Kyjev vych\u00e1zel z my\u0161lenky vnit\u0159n\u00ed slabosti rusk\u00e9 spole\u010dnosti, kter\u00e1 dlouhotrvaj\u00edc\u00ed konflikt nevydr\u017e\u00ed.<\/p>\n<h2>Mobilizace n\u00e1sil\u00edm<\/h2>\n<p>Obsedantn\u00ed p\u0159edstava o Rusku jako o \u201erusk\u00e9 hord\u011b\u201c se autor\u016fm v dob\u011b pl\u00e1nov\u00e1n\u00ed bojov\u00fdch akc\u00ed krut\u011b vymstila. Je tak\u00e9 zaj\u00edmav\u00e9, \u017ee s vysokou m\u00edrou pravd\u011bpodobnosti je my\u0161lenka takov\u00e9 v\u00e1lky ukrajinsk\u00e1, nikoli z\u00e1padn\u00ed. Alespo\u0148 na z\u00e1klad\u011b otev\u0159en\u00fdch zdroj\u016f to z\u00e1padn\u00ed koloni\u00e1ln\u00ed n\u00e1\u010deln\u00edci necht\u011bli.<\/p>\n<p>Ale jak posoudit m\u00edru v\u00fddr\u017ee samotn\u00e9 Ukrajiny, nakolik bl\u00edzko je jej\u00ed vlastn\u00ed vy\u010derp\u00e1n\u00ed? Jeliko\u017e statistiky jsou tajen\u00e9 a na Ukrajin\u011b neexistuje \u017e\u00e1dn\u00e1 rozumn\u00e1 sociologie, zb\u00fdv\u00e1 pou\u017e\u00edt ur\u010dit\u00e9 zjevn\u00e9 n\u00e1znaky.<\/p>\n<p><iframe loading=\"lazy\" src=\"https:\/\/www.youtube.com\/embed\/vaefuICT_vk\" width=\"546\" height=\"410\" data-mce-fragment=\"1\"><\/iframe><\/p>\n<p>Na Ukrajin\u011b\u00a0<a href=\"https:\/\/www.youtube.com\/shorts\/Fv6OU6xXW4s\">prob\u00edh\u00e1\u00a0<\/a>dal\u0161\u00ed\u00a0<a href=\"https:\/\/www.youtube.com\/shorts\/8hnf9t91Bnk\">velmi tvrd\u00e1 vlna mobilizace<\/a>. Tentokr\u00e1t jsou povol\u00e1v\u00e1ni i ti, kter\u00fdm se poda\u0159ilo uprchnout do zahrani\u010d\u00ed, tedy miliony lid\u00ed, kte\u0159\u00ed pracuj\u00ed v\u00a0z\u00e1padn\u00ed a st\u0159edn\u00ed Evrop\u011b. Nav\u00edc, povol\u00e1vac\u00ed rozkazy p\u0159ich\u00e1zej\u00ed u\u017e i p\u0159edstavitel\u016fm st\u0159edn\u00ed t\u0159\u00eddy. To znamen\u00e1, \u017ee pod mobilizaci spad\u00e1 \u201eposv\u00e1tn\u00e1 kr\u00e1va\u201c ukrajinsk\u00e9ho Majdanu \u2013 takzvan\u00fd zaji\u0161t\u011bn\u00fd ob\u010dan. Ten, kter\u00fd sv\u00fdm postojem legalizoval nacistick\u00e9 boj\u016fvky na Majdanu. Ten, kter\u00fd \u0159\u00edkal, jak se mu dob\u0159e \u017eije na z\u00e1padn\u00ed Ukrajin\u011b &#8211; na rozd\u00edl od Donbasu.<\/p>\n<h2>Vy\u010derp\u00e1n\u00ed<\/h2>\n<p>Ten, kter\u00fd nebyl povol\u00e1n za cel\u00fdch 9 let a poslu\u0161n\u011b p\u0159itak\u00e1v\u00e1, \u017ee \u017e\u00e1dn\u00e9 nacisty nikdy nevid\u011bl. Jsou to ti sam\u00ed lid\u00e9, kter\u00e9 kdy\u017e bylo pot\u0159eba p\u0159ivedli p\u0159ed kamery z\u00e1padn\u00edch televiz\u00ed, aby jejich prost\u0159ednictv\u00edm uk\u00e1zaly p\u0159\u00edv\u011btivou tv\u00e1\u0159 pop\u0159evratov\u00e9 Ukrajiny. Toto je pro sou\u010dasnou moc velmi d\u016fle\u017eit\u00e1 t\u0159\u00edda lid\u00ed. Tak d\u016fle\u017eit\u00e1, \u017ee i pouli\u010dn\u00ed nacisti\u010dt\u00ed pogromist\u00e9 rozb\u00edjeli jen podniky v d\u011blnick\u00fdch \u010dtvrt\u00edch. Net\u00fdkalo se to, elitn\u00edch drogov\u00fdch doupat a gay klub\u016f\u2026 Povol\u00e1vali by je, kdyby m\u011bli alternativu? Jasn\u011b, \u017ee ne.<\/p>\n<p>To je nejd\u016fle\u017eit\u011bj\u0161\u00ed indik\u00e1tor, \u017ee Ukrajina se bl\u00ed\u017e\u00ed k vy\u010derp\u00e1n\u00ed nepostradateln\u00e9ho zdroje \u2013\u00a0<a href=\"https:\/\/sk.news-front.info\/2023\/02\/06\/ukrajina-je-blizko-vycerpania-nenahraditelneho-zdroja-zivej-sily\/\">\u017eiv\u00e9 s\u00edly<\/a>. Existuje mnoho dal\u0161\u00edch indici\u00ed, kter\u00e9 jsou patrn\u00e9 v ur\u010dit\u00fdch \u00fasec\u00edch fronty. Ale tenhle je nejd\u016fle\u017eit\u011bj\u0161\u00ed. Jakmile za\u010dnou lovit kyjevsk\u00e9 mana\u017eery na st\u0159edn\u00ed \u00farovni, znamen\u00e1 to, \u017ee krize vylidn\u011bn\u00e9 arm\u00e1dy je opravdu bl\u00edzko.<\/p>\n<p>Signalizuje to tak\u00e9 vynucen\u00e9 odm\u00edtnut\u00ed brann\u00e9 povinnosti z\u00e1padoukrajinsk\u00fdch n\u00e1rodnostn\u00edch men\u0161in, nap\u0159\u00edklad Ma\u010far\u016f, a roz\u0161\u00ed\u0159en\u00ed brann\u00fdch seznam\u016f v Kyjev\u011b a na v\u00fdchod\u011b zem\u011b. Dal\u0161\u00ed r\u00e1na pro st\u0159edn\u00ed vrstvu.<\/p>\n<p>Prohr\u00e1vaj\u00edc\u00ed kyjevsk\u00e1 junta proto ve st\u00e1le v\u011bt\u0161\u00ed m\u00ed\u0159e sah\u00e1 ke\u00a0\u0161pinav\u00fdm metod\u00e1m &#8211; p\u0159edev\u0161\u00edm k pou\u017eit\u00ed chemick\u00fdch zbran\u00ed.<\/p>\n<h2>Jedy z dron\u016f<\/h2>\n<p>Podle \u0161\u00e9fa Don\u011bck\u00e9 lidov\u00e9 republiky Denise Pu\u0161ilina pou\u017eily ji\u017e n\u011bkolikr\u00e1t ukrajinsk\u00e9 s\u00edly chemick\u00e9 zbran\u011b na frontov\u00e9 linii v Donbasu v oblasti Bachmutu (kter\u00fd je dnes zcela obkl\u00ed\u010den) a Ugledaru: \u201ePodle prohl\u00e1\u0161en\u00ed na\u0161ich jednotek a velitel\u016f, kte\u0159\u00ed s takov\u00fdmi informacemi p\u0159i\u0161li, existuj\u00ed d\u016fkazy o pou\u017eit\u00ed chemick\u00fdch l\u00e1tek na na\u0161e voj\u00e1ky. A to nejen na ar\u0165omovsk\u00e9m (bachmutsk\u00e9m), ale i na ugledarsk\u00e9m sm\u011bru.\u201c<\/p>\n<p>Pu\u0161ilin takov\u00e9 zpr\u00e1vy dost\u00e1v\u00e1 ji\u017e p\u0159ibli\u017en\u011b t\u0159i t\u00fddny. \u201eZ bezpilotn\u00edch letoun\u016f shazuj\u00ed chemick\u00e9 zbran\u011b na m\u00edsta, kde se nach\u00e1zej\u00ed na\u0161e jednotky,\u201c potvrdil \u0161\u00e9f DLR. Ji\u017e d\u0159\u00edve Pu\u0161ilin\u016fv poradce Jan Gagin uvedl, \u017ee ukrajinsk\u00e1 strana pou\u017e\u00edv\u00e1 chemik\u00e1lie, kter\u00e9 zp\u016fsobuj\u00ed ob\u011btem akutn\u00ed z\u00e1vrat\u011b, nevolnost a zvracen\u00ed.<\/p>\n<h2>Made in \u010cesk\u00e1 republika?<\/h2>\n<p>Gagin potvrdil, \u017ee Ukrajinsk\u00e1 strana ji\u017e n\u011bjakou dobu nasazuje chemick\u00e9 zbran\u011b, p\u0159i\u010dem\u017e \u00fatoky prob\u00edhaj\u00ed \u201epod\u00e9l cel\u00e9 frontov\u00e9 linie. Chemik\u00e1lie jsou \u201erozpra\u0161ov\u00e1ny ze speci\u00e1ln\u00edch n\u00e1dob p\u0159ipevn\u011bn\u00fdch na dronech.\u201c<\/p>\n<p>Ukrajinsk\u00e1 arm\u00e1da se na soci\u00e1ln\u00edch s\u00edt\u00edch otev\u0159en\u011b chlubila vlastnictv\u00edm t\u011bchto neleg\u00e1ln\u00edch zbran\u00ed a zve\u0159ej\u0148ovala z\u00e1b\u011bry speci\u00e1ln\u011b zkonstruovan\u00fdch dron\u016f a dovezen\u00fdch plynov\u00fdch gran\u00e1t\u016f.<\/p>\n<p>Gagin \u017e\u00e1d\u00e1, aby informace o pou\u017e\u00edv\u00e1n\u00ed neleg\u00e1ln\u00edch chemick\u00fdch zbran\u00ed byly hl\u00e1\u0161eny OSN. Ji\u017e loni na ja\u0159e rusk\u00e9 a donbask\u00e9 zdroje informovaly o ukrajinsk\u00fdch pl\u00e1nech na pou\u017eit\u00ed chemick\u00fdch zbran\u00ed. V lo\u0148sk\u00e9m roce rusk\u00e1 arm\u00e1da uk\u00e1zala drony DJI Agras T30 nalezen\u00e9 v Mariupolu a tak\u00e9 cemick\u00e9 ochrann\u00e9 prost\u0159edky,\u00a0 kter\u00e9 Kyjevu s ostatn\u00ed vojenskou pomoc\u00ed dodalo N\u011bmecko a \u010cesk\u00e1 republika. Drony DJI jsou p\u016fvodn\u011b ur\u010deny pro pou\u017eit\u00ed v zem\u011bd\u011blstv\u00ed: maj\u00ed post\u0159ikovac\u00ed za\u0159\u00edzen\u00ed, palubn\u00ed kamery a naviga\u010dn\u00ed syst\u00e9my.<\/p>\n<p>Krom\u011b obav z pou\u017eit\u00ed chemick\u00fdch zbran\u00ed proti rusk\u00fdm voj\u00e1k\u016fm zn\u00ed z Moskvy obavy, \u017ee Ukrajina tyto zbran\u011b pou\u017eije p\u0159i provokac\u00edch na d\u016fle\u017eitou infrastrukturu a civiln\u00ed obyvatelstvo s c\u00edlem obvinit Rusko z v\u00e1le\u010dn\u00fdch zlo\u010din\u016f. Klasick\u00e9 &#8222;zlod\u011bj k\u0159i\u010d\u00ed chy\u0165te zlod\u011bje&#8220; pou\u017e\u00edv\u00e1 z\u00e1padn\u00ed propaganda po celou dobu &#8211; a vlastn\u011b ve v\u011bt\u0161in\u011b konflikt\u016f, kter\u00e9 Z\u00e1pad, p\u0159edev\u0161\u00edm USA, vyvolaly.<\/p>\n<h2>Zelensk\u00e9ho \u0161pinav\u00e1 bomba<\/h2>\n<p>Vedle chemick\u00fdch zbran\u00ed Rusko od po\u010d\u00e1tku Speci\u00e1ln\u00ed operace informuje ve\u0159ejnost a mezin\u00e1rodn\u00ed spole\u010denstv\u00ed o rozs\u00e1hl\u00e9m v\u00fdzkumu patogen\u016f a projektech biologick\u00fdch zbran\u00ed na Ukrajin\u011b, kter\u00e9 jsou financov\u00e1ny a kontrolov\u00e1ny ze Spoejn\u00fdch st\u00e1t\u016f.<a href=\"https:\/\/protiproud.info\/politika\/6954-americti-jestrabi-tlaci-svet-do-3-svetove-valky-dalsich-100-miliard-kyjevu-hlavni-media-uz-pripravuji-americany-jaderny-utok-na-usa-netreba-se-bat-staci-sejit-do-sklepa-a-schovat-hlavu-z-blazince-rovnou-do-vlady-ci-do-medii.htm\" target=\"_blank\" rel=\"noopener\">.<\/a><\/p>\n<p>Z\u00e1pad proto t\u00edm hlasit\u011bji obvi\u0148uje rusk\u00e9ho prezidenta Vladimira Putina z vyost\u0159ov\u00e1n\u00ed v\u00e1lky a tvrd\u00ed, \u017ee Rusko je p\u0159ipraveno pou\u017e\u00edt na Ukrajin\u011b jadern\u00e9 zbran\u011b.<\/p>\n<p>Rusko v\u0161ak n\u011bkolikr\u00e1t zopakovalo, \u017ee jeho politika jadern\u00e9ho odstra\u0161ov\u00e1n\u00ed vych\u00e1z\u00ed z nep\u0159\u00edpustnosti jadern\u00e9 v\u00e1lky, proto\u017ee v takov\u00e9m konfliktu by nemohlo b\u00fdt v\u00edt\u011bz\u016f. Ostatn\u011b i Pentagon opakovan\u011b zd\u016fraznil, \u017ee Spojen\u00e9 st\u00e1ty nemaj\u00ed \u017e\u00e1dn\u00e9 indicie, \u017ee by Rusko hodlalo ve v\u00e1lce na Ukrajin\u011b pou\u017e\u00edt jadernou zbra\u0148.<\/p>\n<p>Americk\u00fd ministr obrany Lloyd Austin prohl\u00e1sil, \u017ee neexistuj\u00ed \u017e\u00e1dn\u00e9 d\u016fkazy, kter\u00e9 by nasv\u011bd\u010dovaly o opaku. Zato se ji\u017e n\u011bkolik m\u011bs\u00edc\u016f objevuj\u00ed zpr\u00e1vy, \u017ee Kyjev pracuje na p\u0159\u00edprav\u011b \u0161pinav\u00e9 bomby, aby pak obvinil Rusko z pou\u017eit\u00ed jadern\u00fdch zbran\u00ed.<\/p>\n<p>Prezident Zelenskyj se vyslovil jasn\u011b: NATO mus\u00ed prov\u00e9st preventivn\u00ed jadern\u00fd \u00fader proti Rusku, a ne \u010deakt na rusk\u00e9 jadern\u00e9 \u00fatoky. Rusk\u00fd prezident Vladimir Putin k tomu prohl\u00e1sil, \u017ee t\u011bm, kdo se pokou\u0161ej\u00ed vyd\u00edrat jeho zemi jadern\u00fdmi zbran\u011bmi, se to vymst\u00ed.<\/p>\n<p>Bachmut je obkl\u00ed\u010den, lov na Ukrajince, kte\u0159\u00ed u\u017e maj\u00ed v\u00e1lky Z\u00e1padu proti Rusku prost\u0159ednictv\u00edm Zelensk\u00e9ho dost, nab\u00fdv\u00e1 zcela \u0161\u00edlen\u00fdch podob. Jen\u017ee b\u00fdval\u00fd izraelsk\u00fd premi\u00e9r prozradil, \u017ee kdy\u017e vloni na ja\u0159e ji\u017e t\u00e9m\u011b\u0159 zprost\u0159edkoval ukon\u010den\u00ed boj\u016f mezi Moskvou a Kyjevem, Z\u00e1pad &#8211; p\u0159edev\u0161\u00edm USA a Brit\u00e1nie &#8211; do toho hodily vidle a p\u0159inutily Zelensk\u00e9ho pokra\u010dovat.<\/p>\n<p>Zasely v\u00edtr. Sklize\u0148 bou\u0159e je bl\u00edzko.<\/p>\n<p><a href=\"https:\/\/english.almayadeen.net\/news\/politics\/dpr-chief-warns-ukrainian-forces-use-drone-dropped-chemical\">Zdroj<\/a>.<\/p>\n<p>P\u0159evzato\u00a0<a href=\"https:\/\/protiproud.info\/politika\/6997-kyjevsky-rezim-brzy-u-konce-s-dechem-nasilna-mobilizace-vyvolava-v-zemi-odpor-banderovci-uz-sahaji-k-ohavnym-chemickym-zbranim-dovezeno-i-od-nas-bachmut-obklicen-objevi-se-spinava-bomba-usa-a-britanie-zasely-vitr.htm\">PROTIPROUD<\/a><\/p>\n<p><img decoding=\"async\" loading=\"lazy\" class=\"wp-image-19187 aligncenter\" src=\"http:\/\/www.infokuryr.cz\/n\/wp-content\/uploads\/2022\/12\/1-PRO-300x36.jpg\" alt=\"\" width=\"1150\" height=\"138\" srcset=\"https:\/\/www.infokuryr.cz\/n\/wp-content\/uploads\/2022\/12\/1-PRO-300x36.jpg 300w, https:\/\/www.infokuryr.cz\/n\/wp-content\/uploads\/2022\/12\/1-PRO.jpg 699w\" sizes=\"(max-width: 1150px) 100vw, 1150px\" \/><\/p>\n<p>&nbsp;<\/p>\n<\/div>\n","protected":false},"excerpt":{"rendered":"<p>Banderovci u\u017e sahaj\u00ed k ohavn\u00fdm chemick\u00fdm zbran\u00edm. Dovezeno i od n\u00e1s? Bachmut obkl\u00ed\u010den. Objev\u00ed se&#8230;<\/p>\n","protected":false},"author":2,"featured_media":22532,"comment_status":"closed","ping_status":"closed","sticky":false,"template":"","format":"standard","meta":[],"categories":[6],"tags":[29,371,1929,122,26],"_links":{"self":[{"href":"https:\/\/www.infokuryr.cz\/n\/wp-json\/wp\/v2\/posts\/22531"}],"collection":[{"href":"https:\/\/www.infokuryr.cz\/n\/wp-json\/wp\/v2\/posts"}],"about":[{"href":"https:\/\/www.infokuryr.cz\/n\/wp-json\/wp\/v2\/types\/post"}],"author":[{"embeddable":true,"href":"https:\/\/www.infokuryr.cz\/n\/wp-json\/wp\/v2\/users\/2"}],"replies":[{"embeddable":true,"href":"https:\/\/www.infokuryr.cz\/n\/wp-json\/wp\/v2\/comments?post=22531"}],"version-history":[{"count":0,"href":"https:\/\/www.infokuryr.cz\/n\/wp-json\/wp\/v2\/posts\/22531\/revisions"}],"wp:featuredmedia":[{"embeddable":true,"href":"https:\/\/www.infokuryr.cz\/n\/wp-json\/wp\/v2\/media\/22532"}],"wp:attachment":[{"href":"https:\/\/www.infokuryr.cz\/n\/wp-json\/wp\/v2\/media?parent=22531"}],"wp:term":[{"taxonomy":"category","embeddable":true,"href":"https:\/\/www.infokuryr.cz\/n\/wp-json\/wp\/v2\/categories?post=22531"},{"taxonomy":"post_tag","embeddable":true,"href":"https:\/\/www.infokuryr.cz\/n\/wp-json\/wp\/v2\/tags?post=22531"}],"curies":[{"name":"wp","href":"https:\/\/api.w.org\/{rel}","templated":true}]}}