{"id":22525,"date":"2023-02-09T01:05:58","date_gmt":"2023-02-09T00:05:58","guid":{"rendered":"http:\/\/www.infokuryr.cz\/n\/?p=22525"},"modified":"2023-02-08T16:58:01","modified_gmt":"2023-02-08T15:58:01","slug":"dalsi-palestinske-dite-zabite-izraelskou-armadou-strelou-do-hlavy","status":"publish","type":"post","link":"https:\/\/www.infokuryr.cz\/n\/2023\/02\/09\/dalsi-palestinske-dite-zabite-izraelskou-armadou-strelou-do-hlavy\/","title":{"rendered":"Dal\u0161\u00ed palestinsk\u00e9 d\u00edt\u011b zabit\u00e9 izraelskou arm\u00e1dou st\u0159elou do hlavy"},"content":{"rendered":"<div id=\"fb-root\"><\/div>\n<p><strong>Bylo mu 17 let. Izraelsk\u00e9 okupa\u010dn\u00ed s\u00edly v \u00fater\u00fd r\u00e1no ukon\u010dily jeho \u017eivot p\u0159i \u00fatoku na uprchlick\u00fd t\u00e1bor Ashqar v N\u00e1bulusu. M\u011bl jednu st\u0159elu do obli\u010deje a druhou do pasu.<\/strong><\/p>\n<p>Izraelsk\u00e9 okupa\u010dn\u00ed s\u00edly znovu za\u00fato\u010dily na uprchlick\u00fd t\u00e1bor Ashqar v bl\u00edzkosti N\u00e1bulusu na severn\u00edm Z\u00e1padn\u00edm b\u0159ehu Jord\u00e1nu.\u00a0Arm\u00e1da st\u0159\u00edlela bez rozd\u00edlu na domy, co\u017e zp\u016fsobilo smrt d\u00edt\u011bte a bl\u00ed\u017ee neur\u010den\u00fd po\u010det zran\u011bn\u00fdch.\u00a0T\u0159i Palestinci byli zadr\u017eeni okupa\u010dn\u00edmi silami.\u00a0Ze 42 Palestinc\u016f zabit\u00fdch Izraelem od za\u010d\u00e1tku roku 2023 je 9 d\u011bt\u00ed.<\/p>\n<p>Palestinsk\u00e9 ministerstvo zdravotnictv\u00ed uvedlo, \u017ee 17let\u00fd Hamza Amjad al-Ashqar \u201ezem\u0159el na kulku do obli\u010deje vyp\u00e1lenou okupa\u010dn\u00edmi voj\u00e1ky b\u011bhem \u00fatoku na N\u00e1bulus\u201c.<\/p>\n<figure class=\"wp-block-embed is-type-rich is-provider-twitter wp-block-embed-twitter\">\n<div class=\"wp-block-embed__wrapper\">\n<div class=\"twitter-tweet twitter-tweet-rendered\"><iframe id=\"twitter-widget-1\" class=\"\" title=\"Twitter Tweet\" src=\"https:\/\/platform.twitter.com\/embed\/Tweet.html?dnt=true&amp;embedId=twitter-widget-1&amp;features=eyJ0ZndfdGltZWxpbmVfbGlzdCI6eyJidWNrZXQiOltdLCJ2ZXJzaW9uIjpudWxsfSwidGZ3X2ZvbGxvd2VyX2NvdW50X3N1bnNldCI6eyJidWNrZXQiOnRydWUsInZlcnNpb24iOm51bGx9LCJ0ZndfdHdlZXRfZWRpdF9iYWNrZW5kIjp7ImJ1Y2tldCI6Im9uIiwidmVyc2lvbiI6bnVsbH0sInRmd19yZWZzcmNfc2Vzc2lvbiI6eyJidWNrZXQiOiJvbiIsInZlcnNpb24iOm51bGx9LCJ0Zndfc2hvd19idXNpbmVzc192ZXJpZmllZF9iYWRnZSI6eyJidWNrZXQiOiJvbiIsInZlcnNpb24iOm51bGx9LCJ0ZndfbWl4ZWRfbWVkaWFfMTU4OTciOnsiYnVja2V0IjoidHJlYXRtZW50IiwidmVyc2lvbiI6bnVsbH0sInRmd19leHBlcmltZW50c19jb29raWVfZXhwaXJhdGlvbiI6eyJidWNrZXQiOjEyMDk2MDAsInZlcnNpb24iOm51bGx9LCJ0ZndfZHVwbGljYXRlX3NjcmliZXNfdG9fc2V0dGluZ3MiOnsiYnVja2V0Ijoib24iLCJ2ZXJzaW9uIjpudWxsfSwidGZ3X3ZpZGVvX2hsc19keW5hbWljX21hbmlmZXN0c18xNTA4MiI6eyJidWNrZXQiOiJ0cnVlX2JpdHJhdGUiLCJ2ZXJzaW9uIjpudWxsfSwidGZ3X3Nob3dfYmx1ZV92ZXJpZmllZF9iYWRnZSI6eyJidWNrZXQiOiJvbiIsInZlcnNpb24iOm51bGx9LCJ0ZndfbGVnYWN5X3RpbWVsaW5lX3N1bnNldCI6eyJidWNrZXQiOnRydWUsInZlcnNpb24iOm51bGx9LCJ0Zndfc2hvd19nb3ZfdmVyaWZpZWRfYmFkZ2UiOnsiYnVja2V0Ijoib24iLCJ2ZXJzaW9uIjpudWxsfSwidGZ3X3Nob3dfYnVzaW5lc3NfYWZmaWxpYXRlX2JhZGdlIjp7ImJ1Y2tldCI6Im9uIiwidmVyc2lvbiI6bnVsbH0sInRmd190d2VldF9lZGl0X2Zyb250ZW5kIjp7ImJ1Y2tldCI6Im9uIiwidmVyc2lvbiI6bnVsbH19&amp;frame=false&amp;hideCard=false&amp;hideThread=false&amp;id=1622983007500894209&amp;lang=cs&amp;origin=https%3A%2F%2Fwww.mundoobrero.es%2F2023%2F02%2F08%2Fhamza-amjad-yousef-ashqar-otro-nino-palestino-asesinado-por-el-ejercito-israeli-de-un-tiro-en-la-cabeza%2F&amp;sessionId=94a6726638b323785bc78e7b3201dc98c0ed5a4f&amp;siteScreenName=mundoobrero&amp;theme=light&amp;widgetsVersion=aaf4084522e3a%3A1674595607486&amp;width=550px\" frameborder=\"0\" scrolling=\"no\" allowfullscreen=\"allowfullscreen\" data-tweet-id=\"1622983007500894209\" data-mce-fragment=\"1\"><\/iframe><\/div>\n<\/div>\n<\/figure>\n<p>Izraelsk\u00e1 arm\u00e1da tvrdila, \u017ee voj\u00e1ci \u201eodpov\u011bd\u011bli \u017eivou palbou proti ozbrojen\u00e9mu podez\u0159el\u00e9mu, kter\u00fd na n\u011b st\u0159\u00edlel\u201c.\u00a0&#8222;Byl identifikov\u00e1n c\u00edl,&#8220; uvedla arm\u00e1da v prohl\u00e1\u0161en\u00ed s t\u00edm, \u017ee &#8222;kameny, v\u00fdbu\u0161n\u00e1 za\u0159\u00edzen\u00ed a z\u00e1paln\u00e9 lahve byly vr\u017eeny na voj\u00e1ky&#8220;, kte\u0159\u00ed\u00a0 prov\u00e1d\u011bli represe. Na dotaz agentury Agence France Press (AFP) nedok\u00e1zal mluv\u010d\u00ed arm\u00e1dy up\u0159esnit, jakou zbran\u00ed d\u00edt\u011b, kter\u00e9 nazval \u201eozbrojen\u00fdm podez\u0159el\u00fdm\u201c, st\u0159\u00edlelo.<\/p>\n<p>Kdy\u017e izraelsk\u00e9 s\u00edly vniknou na palestinsk\u00e1 \u00fazem\u00ed v r\u00e1mci operac\u00ed kolektivn\u00edho trestu, st\u0159\u00edlej\u00ed bez rozd\u00edlu a nev\u00e1haj\u00ed zam\u00ed\u0159it na hlavu nebo hru\u010f teenager\u016f, kte\u0159\u00ed je vyjdou konfrontovat s kameny.<\/p>\n<p>Izraelsk\u00e9 s\u00edly zadr\u017eely v \u00fater\u00fd 27 Palestinc\u016f v r\u016fzn\u00fdch \u010d\u00e1stech okupovan\u00e9ho Z\u00e1padn\u00edho b\u0159ehu Jord\u00e1nu. Ve vesnici Burqin v okrese Jenin izraelsk\u00e9 s\u00edly zadr\u017eely 19 Palestinc\u016f, zat\u00edmco v uprchlick\u00e9m t\u00e1bo\u0159e Ashqar v N\u00e1bulusu zadr\u017eely izraelsk\u00e9 s\u00edly t\u0159i Palestince po n\u00e1jezdech a rabov\u00e1n\u00ed jejich domov\u016f.\u00a0V uprchlick\u00e9m t\u00e1bo\u0159e Qalandia v Jeruzal\u00e9m\u011b byli zadr\u017eeni t\u0159i Palestinci, zat\u00edmco v Qalqilya byli zadr\u017eeni dva pot\u00e9, co vyplenili jejich domovy.<\/p>\n<p><strong>Pt\u00e1me se? Kdy uval\u00ed \u010cesk\u00e1 republika, pota\u017emo EU sankce na Izrael?<\/strong><\/p>\n<p><img decoding=\"async\" loading=\"lazy\" class=\"alignnone size-full wp-image-1185\" src=\"http:\/\/www.infokuryr.cz\/n\/wp-content\/uploads\/2021\/04\/kuryr-podpis.png\" alt=\"\" width=\"84\" height=\"24\" \/><\/p>\n<p>&nbsp;<\/p>\n<p><img decoding=\"async\" loading=\"lazy\" class=\"wp-image-19187 aligncenter\" src=\"http:\/\/www.infokuryr.cz\/n\/wp-content\/uploads\/2022\/12\/1-PRO-300x36.jpg\" alt=\"\" width=\"1150\" height=\"138\" srcset=\"https:\/\/www.infokuryr.cz\/n\/wp-content\/uploads\/2022\/12\/1-PRO-300x36.jpg 300w, https:\/\/www.infokuryr.cz\/n\/wp-content\/uploads\/2022\/12\/1-PRO.jpg 699w\" sizes=\"(max-width: 1150px) 100vw, 1150px\" \/><\/p>\n<p>&nbsp;<\/p>\n","protected":false},"excerpt":{"rendered":"<p>Bylo mu 17 let. Izraelsk\u00e9 okupa\u010dn\u00ed s\u00edly v \u00fater\u00fd r\u00e1no ukon\u010dily jeho \u017eivot p\u0159i \u00fatoku&#8230;<\/p>\n","protected":false},"author":2,"featured_media":22526,"comment_status":"closed","ping_status":"closed","sticky":false,"template":"","format":"standard","meta":[],"categories":[7],"tags":[80,245,107,239,1205],"_links":{"self":[{"href":"https:\/\/www.infokuryr.cz\/n\/wp-json\/wp\/v2\/posts\/22525"}],"collection":[{"href":"https:\/\/www.infokuryr.cz\/n\/wp-json\/wp\/v2\/posts"}],"about":[{"href":"https:\/\/www.infokuryr.cz\/n\/wp-json\/wp\/v2\/types\/post"}],"author":[{"embeddable":true,"href":"https:\/\/www.infokuryr.cz\/n\/wp-json\/wp\/v2\/users\/2"}],"replies":[{"embeddable":true,"href":"https:\/\/www.infokuryr.cz\/n\/wp-json\/wp\/v2\/comments?post=22525"}],"version-history":[{"count":1,"href":"https:\/\/www.infokuryr.cz\/n\/wp-json\/wp\/v2\/posts\/22525\/revisions"}],"predecessor-version":[{"id":22527,"href":"https:\/\/www.infokuryr.cz\/n\/wp-json\/wp\/v2\/posts\/22525\/revisions\/22527"}],"wp:featuredmedia":[{"embeddable":true,"href":"https:\/\/www.infokuryr.cz\/n\/wp-json\/wp\/v2\/media\/22526"}],"wp:attachment":[{"href":"https:\/\/www.infokuryr.cz\/n\/wp-json\/wp\/v2\/media?parent=22525"}],"wp:term":[{"taxonomy":"category","embeddable":true,"href":"https:\/\/www.infokuryr.cz\/n\/wp-json\/wp\/v2\/categories?post=22525"},{"taxonomy":"post_tag","embeddable":true,"href":"https:\/\/www.infokuryr.cz\/n\/wp-json\/wp\/v2\/tags?post=22525"}],"curies":[{"name":"wp","href":"https:\/\/api.w.org\/{rel}","templated":true}]}}