{"id":22521,"date":"2023-02-09T01:02:22","date_gmt":"2023-02-09T00:02:22","guid":{"rendered":"http:\/\/www.infokuryr.cz\/n\/?p=22521"},"modified":"2023-02-08T16:20:19","modified_gmt":"2023-02-08T15:20:19","slug":"wef-tvrdi-ze-clovek-jiz-neni-suverenni","status":"publish","type":"post","link":"https:\/\/www.infokuryr.cz\/n\/2023\/02\/09\/wef-tvrdi-ze-clovek-jiz-neni-suverenni\/","title":{"rendered":"WEF tvrd\u00ed, \u017ee \u010dlov\u011bk ji\u017e nen\u00ed suver\u00e9nn\u00ed"},"content":{"rendered":"<div id=\"fb-root\"><\/div>\n<p id=\"viewer-b30ti\"><strong>Sv\u011btov\u00e9 ekonomick\u00e9 f\u00f3rum ned\u00e1vno spustilo novou kontroverzn\u00ed iniciativu, kter\u00e1 by m\u011bla p\u0159iv\u00e9st cel\u00e9 lidstvo do \u0161\u00edlenstv\u00ed.<\/strong><\/p>\n<p id=\"viewer-alpqb\">Sv\u011btov\u00e9 ekonomick\u00e9 f\u00f3rum nyn\u00ed po\u017eaduje, aby lid\u00e9 postoupili kontrolu nad sv\u00fdmi mozky glob\u00e1ln\u00ed elit\u011b.\u00a0Podle WEF nejsou mozkov\u00e9 vlny nic jin\u00e9ho ne\u017e data a m\u011bli bychom b\u00fdt r\u00e1di, \u017ee AI napad\u00e1 na\u0161e mozky \u201epro na\u0161e vlastn\u00ed dobro\u201c.<\/p>\n<p id=\"viewer-bs171\">Na lednov\u00e9m v\u00fdro\u010dn\u00edm setk\u00e1n\u00ed WEF v Davosu se uskute\u010dnil smyslupln\u00fd\u00a0<a href=\"https:\/\/www.weforum.org\/videos\/davos-am23-ready-for-brain-transparency-english\/\" target=\"_blank\" rel=\"noreferrer noopener\" data-type=\"URL\" data-id=\"https:\/\/www.weforum.org\/videos\/davos-am23-ready-for-brain-transparency-english\/\">semin\u00e1\u0159<\/a>\u00a0na t\u00e9ma \u201eBrain Transparency\u201c, kde glob\u00e1ln\u00ed elita p\u0159esn\u011b vysv\u011btlila, jak pou\u017eij\u00ed AI k zotro\u010den\u00ed lidstva.<\/p>\n<p id=\"viewer-6eim7\">Pl\u00e1ny WEF zahrnuj\u00ed novou technologii, kter\u00e1 umo\u017en\u00ed skenov\u00e1n\u00ed lidsk\u00e9ho mozku prost\u0159ednictv\u00edm nositeln\u00fdch za\u0159\u00edzen\u00ed, bez pot\u0159eby elektrod.\u00a0Takov\u00e9 skenov\u00e1n\u00ed umo\u017e\u0148uje po\u010d\u00edta\u010d\u016fm s um\u011blou inteligenc\u00ed \u010d\u00edst a interpretovat stav mysli nositele t\u00edm, \u017ee okam\u017eit\u011b porozum\u00ed zaznamenan\u00fdm mozkov\u00fdm vln\u00e1m.<\/p>\n<p id=\"viewer-9feuk\">Pod\u00edvejte se na tuto hluboce znepokojivou karikaturu vytvo\u0159enou WEF pro sv\u00e9 z\u00fa\u010dastn\u011bn\u00e9 strany, abyste p\u0159esn\u011b vysv\u011btlili, jak budou pou\u017e\u00edvat AI k ovl\u00e1d\u00e1n\u00ed, n\u00e1tlaku, manipulaci a nakonec zotro\u010den\u00ed lidsk\u00e9 rasy.<\/p>\n<p id=\"viewer-dl1v8\">A a\u017e to budete sledovat, pamatujte si, \u017ee jak s nad\u0161en\u00edm prohla\u0161uje moder\u00e1torka WEF Nita A. Farahany, tuto technologii ji\u017e maj\u00ed.\u00a0Opakuji: Klaus Schwab ji\u017e m\u00e1 technologii a vlastn\u00ed za\u0159\u00edzen\u00ed popsan\u00e9 v tomto videu.\u00a0(viz zdroj)<\/p>\n<p id=\"viewer-7p2d2\">Na rozd\u00edl od toho, \u010demu by n\u00e1s mainstreamov\u00e1 m\u00e9dia p\u0159im\u011bla v\u011b\u0159it, Sv\u011btov\u00e9 ekonomick\u00e9 f\u00f3rum se nesna\u017e\u00ed nic napravit.\u00a0Sna\u017e\u00ed se v\u0161echno rozb\u00edt a nechat to rozbit\u00e9.\u00a0Sna\u017e\u00ed se t\u011b zlomit.<\/p>\n<p id=\"viewer-29d44\">Syst\u00e9my um\u011bl\u00e9 inteligence sp\u00e1rovan\u00e9 s takov\u00fdmi za\u0159\u00edzen\u00edmi umo\u017e\u0148uj\u00ed bezprecedentn\u00ed vhled do ment\u00e1ln\u00edho a emocion\u00e1ln\u00edho stavu nositele.<\/p>\n<p id=\"viewer-a1ld6\">P\u0159enosn\u00e9 \u010dte\u010dky my\u0161lenek, o kter\u00fdch Nita mluv\u00ed, nevypadaj\u00ed divn\u011b ani t\u011b\u017ekop\u00e1dn\u011b.\u00a0WEF je odhodl\u00e1na zav\u00e9st tuto technologii tak hladce, jak je to jen mo\u017en\u00e9.<\/p>\n<div class=\"wp-block-image\">\n<figure class=\"aligncenter size-large\"><img decoding=\"async\" class=\"jetpack-lazy-image jetpack-lazy-image--handled aligncenter\" src=\"https:\/\/i0.wp.com\/cdn.newspunch.com\/wp-content\/uploads\/2023\/02\/Screen-Shot-2023-02-05-at-2.53.47-PM-1024x451.png.webp?w=800&amp;ssl=1\" alt=\"\" data-recalc-dims=\"1\" data-lazy-loaded=\"1\" \/><\/figure>\n<\/div>\n<p>Ke konci videa\u00a0<a href=\"https:\/\/law.duke.edu\/fac\/farahany\/\" target=\"_blank\" rel=\"noreferrer noopener\" data-type=\"URL\" data-id=\"https:\/\/law.duke.edu\/fac\/farahany\/\">mluv\u00ed Farahany<\/a>\u00a0o d\u016fle\u017eitosti \u201ebezpe\u010dnostn\u00edch opat\u0159en\u00ed\u201c.\u00a0Ale pod\u00edvejte se na jej\u00ed tv\u00e1\u0159 jako \u010dlen publika, kter\u00fd pokorn\u011b poznamenal, \u017ee \u201ev\u0161ichni gener\u00e1ln\u00ed \u0159editel\u00e9 budou pou\u017e\u00edvat tuto technologii zcela zodpov\u011bdn\u011b\u201c.<\/p>\n<div class=\"wp-block-image\">\n<figure class=\"aligncenter size-large\"><img decoding=\"async\" class=\"jetpack-lazy-image jetpack-lazy-image--handled aligncenter\" src=\"https:\/\/i0.wp.com\/cdn.newspunch.com\/wp-content\/uploads\/2023\/02\/Screen-Shot-2023-02-05-at-2.56.35-PM-1024x475.png.webp?w=800&amp;ssl=1\" alt=\"\" data-recalc-dims=\"1\" data-lazy-loaded=\"1\" \/><\/figure>\n<\/div>\n<p id=\"viewer-5uc9p\" style=\"text-align: left;\">Nepot\u0159ebujete AI mozek, kter\u00fd dok\u00e1\u017ee \u010d\u00edst my\u0161lenky, abyste pochopili, co se d\u011bje v jejich hlav\u011b.<\/p>\n<p id=\"viewer-aoqh9\">Pokud jste v posledn\u00ed dob\u011b v\u011bnovali velkou pozornost z\u00e1sad\u00e1m WEF, uvid\u00edte, \u017ee ve skute\u010dnosti nejde o to ud\u011blat sv\u011bt lep\u0161\u00edm m\u00edstem.\u00a0Politiky WEF maj\u00ed jedno spole\u010dn\u00e9: dehumanizuj\u00ed n\u00e1s, degraduj\u00ed n\u00e1s a zesm\u011b\u0161\u0148uj\u00ed n\u00e1s.\u00a0Jsou navr\u017eeny tak, aby vzaly v\u0161echny \u017eivotn\u00ed radosti a zp\u016fsobily maxim\u00e1ln\u00ed bolest.<\/p>\n<p id=\"viewer-amcbc\">A ji\u017e se pl\u00e1nuje zaveden\u00ed t\u00e9to technologie prost\u0159ednictv\u00edm popul\u00e1rn\u00edch soci\u00e1ln\u00edch s\u00edt\u00ed.\u00a0<a href=\"https:\/\/law.duke.edu\/fac\/farahany\/\" target=\"_blank\" rel=\"noreferrer noopener\" data-type=\"URL\" data-id=\"https:\/\/law.duke.edu\/fac\/farahany\/\">Farahany uv\u00e1d\u00ed<\/a>\u00a0, \u017ee Facebook a technologick\u00e9 spole\u010dnosti \u201emasivn\u011b investuj\u00ed do t\u011bchto za\u0159\u00edzen\u00ed\u201c.<\/p>\n<p id=\"viewer-cr9f6\">P\u0159em\u00fd\u0161lejte o tom chv\u00edli.\u00a0Budete muset nosit mozkov\u00fd skener, abyste se mohli integrovat s nov\u00fdmi leskl\u00fdmi gadgety Big Tech (kter\u00e9 budou pravd\u011bpodobn\u011b k dispozici zdarma).\u00a0Skener ode\u0161le va\u0161i aktivitu mozkov\u00fdch vln do AI stroj\u016f Big Tech.\u00a0Um\u011bl\u00e1 inteligence je objemn\u00e1 a nelze ji zabudovat do tabletu nebo telefonu, tak\u017ee va\u0161e mozkov\u00e9 vlny shroma\u017e\u010fuje centr\u00e1ln\u011b Facebook nebo jin\u00e1 velk\u00e1 technologick\u00e1 spole\u010dnost.<\/p>\n<p id=\"viewer-mmpi\"><strong>Mo\u017enosti zneu\u017eit\u00ed jsou nekone\u010dn\u00e9<\/strong>\u00a0.\u00a0P\u0159edpokl\u00e1dejme nap\u0159\u00edklad, \u017ee varovn\u00fd n\u00e1vrh\u00e1\u0159 takov\u00e9 AI nebo byrokrat z Rady pro kontrolu dezinformac\u00ed se rozhodl, \u017ee mus\u00ed lidem zabr\u00e1nit v my\u0161len\u00ed pop\u00edraj\u00edc\u00edm zm\u011bnu klimatu.<\/p>\n<p id=\"viewer-fa68d\">Jakmile se v\u00e1\u0161 my\u0161lenkov\u00fd pochod odch\u00fdl\u00ed od ofici\u00e1ln\u011b schv\u00e1len\u00e9ho vypr\u00e1v\u011bn\u00ed a p\u0159ejde ke skeptick\u00fdm n\u00e1zor\u016fm, kup\u0159.\u00a0Nap\u0159\u00edklad p\u0159i zm\u011bn\u011b klimatu v\u00e1m AI proaktivn\u011b uk\u00e1\u017ee atraktivn\u00ed, spo\u0159e od\u011bnou osobu, kterou pova\u017eujete za atraktivn\u00ed, roztomilou ko\u010dku, kter\u00e1 d\u011bl\u00e1 n\u011bco hloup\u00e9ho, nebo jin\u00e9 rozpt\u00fdlen\u00ed, kter\u00e9 p\u0159eru\u0161\u00ed v\u00fdvoj va\u0161ich my\u0161lenek.<\/p>\n<p id=\"viewer-6v9t6\">A nemyslete si, \u017ee z takov\u00e9ho dystopick\u00e9ho sv\u011bta m\u016f\u017eete uniknout.\u00a0Podle WEF nebudete moci opustit svou pr\u00e1ci, proto\u017ee nem\u00e1te kam j\u00edt.<\/p>\n<p id=\"viewer-egcfr\">Samoz\u0159ejm\u011b, \u017ee mainstreamov\u00e1 m\u00e9dia byla zcela kooptov\u00e1na Sv\u011btov\u00fdm ekonomick\u00fdm f\u00f3rem a budou se v\u00e1s sna\u017eit odstranit, pokud se odv\u00e1\u017e\u00edte zaujmout stanovisko k n\u011bkter\u00e9 z t\u011bchto ot\u00e1zek.\u00a0Podle mainstreamov\u00fdch m\u00e9di\u00ed v roce 2020 je obezita zdrav\u00e1.\u00a0Spir\u00e1lov\u00e9 nafukov\u00e1n\u00ed je norm\u00e1ln\u00ed.\u00a0Vakc\u00edny nezp\u016fsob\u00ed, \u017ee se lid\u00e9 p\u0159eval\u00ed a zem\u0159ou.\u00a0A existuje nekone\u010dn\u011b mnoho pohlav\u00ed.<\/p>\n<p id=\"viewer-3iv2j\">George Orwell n\u00e1s p\u0159ed t\u011bmito \u010dasy varoval.\u00a0\u0158ekl, \u017ee n\u00e1s p\u0159esv\u011bd\u010d\u00ed, \u017ee v\u00e1lka je m\u00edr.\u00a0Jakou m\u011bl pravdu.<\/p>\n<p id=\"viewer-73c7a\">Nyn\u00ed se n\u00e1s sna\u017e\u00ed p\u0159esv\u011bd\u010dit, \u017ee vzd\u00e1t se suverenity nad vlastn\u00edm mozkem je zp\u016fsob, jak zlep\u0161it stav sv\u011bta.<\/p>\n<div class=\"wp-block-image\">\n<figure class=\"aligncenter size-large\"><img decoding=\"async\" class=\"jetpack-lazy-image jetpack-lazy-image--handled aligncenter\" src=\"https:\/\/i0.wp.com\/cdn.newspunch.com\/wp-content\/uploads\/2023\/01\/wef-new-world-order.jpg.webp?w=800&amp;ssl=1\" alt=\"\" data-recalc-dims=\"1\" data-lazy-loaded=\"1\" \/><\/figure>\n<\/div>\n<p id=\"viewer-19v4j\">\u010cas uk\u00e1\u017ee, zda tuto znepokojivou iniciativu p\u0159ijmou lid\u00e9 na cel\u00e9m sv\u011bt\u011b, ale jedna v\u011bc je jist\u00e1: nep\u016fjdeme bez boje.<\/p>\n<p id=\"viewer-cn75o\">Tato kabala miliard\u00e1\u0159\u016f a politik\u016f tou\u017e\u00edc\u00edch po moci dlouho pl\u00e1novala zotro\u010den\u00ed mas a nyn\u00ed podnikaj\u00ed sv\u016fj krok.<\/p>\n<p id=\"viewer-f15i7\">Pokud nevyhov\u00edme jejich po\u017eadavk\u016fm, varuje WEF, hroz\u00ed n\u00e1m jist\u00fd z\u00e1nik.\u00a0\u0158\u00edkaj\u00ed, \u017ee pouze t\u00edm, \u017ee se vzd\u00e1me sv\u00e9 svobody a autonomie elit\u011b a umo\u017en\u00edme jim vylidnit sv\u011bt, m\u016f\u017eeme odvr\u00e1tit hroz\u00edc\u00ed katastrofy.<\/p>\n<p id=\"viewer-aij1q\">Ale st\u00e1le v\u00edce lid\u00ed se odm\u00edt\u00e1 sklonit p\u0159ed tyransk\u00fdmi po\u017eadavky WEF.\u00a0State\u010dn\u00ed aktivist\u00e9 a rebelov\u00e9 povst\u00e1vaj\u00ed, aby se postavili glob\u00e1ln\u00ed elit\u011b, odhodlan\u00ed br\u00e1nit svou suverenitu za ka\u017edou cenu, odhodlan\u00ed chr\u00e1nit sv\u00e9 rodiny a ty, kter\u00e9 miluj\u00ed.<\/p>\n<p id=\"viewer-d2n1j\">Zapoj\u00edte se do boje za svobodu, nebo se budete kr\u010dit ve strachu a klan\u011bt se po\u017eadavk\u016fm glob\u00e1ln\u00ed elity?\u00a0Rozhodnut\u00ed je na tob\u011b.\u00a0Ale a\u0165 d\u011bl\u00e1te cokoli, nepodce\u0148ujte d\u016fsledky sv\u00fdch rozhodnut\u00ed.<\/p>\n<p><img decoding=\"async\" loading=\"lazy\" class=\"alignnone size-full wp-image-1185\" src=\"http:\/\/www.infokuryr.cz\/n\/wp-content\/uploads\/2021\/04\/kuryr-podpis.png\" alt=\"\" width=\"84\" height=\"24\" \/><\/p>\n<p>&nbsp;<\/p>\n<p><img decoding=\"async\" loading=\"lazy\" class=\"wp-image-19187 aligncenter\" src=\"http:\/\/www.infokuryr.cz\/n\/wp-content\/uploads\/2022\/12\/1-PRO-300x36.jpg\" alt=\"\" width=\"1150\" height=\"138\" srcset=\"https:\/\/www.infokuryr.cz\/n\/wp-content\/uploads\/2022\/12\/1-PRO-300x36.jpg 300w, https:\/\/www.infokuryr.cz\/n\/wp-content\/uploads\/2022\/12\/1-PRO.jpg 699w\" sizes=\"(max-width: 1150px) 100vw, 1150px\" \/><\/p>\n<p>&nbsp;<\/p>\n","protected":false},"excerpt":{"rendered":"<p>Sv\u011btov\u00e9 ekonomick\u00e9 f\u00f3rum ned\u00e1vno spustilo novou kontroverzn\u00ed iniciativu, kter\u00e1 by m\u011bla p\u0159iv\u00e9st cel\u00e9 lidstvo do&#8230;<\/p>\n","protected":false},"author":2,"featured_media":2606,"comment_status":"closed","ping_status":"closed","sticky":false,"template":"","format":"standard","meta":[],"categories":[7],"tags":[794,4047,48,613],"_links":{"self":[{"href":"https:\/\/www.infokuryr.cz\/n\/wp-json\/wp\/v2\/posts\/22521"}],"collection":[{"href":"https:\/\/www.infokuryr.cz\/n\/wp-json\/wp\/v2\/posts"}],"about":[{"href":"https:\/\/www.infokuryr.cz\/n\/wp-json\/wp\/v2\/types\/post"}],"author":[{"embeddable":true,"href":"https:\/\/www.infokuryr.cz\/n\/wp-json\/wp\/v2\/users\/2"}],"replies":[{"embeddable":true,"href":"https:\/\/www.infokuryr.cz\/n\/wp-json\/wp\/v2\/comments?post=22521"}],"version-history":[{"count":0,"href":"https:\/\/www.infokuryr.cz\/n\/wp-json\/wp\/v2\/posts\/22521\/revisions"}],"wp:featuredmedia":[{"embeddable":true,"href":"https:\/\/www.infokuryr.cz\/n\/wp-json\/wp\/v2\/media\/2606"}],"wp:attachment":[{"href":"https:\/\/www.infokuryr.cz\/n\/wp-json\/wp\/v2\/media?parent=22521"}],"wp:term":[{"taxonomy":"category","embeddable":true,"href":"https:\/\/www.infokuryr.cz\/n\/wp-json\/wp\/v2\/categories?post=22521"},{"taxonomy":"post_tag","embeddable":true,"href":"https:\/\/www.infokuryr.cz\/n\/wp-json\/wp\/v2\/tags?post=22521"}],"curies":[{"name":"wp","href":"https:\/\/api.w.org\/{rel}","templated":true}]}}