{"id":22518,"date":"2023-02-09T01:01:53","date_gmt":"2023-02-09T00:01:53","guid":{"rendered":"http:\/\/www.infokuryr.cz\/n\/?p=22518"},"modified":"2023-02-08T16:15:54","modified_gmt":"2023-02-08T15:15:54","slug":"video-z-ukrajiny-viceprezidentka-bundestagu-goring-eckardt-zeleni-objima-byvaleho-velitele-nacistickeho-praporu-aidar","status":"publish","type":"post","link":"https:\/\/www.infokuryr.cz\/n\/2023\/02\/09\/video-z-ukrajiny-viceprezidentka-bundestagu-goring-eckardt-zeleni-objima-byvaleho-velitele-nacistickeho-praporu-aidar\/","title":{"rendered":"Video z Ukrajiny: Viceprezidentka Bundestagu G\u00f6ring-Eckardt (Zelen\u00ed) obj\u00edm\u00e1 b\u00fdval\u00e9ho velitele nacistick\u00e9ho praporu Aidar"},"content":{"rendered":"<div id=\"fb-root\"><\/div>\n<p><a href=\"https:\/\/en.wikipedia.org\/wiki\/Maksym_Marchenko\"><span>Maksym Mar\u010denko<\/span><\/a><span>\u00a0byl v letech 2015-2017 v\u016fdcem krajn\u011b pravicov\u00e9ho batalionu Aidar, kter\u00fd brut\u00e1ln\u011b pusto\u0161il p\u0159ev\u00e1\u017en\u011b rusky mluv\u00edc\u00ed Ukrajince protestuj\u00edc\u00ed proti pu\u010di na Majdanu na v\u00fdchod\u011b zem\u011b.\u00a0<\/span><a href=\"http:\/\/blauerbote.com\/2022\/03\/03\/ukraine-nazi-general-martschenko-zum-gouverneur-von-odessa-ernannt\/\"><span>2. b\u0159ezna 2022 byl masov\u00fd vrah nacista jmenov\u00e1n guvern\u00e9rem Od\u011bsk\u00e9 oblasti<\/span><\/a><span>\u00a0.<\/span><\/p>\n<p><span>M\u011bsto Od\u011bsa se\u00a0<\/span><a href=\"http:\/\/blauerbote.com\/2021\/05\/07\/filme-und-fotos-zum-odessa-massaker\/\"><span>proslavilo<\/span><\/a><span>\u00a0masakrem z 2. kv\u011btna 2014, kdy krajn\u011b pravicov\u00ed p\u0159\u00edznivci kyjevsk\u00e9 vl\u00e1dy Majdanu up\u00e1lili a zabili des\u00edtky vl\u00e1dn\u00edch kritik\u016f v Dom\u011b odbor\u016f a jeho okol\u00ed.<\/span><\/p>\n<p><a href=\"https:\/\/twitter.com\/RealWsiegrist\/status\/1622283053069369344\"><span>Ned\u00e1vn\u00e9 video z Ukrajiny\u00a0<\/span><\/a><a href=\"https:\/\/blog.fdik.org\/2023-02\/s1675620017.html\"><span>ze za\u010d\u00e1tku \u00fanora 2023<\/span><\/a><span>\u00a0\u2013\u00a0<\/span><a href=\"https:\/\/www.stern.de\/politik\/deutschland\/katrin-goering-eckardt-in-der-ukraine--sie-tanzt--spricht-und-ist-da-33166060.html\"><span>G\u00f6ring-Eckhardt pob\u00fdv\u00e1 na Ukrajin\u011b<\/span><\/a><span>\u00a0\u2013 ukazuje nejvy\u0161\u0161\u00ed n\u011bmeckou politi\u010dku a b\u00fdvalou p\u0159edsedkyni evangelick\u00e9 c\u00edrkve v N\u011bmecku\u00a0<\/span><a href=\"https:\/\/de.wikipedia.org\/wiki\/Katrin_G%C3%B6ring-Eckardt\"><span>Katrin G\u00f6ring-Eckhardt<\/span><\/a><span> , jak obj\u00edm\u00e1\u00a0 Mar\u010denka \u2013 jako star\u00e9ho p\u0159\u00edtele, abych tak \u0159ekl. G\u00f6ring-Eckhardt jako dlouholet\u00e1 expertka na Ukrajinu ze strany Zelen\u00fdch si je samoz\u0159ejm\u011b v\u011bdom p\u016fvodu tohoto mu\u017ee.<\/span><\/p>\n<div class='videoWrapper'>\r\n\t            <iframe src='https:\/\/rumble.com\/embed\/v25txry\/?pub=4' frameborder='0' allowfullscreen><\/iframe>\r\n\t        <\/div>\n<p><a href=\"http:\/\/blauerbote.com\/2015\/04\/13\/bataillon-asow-ukrainische-nationalgarde\/\" target=\"_blank\" rel=\"noreferrer noopener\"><span>Stejn\u011b jako ostatn\u00ed inkorporovan\u00e9 ukrajinsk\u00e9 \u201edobrovolnick\u00e9 prapory\u201c \u2013 nap\u0159\u00edklad nechvaln\u011b zn\u00e1m\u00fd prapor Azov<\/span><\/a><span>\u00a0\u2013 i prapor Aidar\u00a0ji\u017e l\u00e9ta ofici\u00e1ln\u011b pat\u0159\u00ed k Ukrajinsk\u00e9 n\u00e1rodn\u00ed gard\u011b, kter\u00e1 je pod\u0159\u00edzena ukrajinsk\u00e9mu ministerstvu vnitra a kter\u00e1\u00a0<\/span><a href=\"http:\/\/blauerbote.com\/2015\/07\/21\/rapid-trident-bundeswehr-trainiert-bei-nato-manoever-auch-mit-ukrainischen-neo-nazi-milizen\/\" target=\"_blank\" rel=\"noreferrer noopener\"><span>je mimochodem pova\u017eov\u00e1na za NATO b\u00fdt rovnocenn\u00fdm partnerem ukrajinsk\u00e9 arm\u00e1d\u011b<\/span><\/a><span>\u00a0.\u00a0Zde je p\u00e1r informac\u00ed z kvalitn\u00edch m\u00e9di\u00ed &#8211; stejn\u011b jako z Amnesty International &#8211; o ukrajinsk\u00e9m praporu Aidar nebo Ajdar: \u010cl\u00e1nky z Tagesschau, WELT, Die Presse, Deutschlandfunk atd..<\/span><\/p>\n<figure class=\"wp-block-image\"><a href=\"http:\/\/blauerbote.com\/wp-content\/uploads\/2015\/07\/ajdar_welt_propaganda_rot.png\"><img decoding=\"async\" class=\"wp-image-4469\" src=\"http:\/\/blauerbote.com\/wp-content\/uploads\/2015\/07\/ajdar_welt_propaganda_rot.png\" sizes=\"(max-width: 1461px) 100vw, 1461px\" srcset=\"http:\/\/blauerbote.com\/wp-content\/uploads\/2015\/07\/ajdar_welt_propaganda_rot.png 1461w, http:\/\/blauerbote.com\/wp-content\/uploads\/2015\/07\/ajdar_welt_propaganda_rot-300x79.png 300w, http:\/\/blauerbote.com\/wp-content\/uploads\/2015\/07\/ajdar_welt_propaganda_rot-1024x271.png 1024w, http:\/\/blauerbote.com\/wp-content\/uploads\/2015\/07\/ajdar_welt_propaganda_rot-624x165.png 624w\" alt=\"ajdar_world_propaganda_red\" \/><\/a><\/figure>\n<p>&nbsp;<\/p>\n<p><span>29. z\u00e1\u0159\u00ed 2014 Tagesschau napsal v \u010dl\u00e1nku \u201e\u00a0<\/span><a href=\"http:\/\/www.tagesschau.de\/ausland\/ukraine-731.html\" target=\"_blank\" rel=\"noreferrer noopener\"><span>Krvav\u00e9 bitvy na v\u00fdchodn\u00ed Ukrajin\u011b<\/span><\/a><span>\u00a0\u201c (viz tak\u00e9 screenshot\/obr\u00e1zek naho\u0159e vpravo):<\/span><em><span>\u201eZvl\u00e1\u0161\u0165 notoricky zn\u00e1m\u00fd je prapor AIDAR, jeho\u017e sou\u010d\u00e1st\u00ed jsou pravicov\u00ed ukrajin\u0161t\u00ed nacionalist\u00e9, z nich\u017e n\u011bkte\u0159\u00ed se zdob\u00ed h\u00e1kov\u00fdm k\u0159\u00ed\u017eem a dal\u0161\u00edmi nacistick\u00fdmi symboly jako odznaky na maskovac\u00edm oble\u010den\u00ed nebo jako tetov\u00e1n\u00ed na t\u011ble.\u00a0V\u016fdci a mnoz\u00ed \u010dlenov\u00e9 jsou neonacisti a \u010dlenov\u00e9 krajn\u011b pravicov\u00fdch skupin.\u00a0Proru\u0161t\u00ed separatist\u00e9 dnes \u00fadajn\u011b objevili dal\u0161\u00ed masov\u00e9 hroby s celkov\u00fdm po\u010dtem asi 400 t\u011bl.\u00a0Hroby jsou v oblastech, kter\u00e9 d\u0159\u00edve ovl\u00e1dala ukrajinsk\u00e1 arm\u00e1da a dobrovolnick\u00e9 prapory, uvedl v\u016fdce separatist\u016f Andrej Purgin.\u00a0Nebylo to nez\u00e1visl\u00e9 potvrzen\u00ed.&#8220;<\/span><\/em><\/p>\n<p><span>V \u010dl\u00e1nku pln\u00e9m chv\u00e1ly DIE WELT\u00a0\u00a0<\/span><a href=\"http:\/\/www.welt.de\/politik\/ausland\/article143900338\/Wichtig-auf-jeden-Millimeter-der-Ukraine-zu-achten.html\" target=\"_blank\" rel=\"noreferrer noopener\"><span>p\u00ed\u0161e<\/span><\/a><span>\u00a0\u00a0o \u201ejednotk\u00e1ch sebeobrany\u201c praporu Ajdar\/Aidar:<\/span><em><span>\u201eTodor Panevski s pot\u011b\u0161en\u00edm oznamuje ned\u00e1vn\u00fd \u00fasp\u011bch sv\u00e9 jednotky sebeobrany, kter\u00e1 je pod\u0159\u00edzena praporu Ajdar, v ukrajinsk\u00e9m p\u0159\u00edstavn\u00edm m\u011bst\u011b Od\u011bsa: Jeho lid\u00e9 zajali stoupence separatist\u016f, \u0159\u00edk\u00e1 Panevski.\u00a0Je to statn\u00fd opern\u00ed p\u011bvec a velitel ozbrojen\u00e9 skupiny Patriots.\u00a0&#8222;Polo\u017e\u00edme mu n\u011bkolik ot\u00e1zek a pot\u00e9 ho p\u0159ed\u00e1me bezpe\u010dnostn\u00edm slo\u017ek\u00e1m,&#8220; vysv\u011btluje.\u00a0Proch\u00e1z\u00ed budovou, kterou si jeho jednotky zvolily za sv\u00e9 s\u00eddlo.\u00a0Malebn\u00e1 Od\u011bsa le\u017e\u00ed 500 kilometr\u016f z\u00e1padn\u011b od v\u00fdchodn\u00ed ukrajinsk\u00e9 frontov\u00e9 linie, kde vl\u00e1dn\u00ed jednotky bojuj\u00ed o opot\u0159ebov\u00e1n\u00ed s prorusk\u00fdmi separatisty.\u00a0Nicm\u00e9n\u011b i zde v Od\u011bse panuj\u00ed obavy z nov\u00e9 fronty.\u00a0Podporuj\u00ed ho pravideln\u00e9 zpr\u00e1vy o zat\u010den\u00ed podez\u0159el\u00fdch odpadl\u00edk\u016f,<\/span><\/em><\/p>\n<p><span>Pro klasifikaci \u010dl\u00e1nku WELT: Na za\u010d\u00e1tku \u010dervna 2015 napsal Telepolis v \u010dl\u00e1nku \u201e\u00a0<\/span><a href=\"http:\/\/www.heise.de\/tp\/artikel\/45\/45124\/1.html\" target=\"_blank\" rel=\"noreferrer noopener\"><span>Novin\u00e1\u0159i v Od\u011bse \u017eij\u00ed nebezpe\u010dn\u011b<\/span><\/a><span>\u00a0\u201c o situaci v Od\u011bse:\u00a0<\/span><em><span>\u201eV\u00fdslechy, prohl\u00eddky a zat\u00fdk\u00e1n\u00ed novin\u00e1\u0159\u016f.\u00a0V\u00edce ne\u017e 50 vl\u00e1dn\u00edch oponent\u016f ve vazb\u011b.\u00a0Guvern\u00e9ra Michaila Saaka\u0161viliho hl\u00edd\u00e1 speci\u00e1ln\u00ed jednotka.\u00a0Navzdory zv\u00fd\u0161en\u00fdm policejn\u00edm kontrol\u00e1m a nasazen\u00ed speci\u00e1ln\u00edch jednotek z\u016fst\u00e1v\u00e1 situace v Od\u011bse napjat\u00e1.\u00a0Opozice se z\u0159\u00eddka odv\u00e1\u017e\u00ed do ulic a v mal\u00fdch skupin\u00e1ch.\u00a0Strach z \u00fatok\u016f nacionalist\u016f a bezpe\u010dnostn\u00edch slo\u017eek je velk\u00fd.\u00a0Nejistota ovliv\u0148uje i cestovn\u00ed ruch.\u00a0Rekreanti se dr\u017ete d\u00e1l.\u00a0Na pl\u00e1\u017e\u00edch v Od\u011bse se toho d\u011bje m\u00e1lo.\u201c<\/span><\/em><span>\u00a0.<\/span><\/p>\n<p><a href=\"http:\/\/diepresse.com\/home\/politik\/aussenpolitik\/3866833\/Die-Kriegsverbrechen-des-Kiewtreuen-AidarBataillons\" target=\"_blank\" rel=\"noreferrer noopener\"><span>DiePresse.com (Rakousko) v \u010dl\u00e1nku \u201e V\u00e1le\u010dn\u00e9 zlo\u010diny praporu Aidar loaj\u00e1ln\u00edho Kyjeva<\/span><\/a><span>\u00a0\u201c mimo jin\u00e9 p\u00ed\u0161e toto\u00a0:<\/span><em><span>\u201eJednat\u0159icetilet\u00fd podnikatel se chystal d\u00e1t si p\u0159est\u00e1vku na z\u00e1chod na opu\u0161t\u011bn\u00e9 \u010derpac\u00ed stanici pobl\u00ed\u017e Luhanks ve Starobilsku, kdy\u017e z auta n\u00e1hle vysko\u010dili t\u0159i maskovan\u00ed mu\u017ei.\u00a0P\u0159etahuj\u00ed mu p\u0159es hlavu pistoli a vezmou z n\u011bj rovn\u00fdch 1700 eur.\u00a0Znovu a znovu ho obvi\u0148uj\u00ed, \u017ee je separatista.\u00a0\u201eByl jsem vysl\u00fdch\u00e1n t\u0159ikr\u00e1t.\u00a0A po\u0159\u00e1d bit\u00fd \u2013 pistol\u00ed, tup\u00fdm koncem sekery v ledvin\u00e1ch,\u201c \u0159\u00edk\u00e1 mu\u017e.\u00a0[\u2026] Velitel praporu Aidar Amnesty International \u010d\u00e1ste\u010dn\u011b p\u0159izn\u00e1v\u00e1 brut\u00e1ln\u00ed metody: \u201eToto nen\u00ed Evropa.\u00a0V\u0161echno je trochu jinak.\u00a0Postupy byly zjednodu\u0161eny.\u00a0Jestli budu cht\u00edt, m\u016f\u017eu ti d\u00e1t pytel p\u0159es hlavu a zav\u0159\u00edt t\u011b na 30 dn\u00ed pro podez\u0159en\u00ed, \u017ee pom\u00e1h\u00e1\u0161 separatist\u016fm.\u201c\u00a0Tak\u00e9 p\u0159izn\u00e1v\u00e1\u00a0\u017ee podez\u0159el\u00ed byli biti a se zav\u00e1zan\u00fdma o\u010dima.\u00a0A \u017ee jeho prapor m\u00e1 sv\u016fj vlastn\u00ed zajateck\u00fd t\u00e1bor.\u201c<\/span><\/em><\/p>\n<p><span>Deutschlandfunk, \u010dl\u00e1nek \u201e\u00a0<\/span><a href=\"http:\/\/www.deutschlandfunk.de\/ukraine-wachsende-kritik-an-freiwilligen-bataillonen.795.de.html?dram:article_id=322212\" target=\"_blank\" rel=\"noreferrer noopener\"><span>Ukrajina.\u00a0Rostouc\u00ed kritika dobrovolnick\u00fdch prapor\u016f<\/span><\/a><span>\u00a0.\u00a0Citace:<\/span><em><span>\u201eMoskal je guvern\u00e9rem p\u0159ev\u00e1\u017en\u011b separatisty ovl\u00e1dan\u00e9 Luhansk\u00e9 oblasti a dozv\u011bd\u011bl se o mnoha zlo\u010dinech sp\u00e1chan\u00fdch praporem Aidar.\u00a0\u201eAsi 30 bojovn\u00edk\u016f Ajdaru u\u017e bylo zat\u010deno za brut\u00e1ln\u00ed vra\u017edy, st\u0159elbu a \u00fanosy.\u00a0Zasahuj\u00ed tak\u00e9 proti ukrajinsk\u00fdm p\u0159edstavitel\u016fm.\u00a0St\u0159\u00edleli na d\u016fm okresn\u00edho spr\u00e1vce, jeho\u017e man\u017eelka je p\u0159edsedkyn\u00ed krajsk\u00e9ho soudu.&#8216;.\u00a0Moskal nyn\u00ed poskytl st\u00e1tn\u00edmu zastupitelstv\u00ed seznam 65 takov\u00fdch trestn\u00fdch \u010din\u016f \u2013 a i to je podle n\u011bj jen zlomek.\u00a0Seznam ukazuje, \u017ee minim\u00e1ln\u011b \u010d\u00e1st praporu p\u016fsob\u00ed jako bezohledn\u00e1 mafi\u00e1nsk\u00e1 organizace.\u00a0Znovu a znovu mu\u017ei v uniform\u00e1ch drancuj\u00ed byty a un\u00e1\u0161ej\u00ed lidi, aby od p\u0159\u00edbuzn\u00fdch vymohli v\u00fdkupn\u00e9.<\/span><\/em><\/p>\n<p><span>Amnesty International:\u00a0<\/span><a href=\"https:\/\/www.amnesty.de\/urgent-action\/ua-297-2014\/zivilist-verschwunden\" target=\"_blank\" rel=\"noreferrer noopener\"><span>Nal\u00e9hav\u00e1 akce.\u00a0civilista \u201ezmizel<\/span><\/a><span>\u00a0\u201c.\u00a0Cit\u00e1ty:\u00a0<\/span><em><span>\u201eOd \u010dervence nen\u00ed po Aleksandru Min\u010denokovi z Lisi\u010dansku ani stopa.\u00a0V t\u00e9 dob\u011b byl \u201azat\u010den\u2018 silami pobl\u00ed\u017e Kyjeva, kdy\u017e cestoval se svou babi\u010dkou na v\u00fdchodn\u00ed Ukrajin\u011b.\u00a0Rodi\u010de o n\u011bm od t\u00e9 doby nesly\u0161eli a boj\u00ed se o jeho \u017eivot.\u00a0[&#8230;] Pot\u00e9 se rodi\u010de Aleksandra Min\u010denoka, Jekat\u011brina Naumov\u00e1 a Jurij Naumov, vrhli na kontroln\u00ed stanovi\u0161t\u011b, kde jim bylo \u0159e\u010deno, \u017ee jejich syn byl zat\u010den praporem Ajdar.\u00a0Prapor je jednou z v\u00edce ne\u017e 30 tzv. dobrovoln\u00fdch bojov\u00fdch jednotek, kter\u00e9 vznikly v d\u016fsledku konfliktu na Ukrajin\u011b a maj\u00ed bl\u00edzko k vl\u00e1d\u011b v Kyjev\u011b.<\/span><\/em><\/p>\n<p><img decoding=\"async\" loading=\"lazy\" class=\"alignnone size-full wp-image-1185\" src=\"http:\/\/www.infokuryr.cz\/n\/wp-content\/uploads\/2021\/04\/kuryr-podpis.png\" alt=\"\" width=\"84\" height=\"24\" \/><\/p>\n<p>&nbsp;<\/p>\n<p><img decoding=\"async\" loading=\"lazy\" class=\"wp-image-19187 aligncenter\" src=\"http:\/\/www.infokuryr.cz\/n\/wp-content\/uploads\/2022\/12\/1-PRO-300x36.jpg\" alt=\"\" width=\"1108\" height=\"133\" srcset=\"https:\/\/www.infokuryr.cz\/n\/wp-content\/uploads\/2022\/12\/1-PRO-300x36.jpg 300w, https:\/\/www.infokuryr.cz\/n\/wp-content\/uploads\/2022\/12\/1-PRO.jpg 699w\" sizes=\"(max-width: 1108px) 100vw, 1108px\" \/><\/p>\n<p>&nbsp;<\/p>\n","protected":false},"excerpt":{"rendered":"<p>Maksym Mar\u010denko\u00a0byl v letech 2015-2017 v\u016fdcem krajn\u011b pravicov\u00e9ho batalionu Aidar, kter\u00fd brut\u00e1ln\u011b pusto\u0161il p\u0159ev\u00e1\u017en\u011b rusky&#8230;<\/p>\n","protected":false},"author":2,"featured_media":22519,"comment_status":"closed","ping_status":"closed","sticky":false,"template":"","format":"standard","meta":[],"categories":[7],"tags":[664,429,26],"_links":{"self":[{"href":"https:\/\/www.infokuryr.cz\/n\/wp-json\/wp\/v2\/posts\/22518"}],"collection":[{"href":"https:\/\/www.infokuryr.cz\/n\/wp-json\/wp\/v2\/posts"}],"about":[{"href":"https:\/\/www.infokuryr.cz\/n\/wp-json\/wp\/v2\/types\/post"}],"author":[{"embeddable":true,"href":"https:\/\/www.infokuryr.cz\/n\/wp-json\/wp\/v2\/users\/2"}],"replies":[{"embeddable":true,"href":"https:\/\/www.infokuryr.cz\/n\/wp-json\/wp\/v2\/comments?post=22518"}],"version-history":[{"count":1,"href":"https:\/\/www.infokuryr.cz\/n\/wp-json\/wp\/v2\/posts\/22518\/revisions"}],"predecessor-version":[{"id":22520,"href":"https:\/\/www.infokuryr.cz\/n\/wp-json\/wp\/v2\/posts\/22518\/revisions\/22520"}],"wp:featuredmedia":[{"embeddable":true,"href":"https:\/\/www.infokuryr.cz\/n\/wp-json\/wp\/v2\/media\/22519"}],"wp:attachment":[{"href":"https:\/\/www.infokuryr.cz\/n\/wp-json\/wp\/v2\/media?parent=22518"}],"wp:term":[{"taxonomy":"category","embeddable":true,"href":"https:\/\/www.infokuryr.cz\/n\/wp-json\/wp\/v2\/categories?post=22518"},{"taxonomy":"post_tag","embeddable":true,"href":"https:\/\/www.infokuryr.cz\/n\/wp-json\/wp\/v2\/tags?post=22518"}],"curies":[{"name":"wp","href":"https:\/\/api.w.org\/{rel}","templated":true}]}}