{"id":22516,"date":"2023-02-09T01:00:21","date_gmt":"2023-02-09T00:00:21","guid":{"rendered":"http:\/\/www.infokuryr.cz\/n\/?p=22516"},"modified":"2023-02-08T16:05:07","modified_gmt":"2023-02-08T15:05:07","slug":"take-premyslite-proc-diktatura-pripravuje-pouceni-z-krizoveho-vyvoje-kdyz-lide-ziji-v-raji-a-vudce-miluji","status":"publish","type":"post","link":"https:\/\/www.infokuryr.cz\/n\/2023\/02\/09\/take-premyslite-proc-diktatura-pripravuje-pouceni-z-krizoveho-vyvoje-kdyz-lide-ziji-v-raji-a-vudce-miluji\/","title":{"rendered":"Tak\u00e9 p\u0159em\u00fd\u0161l\u00edte, pro\u010d diktatura p\u0159ipravuje &#8222;pou\u010den\u00ed z krizov\u00e9ho v\u00fdvoje&#8220;, kdy\u017e lid\u00e9 \u017eij\u00ed v r\u00e1ji a v\u016fdce miluj\u00ed?"},"content":{"rendered":"<div id=\"fb-root\"><\/div>\n<div class=\"introtext\">\n<p><strong>Dal\u0161\u00ed vtip z d\u011btstv\u00ed, kter\u00fd se n\u00e1m vrac\u00ed jak bumerang. &#8222;P\u0159es celou Evropu se p\u0159ehnal velik\u00fd v\u00e1nek&#8220;. Kdo nech\u00e1pe tento oxym\u00f3ron (protimluv): velik\u00fd v\u00e1nek a nav\u00edc p\u0159es celou Evropu je stejn\u00e1 hovadina, jako mal\u00e1 skupinka &#8222;dezol\u00e1t\u016f&#8220; rozvrac\u00ed republiku a proto vnitro p\u0159iprav\u00ed velk\u00e1 opat\u0159en\u00ed.<\/strong><\/p>\n<\/div>\n<div class=\"fulltext\">\n<p>Tak\u017ee proti mal\u00e9 skupince nastoup\u00ed &#8222;VELK\u00dd KRIT&#8220;, vl\u00e1da vy\u010dlen\u00ed sta milion\u016f na boj proti jejich pom\u00fdlen\u00ed, cvi\u010d\u00ed speci\u00e1ln\u00ed jednotky a vytv\u00e1\u0159\u00ed pr\u00e1vn\u00ed p\u0159esmy\u010dky, nebo dokonce chce \u00fastavn\u00ed kouzla a zapojuje do toho pr\u00e1vn\u00ed syst\u00e9m, aby n\u011bkolik &#8222;m\u00e1ni\u010dek&#8220;, dnes &#8222;dezol\u00e1t\u016f&#8220; a rozvrace\u010d\u016f st\u00e1tu spacifikovalo. Dokonce na tuto &#8222;malou skupinku&#8220; p\u0159ipravuje velk\u00e9 z\u00e1kony, aby vojensk\u00e9 zpravodajstv\u00ed, a jak\u00e1si odno\u017e BIS chodila i na wc, aby kontrolovala lejna, zda jed\u00ed spr\u00e1vn\u00ed \u010dervy, housenky a a protejny a nikoliv hov\u011bz\u00ed a vep\u0159ov\u00e9.<\/p>\n<p>V\u00e1\u017en\u011b si tato \u00fazk\u00e1 skupinka lid\u00ed (a toto je bez ironie, proto\u017ee se jedn\u00e1 o 107 politik\u016f &#8211; poslanc\u016f, plus n\u011bkolik \u010dlen\u016f vl\u00e1dy a jejich poskok\u016f) mysl\u00ed, \u017ee t\u00edm zakryj\u00ed a sma\u017e\u00ed tot\u00e1ln\u00ed destrukci st\u00e1tu a tot\u00e1ln\u00ed ekonomick\u00fd rozvrat?<\/p>\n<p>Po roce a p\u016fl vl\u00e1da po volb\u00e1ch vyhl\u00e1sila boj za pomoc pracuj\u00edc\u00edmu lidu.<\/p>\n<p><span style=\"font-size: 18pt;\"><strong>\u00a0VL\u00c1DO &#8222;D\u011aKUJEME&#8220;<\/strong><\/span><\/p>\n<p><img decoding=\"async\" class=\"aligncenter\" src=\"https:\/\/www.skrytapravda.cz\/images\/blogy\/805\/2023\/ekonomika_cisla\/cena_elektro_c2583.webp\" alt=\"cena elektro c2583\" \/><\/p>\n<p><span style=\"font-size: 18pt;\"><strong>VL\u00c1DO &#8222;D\u011aKUJEME&#8220;<\/strong><\/span><\/p>\n<p><img decoding=\"async\" class=\"aligncenter\" src=\"https:\/\/www.skrytapravda.cz\/images\/blogy\/805\/2023\/ekonomika_cisla\/leden_2023_83d45.webp\" alt=\"leden 2023 83d45\" \/><\/p>\n<p><img decoding=\"async\" class=\"aligncenter\" src=\"https:\/\/www.skrytapravda.cz\/images\/blogy\/805\/2023\/svoboda\/Sn%C3%ADmek_obrazovky_6693_0eff8.webp\" alt=\"Sn\u00edmek obrazovky 6693 0eff8\" \/><\/p>\n<p><a href=\"https:\/\/www.skrytapravda.cz\/z-domova\/1065-take-premyslite-proc-diktatura-pripravuje-pouceni-z-krizoveho-vyvoje-kdyz-lide-ziji-v-raji-a-vudce-miluji\">Petr Pokorn\u00fd<\/a><\/p>\n<\/div>\n<p>&nbsp;<\/p>\n<p><img decoding=\"async\" loading=\"lazy\" class=\"wp-image-19187 aligncenter\" src=\"http:\/\/www.infokuryr.cz\/n\/wp-content\/uploads\/2022\/12\/1-PRO-300x36.jpg\" alt=\"\" width=\"1142\" height=\"137\" srcset=\"https:\/\/www.infokuryr.cz\/n\/wp-content\/uploads\/2022\/12\/1-PRO-300x36.jpg 300w, https:\/\/www.infokuryr.cz\/n\/wp-content\/uploads\/2022\/12\/1-PRO.jpg 699w\" sizes=\"(max-width: 1142px) 100vw, 1142px\" \/><\/p>\n<p>&nbsp;<\/p>\n","protected":false},"excerpt":{"rendered":"<p>Dal\u0161\u00ed vtip z d\u011btstv\u00ed, kter\u00fd se n\u00e1m vrac\u00ed jak bumerang. &#8222;P\u0159es celou Evropu se p\u0159ehnal&#8230;<\/p>\n","protected":false},"author":2,"featured_media":22517,"comment_status":"closed","ping_status":"closed","sticky":false,"template":"","format":"standard","meta":[],"categories":[6],"tags":[63,48,99],"_links":{"self":[{"href":"https:\/\/www.infokuryr.cz\/n\/wp-json\/wp\/v2\/posts\/22516"}],"collection":[{"href":"https:\/\/www.infokuryr.cz\/n\/wp-json\/wp\/v2\/posts"}],"about":[{"href":"https:\/\/www.infokuryr.cz\/n\/wp-json\/wp\/v2\/types\/post"}],"author":[{"embeddable":true,"href":"https:\/\/www.infokuryr.cz\/n\/wp-json\/wp\/v2\/users\/2"}],"replies":[{"embeddable":true,"href":"https:\/\/www.infokuryr.cz\/n\/wp-json\/wp\/v2\/comments?post=22516"}],"version-history":[{"count":0,"href":"https:\/\/www.infokuryr.cz\/n\/wp-json\/wp\/v2\/posts\/22516\/revisions"}],"wp:featuredmedia":[{"embeddable":true,"href":"https:\/\/www.infokuryr.cz\/n\/wp-json\/wp\/v2\/media\/22517"}],"wp:attachment":[{"href":"https:\/\/www.infokuryr.cz\/n\/wp-json\/wp\/v2\/media?parent=22516"}],"wp:term":[{"taxonomy":"category","embeddable":true,"href":"https:\/\/www.infokuryr.cz\/n\/wp-json\/wp\/v2\/categories?post=22516"},{"taxonomy":"post_tag","embeddable":true,"href":"https:\/\/www.infokuryr.cz\/n\/wp-json\/wp\/v2\/tags?post=22516"}],"curies":[{"name":"wp","href":"https:\/\/api.w.org\/{rel}","templated":true}]}}