{"id":22479,"date":"2023-02-08T01:10:48","date_gmt":"2023-02-08T00:10:48","guid":{"rendered":"http:\/\/www.infokuryr.cz\/n\/?p=22479"},"modified":"2023-02-07T18:29:53","modified_gmt":"2023-02-07T17:29:53","slug":"eu-zvazuje-zpusoby-jak-cenzurovat-ruske-nazory","status":"publish","type":"post","link":"https:\/\/www.infokuryr.cz\/n\/2023\/02\/08\/eu-zvazuje-zpusoby-jak-cenzurovat-ruske-nazory\/","title":{"rendered":"EU zva\u017euje zp\u016fsoby, jak cenzurovat rusk\u00e9 n\u00e1zory"},"content":{"rendered":"<div id=\"fb-root\"><\/div>\n<div class=\"elementor-element elementor-element-1fb4c2c elementor-widget elementor-widget-theme-post-content\" data-id=\"1fb4c2c\" data-element_type=\"widget\" data-widget_type=\"theme-post-content.default\">\n<div class=\"elementor-widget-container\">\n<p><span>Evropsk\u00e1 unie po\u0159\u00e1d\u00e1 kolokvium s n\u00e1zvem: \u201eBeyond Disinformation: The EU&#8217;s Response to the Threat of Foreign Information Manipulation\u201c.\u00a0Jde skute\u010dn\u011b o zamy\u0161len\u00ed nad t\u00edm, jak lze v Unii cenzurovat v\u0161echny rusk\u00e9 pozice.<\/span><\/p>\n<p><span>EU ji\u017e\u00a0cenzurovala televizn\u00ed kan\u00e1l\u00a0<\/span><em><span>Russia Today<\/span><\/em><span>\u00a0a agenturu\u00a0<\/span><em><span>Sputnik .\u00a0<\/span><\/em><span>My\u0161lenky nyn\u00ed sm\u011b\u0159uj\u00ed k cenzu\u0159e ob\u010dan\u016f EU, kte\u0159\u00ed p\u0159ed\u00e1vaj\u00ed sv\u00e9 n\u00e1zory, a\u0165 u\u017e je sd\u00edlej\u00ed nebo ne.<\/span><\/p>\n<p><span>Akci bude p\u0159edsedat Josep Borrell, vysok\u00fd p\u0159edstavitel Unie pro zahrani\u010dn\u00ed v\u011bci a bezpe\u010dnostn\u00ed politiku, jemu\u017e bude n\u00e1pomocen Stefano Sannino, gener\u00e1ln\u00ed tajemn\u00edk Evropsk\u00e9 slu\u017eby pro vn\u011bj\u0161\u00ed \u010dinnost.<\/span><\/p>\n<p><span>Vystoup\u00ed zde francouzsk\u00fd europoslanec Rapha\u00ebl Glucksmann, p\u0159edseda zvl\u00e1\u0161tn\u00edho v\u00fdboru Evropsk\u00e9ho parlamentu pro zahrani\u010dn\u00ed vm\u011b\u0161ov\u00e1n\u00ed, d\u00e1le z\u00e1stupci \u0161v\u00e9dsk\u00e9 Agentury pro psychologickou obranu, ministerstva zahrani\u010d\u00ed Spojen\u00e9ho kr\u00e1lovstv\u00ed a USA a samoz\u0159ejm\u011b NATO.<\/span><\/p>\n<p><span>Vrcholem show je Nina Jankowicz (foto), kter\u00e1 pot\u00e9, co slou\u017eila jako poradkyn\u011b pro komunikaci prezidenta Volodymyra Zelensk\u00e9ho, byla najata prezidentem Joe Bidenem, aby p\u0159edsedala Desinformation Governance Board, americk\u00e9 pom\u00edjiv\u00e9 agentu\u0159e pro cenzuru.<\/span><\/p>\n<p><span>V\u0161ichni \u0159e\u010dn\u00edci, s v\u00fdjimkou pana Glucksmanna, jsou vysoc\u00ed \u00fa\u0159edn\u00edci, nikoli zvolen\u00ed poslanci.<\/span><\/p>\n<\/div>\n<\/div>\n<div class=\"elementor-element elementor-element-8c57238 quelle dc-has-condition dc-condition-empty elementor-widget elementor-widget-heading\" data-id=\"8c57238\" data-element_type=\"widget\" data-widget_type=\"heading.default\">\n<div class=\"elementor-widget-container\">\n<h3 class=\"elementor-heading-title elementor-size-default\"><span style=\"font-size: 8pt;\"><a href=\"https:\/\/www.voltairenet.org\/article218779.html\" target=\"_blank\" rel=\"nofollow noopener\">ZDROJ<\/a><\/span><\/h3>\n<p><img decoding=\"async\" loading=\"lazy\" class=\"wp-image-19187 aligncenter\" src=\"http:\/\/www.infokuryr.cz\/n\/wp-content\/uploads\/2022\/12\/1-PRO-300x36.jpg\" alt=\"\" width=\"700\" height=\"84\" srcset=\"https:\/\/www.infokuryr.cz\/n\/wp-content\/uploads\/2022\/12\/1-PRO-300x36.jpg 300w, https:\/\/www.infokuryr.cz\/n\/wp-content\/uploads\/2022\/12\/1-PRO.jpg 699w\" sizes=\"(max-width: 700px) 100vw, 700px\" \/><\/p>\n<p>&nbsp;<\/p>\n<\/div>\n<\/div>\n","protected":false},"excerpt":{"rendered":"<p>Evropsk\u00e1 unie po\u0159\u00e1d\u00e1 kolokvium s n\u00e1zvem: \u201eBeyond Disinformation: The EU&#8217;s Response to the Threat of&#8230;<\/p>\n","protected":false},"author":2,"featured_media":11522,"comment_status":"closed","ping_status":"closed","sticky":false,"template":"","format":"standard","meta":[],"categories":[7],"tags":[3915,41,48],"_links":{"self":[{"href":"https:\/\/www.infokuryr.cz\/n\/wp-json\/wp\/v2\/posts\/22479"}],"collection":[{"href":"https:\/\/www.infokuryr.cz\/n\/wp-json\/wp\/v2\/posts"}],"about":[{"href":"https:\/\/www.infokuryr.cz\/n\/wp-json\/wp\/v2\/types\/post"}],"author":[{"embeddable":true,"href":"https:\/\/www.infokuryr.cz\/n\/wp-json\/wp\/v2\/users\/2"}],"replies":[{"embeddable":true,"href":"https:\/\/www.infokuryr.cz\/n\/wp-json\/wp\/v2\/comments?post=22479"}],"version-history":[{"count":0,"href":"https:\/\/www.infokuryr.cz\/n\/wp-json\/wp\/v2\/posts\/22479\/revisions"}],"wp:featuredmedia":[{"embeddable":true,"href":"https:\/\/www.infokuryr.cz\/n\/wp-json\/wp\/v2\/media\/11522"}],"wp:attachment":[{"href":"https:\/\/www.infokuryr.cz\/n\/wp-json\/wp\/v2\/media?parent=22479"}],"wp:term":[{"taxonomy":"category","embeddable":true,"href":"https:\/\/www.infokuryr.cz\/n\/wp-json\/wp\/v2\/categories?post=22479"},{"taxonomy":"post_tag","embeddable":true,"href":"https:\/\/www.infokuryr.cz\/n\/wp-json\/wp\/v2\/tags?post=22479"}],"curies":[{"name":"wp","href":"https:\/\/api.w.org\/{rel}","templated":true}]}}