{"id":22466,"date":"2023-02-07T05:45:08","date_gmt":"2023-02-07T04:45:08","guid":{"rendered":"http:\/\/www.infokuryr.cz\/n\/?p=22466"},"modified":"2023-02-07T05:45:08","modified_gmt":"2023-02-07T04:45:08","slug":"pocet-obeti-zemetreseni-v-turecku-a-syrii-presahl-34-tisice-lidi","status":"publish","type":"post","link":"https:\/\/www.infokuryr.cz\/n\/2023\/02\/07\/pocet-obeti-zemetreseni-v-turecku-a-syrii-presahl-34-tisice-lidi\/","title":{"rendered":"Po\u010det ob\u011bt\u00ed zem\u011bt\u0159esen\u00ed v Turecku a S\u00fdrii p\u0159es\u00e1hl 3,4 tis\u00edce lid\u00ed"},"content":{"rendered":"<div id=\"fb-root\"><\/div>\n<p class=\"lead\"><span>Po\u010det ob\u011bt\u00ed zem\u011bt\u0159esen\u00ed v ji\u017en\u00edm Turecku vzrostl na 2316 lid\u00ed, uvedla agentura Anadolu s odvol\u00e1n\u00edm na tureck\u00fd \u00fa\u0159ad pro zvl\u00e1d\u00e1n\u00ed katastrof (AFAD).<\/span><\/p>\n<p><em><strong>&#8222;V\u00edce ne\u017e 2 316 lid\u00ed zem\u0159elo a 13 293 bylo zran\u011bno,&#8220;<span class=\"after-quote\">\u00a0&#8211; \u0159\u00edk\u00e1 zpr\u00e1va.<\/span><\/strong><\/em><\/p>\n<p><span>Podle AFAD bylo z trosek zachr\u00e1n\u011bno 7340 lid\u00ed.<\/span><\/p>\n<p><span>Na posti\u017een\u00e1 \u00fazem\u00ed bylo vysl\u00e1no celkem 14 720 p\u00e1trac\u00edch a z\u00e1chran\u00e1\u0159sk\u00fdch pracovn\u00edk\u016f a vojensk\u00e9ho person\u00e1lu, p\u00ed\u0161e agentura.<\/span><\/p>\n<p><span>Associated Press zase uv\u00e1d\u00ed, \u017ee vzhledem k t\u011bmto \u00fadaj\u016fm si zem\u011bt\u0159esen\u00ed celkem vy\u017e\u00e1dalo \u017eivoty v\u00edce ne\u017e 3400 lid\u00ed v Turecku a S\u00fdrii.<\/span><\/p>\n<p><span>V pond\u011bl\u00ed ve\u010der si siln\u00e9 zem\u011bt\u0159esen\u00ed v ji\u017en\u00edm Turecku a n\u00e1sledn\u00e9 echo ot\u0159esy vy\u017e\u00e1daly ob\u011bti a zna\u010dn\u00e9 \u0161kody v n\u011bkolika provinci\u00edch Turecka a tak\u00e9 v sousedn\u00ed S\u00fdrii.<\/span><\/p>\n<p><img decoding=\"async\" loading=\"lazy\" class=\"alignnone size-full wp-image-1185\" src=\"http:\/\/www.infokuryr.cz\/n\/wp-content\/uploads\/2021\/04\/kuryr-podpis.png\" alt=\"\" width=\"84\" height=\"24\" \/><\/p>\n<p>&nbsp;<\/p>\n<p><img decoding=\"async\" loading=\"lazy\" class=\"wp-image-19187 aligncenter\" src=\"http:\/\/www.infokuryr.cz\/n\/wp-content\/uploads\/2022\/12\/1-PRO-300x36.jpg\" alt=\"\" width=\"1083\" height=\"130\" srcset=\"https:\/\/www.infokuryr.cz\/n\/wp-content\/uploads\/2022\/12\/1-PRO-300x36.jpg 300w, https:\/\/www.infokuryr.cz\/n\/wp-content\/uploads\/2022\/12\/1-PRO.jpg 699w\" sizes=\"(max-width: 1083px) 100vw, 1083px\" \/><\/p>\n<p>&nbsp;<\/p>\n","protected":false},"excerpt":{"rendered":"<p>Po\u010det ob\u011bt\u00ed zem\u011bt\u0159esen\u00ed v ji\u017en\u00edm Turecku vzrostl na 2316 lid\u00ed, uvedla agentura Anadolu s odvol\u00e1n\u00edm&#8230;<\/p>\n","protected":false},"author":2,"featured_media":22467,"comment_status":"closed","ping_status":"closed","sticky":false,"template":"","format":"standard","meta":[],"categories":[7],"tags":[871,147,55,1038],"_links":{"self":[{"href":"https:\/\/www.infokuryr.cz\/n\/wp-json\/wp\/v2\/posts\/22466"}],"collection":[{"href":"https:\/\/www.infokuryr.cz\/n\/wp-json\/wp\/v2\/posts"}],"about":[{"href":"https:\/\/www.infokuryr.cz\/n\/wp-json\/wp\/v2\/types\/post"}],"author":[{"embeddable":true,"href":"https:\/\/www.infokuryr.cz\/n\/wp-json\/wp\/v2\/users\/2"}],"replies":[{"embeddable":true,"href":"https:\/\/www.infokuryr.cz\/n\/wp-json\/wp\/v2\/comments?post=22466"}],"version-history":[{"count":0,"href":"https:\/\/www.infokuryr.cz\/n\/wp-json\/wp\/v2\/posts\/22466\/revisions"}],"wp:featuredmedia":[{"embeddable":true,"href":"https:\/\/www.infokuryr.cz\/n\/wp-json\/wp\/v2\/media\/22467"}],"wp:attachment":[{"href":"https:\/\/www.infokuryr.cz\/n\/wp-json\/wp\/v2\/media?parent=22466"}],"wp:term":[{"taxonomy":"category","embeddable":true,"href":"https:\/\/www.infokuryr.cz\/n\/wp-json\/wp\/v2\/categories?post=22466"},{"taxonomy":"post_tag","embeddable":true,"href":"https:\/\/www.infokuryr.cz\/n\/wp-json\/wp\/v2\/tags?post=22466"}],"curies":[{"name":"wp","href":"https:\/\/api.w.org\/{rel}","templated":true}]}}