{"id":22465,"date":"2023-02-08T01:08:13","date_gmt":"2023-02-08T00:08:13","guid":{"rendered":"http:\/\/www.infokuryr.cz\/n\/?p=22465"},"modified":"2023-02-07T05:07:17","modified_gmt":"2023-02-07T04:07:17","slug":"guterres-konfrontace-mezi-ruskem-a-ukrajinou-by-mohla-vest-k-sirsimu-konfliktu","status":"publish","type":"post","link":"https:\/\/www.infokuryr.cz\/n\/2023\/02\/08\/guterres-konfrontace-mezi-ruskem-a-ukrajinou-by-mohla-vest-k-sirsimu-konfliktu\/","title":{"rendered":"Guterres: Konfrontace mezi Ruskem a Ukrajinou by mohla v\u00e9st k \u0161ir\u0161\u00edmu konfliktu"},"content":{"rendered":"<div id=\"fb-root\"><\/div>\n<p><strong>Hodiny soudn\u00e9ho dne ukazuj\u00ed 90 sekund do p\u016flnoci, ozn\u00e1mil Ant\u00f3nio Guterres p\u0159i projevu o stavu sv\u011bta v roce 2023.\u00a0Gener\u00e1ln\u00ed tajemn\u00edk OSN z\u00e1rove\u0148 vyj\u00e1d\u0159il obavu, \u017ee eskalace nep\u0159\u00e1telsk\u00fdch akc\u00ed na Ukrajin\u011b by mohla v\u00e9st k mnohem rozs\u00e1hlej\u0161\u00edmu konfliktu, do kter\u00e9ho by byl zapojen cel\u00fd sv\u011bt, p\u00ed\u0161e Newsweek.<\/strong><\/p>\n<p>Gener\u00e1ln\u00ed tajemn\u00edk OSN Ant\u00f3nio Guterres v pond\u011bl\u00ed varoval, \u017ee patov\u00e1 situace mezi Ruskem a Ukrajinou by mohla v\u00e9st k \u0161ir\u0161\u00edmu glob\u00e1ln\u00edmu konfliktu, p\u00ed\u0161e Newsweek.<\/p>\n<p>Vysok\u00fd politik a diplomat v pond\u011bl\u00ed r\u00e1no oslovil \u010dlensk\u00e9 st\u00e1ty OSN s projevem o stavu sv\u011bta v roce 2023.\u00a0B\u011bhem sv\u00e9ho projevu se dotkl t\u00e9matu \u201eHodiny soudn\u00e9ho dne\u201c \u2013 symbolick\u00e9 m\u011b\u0159en\u00ed pou\u017e\u00edvan\u00e9 od roku 1947 k tomu, aby uk\u00e1zalo, jak bl\u00edzko je lidstvo glob\u00e1ln\u00ed katastrof\u011b, pokud jde o mno\u017estv\u00ed \u010dasu do p\u016flnoci, kter\u00fd tyto \u201ehodiny\u201c ukazuj\u00ed.<\/p>\n<p>Letos Guterres s odvol\u00e1n\u00edm na faktory, jako je rusk\u00e1 speci\u00e1ln\u00ed operace na Ukrajin\u011b, rychl\u00e9 zm\u011bny klimatu a p\u0159etrv\u00e1vaj\u00edc\u00ed jadern\u00e9 hrozby podr\u00fdvaj\u00edc\u00ed glob\u00e1ln\u00ed soci\u00e1ln\u00ed strukturu, uvedl, \u017ee hodiny jsou od za\u010d\u00e1tku tohoto roku na 90 sekund\u00e1ch do p\u016flnoci, tedy o 10 sekund bl\u00ed\u017e ne\u017e v lednu. 2020 a bl\u00ed\u017e ne\u017e kdy jindy.<\/p>\n<p>V diskusi o t\u011bchto hrozb\u00e1ch pro glob\u00e1ln\u00ed stabilitu Guterres hovo\u0159il o sv\u00fdch obav\u00e1ch z prob\u00edhaj\u00edc\u00ed rusk\u00e9 vojensk\u00e9 operace na Ukrajin\u011b.\u00a0Gener\u00e1ln\u00ed tajemn\u00edk OSN varoval, \u017ee v\u00fdvoj t\u00e9to konfrontace by mohl zapojit zbytek sv\u011bta do mnohem \u0161ir\u0161\u00edho glob\u00e1ln\u00edho konfliktu.<\/p>\n<p><em>&#8222;Vyhl\u00eddky na m\u00edr nad\u00e1le klesaj\u00ed.\u00a0Rizika dal\u0161\u00ed eskalace nap\u011bt\u00ed a krveprolit\u00ed nad\u00e1le rostou,<\/em>\u00a0varoval Guterres.\u00a0<em>&#8222;Ob\u00e1v\u00e1m se, \u017ee sv\u011bt je\u0161t\u011b nesp\u00ed na \u0161ir\u0161\u00ed v\u00e1lku.&#8220;\u00a0Ob\u00e1v\u00e1m se, \u017ee to d\u011bl\u00e1 s o\u010dima doko\u0159\u00e1n.\u201c<\/em><\/p>\n<p>Podle Newsweeku to bude brzy rok od zah\u00e1jen\u00ed rusk\u00e9 vojensk\u00e9 speci\u00e1ln\u00ed operace na Ukrajin\u011b.\u00a0Mezit\u00edm se boje protahuj\u00ed a vykazuj\u00ed ur\u010dit\u00e9 zn\u00e1mky eskalace konfliktu.\u00a0To, co Rusko p\u016fvodn\u011b pl\u00e1novalo jako rychlou operaci k p\u0159evzet\u00ed kontroly nad kl\u00ed\u010dov\u00fdmi body na Ukrajin\u011b, se od t\u00e9 doby zm\u011bnilo v napjat\u00fd boj o kontrolu nad Donbasem.<\/p>\n<p>Zat\u00edmco spojenci jako Spojen\u00e9 st\u00e1ty, Brit\u00e1nie a N\u011bmecko nad\u00e1le poskytuj\u00ed Ukrajin\u011b vojenskou pomoc, z\u00e1padn\u00ed partne\u0159i se pe\u010dliv\u011b vyh\u00fdbaj\u00ed krok\u016fm, kter\u00e9 by potenci\u00e1ln\u011b mohly v\u00e9st k \u0161ir\u0161\u00edmu glob\u00e1ln\u00edmu konfliktu.\u00a0To plat\u00ed i pro vytv\u00e1\u0159en\u00ed bezletov\u00fdch z\u00f3n, poznamen\u00e1vaj\u00ed noviny.<\/p>\n<p>Putin a dal\u0161\u00ed ru\u0161t\u00ed v\u016fdci tak\u00e9 neust\u00e1le vyhro\u017euj\u00ed jadern\u00fdmi odvetn\u00fdmi opat\u0159en\u00edmi proti Ukrajin\u011b a jej\u00edm spojenc\u016fm, kte\u0159\u00ed ji podporuj\u00ed, i kdy\u017e z\u016fst\u00e1v\u00e1 nejasn\u00e9, kdy by mohl na\u0159\u00eddit jadern\u00e9 \u00fadery, \u0159\u00edk\u00e1 Newsweek.\u00a0Za\u010d\u00e1tkem tohoto t\u00fddne b\u00fdval\u00fd rusk\u00fd prezident Dmitrij Medved\u011bv varoval, \u017ee Ukrajina obdr\u017e\u00ed jadern\u00e9\u00a0<em>\u201eodvetn\u00e9 \u00fadery\u201c<\/em>\u00a0v reakci na jak\u00e9koli \u00fatoky na Krymsk\u00fd poloostrov, kter\u00fd se v roce 2014 stal sou\u010d\u00e1st\u00ed Ruska.<\/p>\n<p><em>&#8222;V tomto p\u0159\u00edpad\u011b nebudou \u017e\u00e1dn\u00e1 jedn\u00e1n\u00ed, budou pouze odvetn\u00e9 \u00fadery,<\/em>\u00a0&#8220; \u0159ekl v sobotu Medved\u011bv, uvedl Newsweek.<\/p>\n<p><img decoding=\"async\" loading=\"lazy\" class=\"alignnone size-full wp-image-1185\" src=\"http:\/\/www.infokuryr.cz\/n\/wp-content\/uploads\/2021\/04\/kuryr-podpis.png\" alt=\"\" width=\"84\" height=\"24\" \/><\/p>\n<p>&nbsp;<\/p>\n<p><img decoding=\"async\" loading=\"lazy\" class=\"wp-image-19187 aligncenter\" src=\"http:\/\/www.infokuryr.cz\/n\/wp-content\/uploads\/2022\/12\/1-PRO-300x36.jpg\" alt=\"\" width=\"1133\" height=\"136\" srcset=\"https:\/\/www.infokuryr.cz\/n\/wp-content\/uploads\/2022\/12\/1-PRO-300x36.jpg 300w, https:\/\/www.infokuryr.cz\/n\/wp-content\/uploads\/2022\/12\/1-PRO.jpg 699w\" sizes=\"(max-width: 1133px) 100vw, 1133px\" \/><\/p>\n<p>&nbsp;<\/p>\n","protected":false},"excerpt":{"rendered":"<p>Hodiny soudn\u00e9ho dne ukazuj\u00ed 90 sekund do p\u016flnoci, ozn\u00e1mil Ant\u00f3nio Guterres p\u0159i projevu o stavu&#8230;<\/p>\n","protected":false},"author":2,"featured_media":1622,"comment_status":"closed","ping_status":"closed","sticky":false,"template":"","format":"standard","meta":[],"categories":[7],"tags":[1232,220,22,26,40],"_links":{"self":[{"href":"https:\/\/www.infokuryr.cz\/n\/wp-json\/wp\/v2\/posts\/22465"}],"collection":[{"href":"https:\/\/www.infokuryr.cz\/n\/wp-json\/wp\/v2\/posts"}],"about":[{"href":"https:\/\/www.infokuryr.cz\/n\/wp-json\/wp\/v2\/types\/post"}],"author":[{"embeddable":true,"href":"https:\/\/www.infokuryr.cz\/n\/wp-json\/wp\/v2\/users\/2"}],"replies":[{"embeddable":true,"href":"https:\/\/www.infokuryr.cz\/n\/wp-json\/wp\/v2\/comments?post=22465"}],"version-history":[{"count":0,"href":"https:\/\/www.infokuryr.cz\/n\/wp-json\/wp\/v2\/posts\/22465\/revisions"}],"wp:featuredmedia":[{"embeddable":true,"href":"https:\/\/www.infokuryr.cz\/n\/wp-json\/wp\/v2\/media\/1622"}],"wp:attachment":[{"href":"https:\/\/www.infokuryr.cz\/n\/wp-json\/wp\/v2\/media?parent=22465"}],"wp:term":[{"taxonomy":"category","embeddable":true,"href":"https:\/\/www.infokuryr.cz\/n\/wp-json\/wp\/v2\/categories?post=22465"},{"taxonomy":"post_tag","embeddable":true,"href":"https:\/\/www.infokuryr.cz\/n\/wp-json\/wp\/v2\/tags?post=22465"}],"curies":[{"name":"wp","href":"https:\/\/api.w.org\/{rel}","templated":true}]}}