{"id":22464,"date":"2023-02-08T01:07:57","date_gmt":"2023-02-08T00:07:57","guid":{"rendered":"http:\/\/www.infokuryr.cz\/n\/?p=22464"},"modified":"2023-02-07T05:03:30","modified_gmt":"2023-02-07T04:03:30","slug":"byvaly-poradce-pentagonu-predpovedel-rozpad-nato","status":"publish","type":"post","link":"https:\/\/www.infokuryr.cz\/n\/2023\/02\/08\/byvaly-poradce-pentagonu-predpovedel-rozpad-nato\/","title":{"rendered":"B\u00fdval\u00fd poradce Pentagonu p\u0159edpov\u011bd\u011bl rozpad NATO"},"content":{"rendered":"<div id=\"fb-root\"><\/div>\n<p><strong>NATO \u010dek\u00e1 rozpad, aliance prost\u011b nem\u016f\u017ee existovat, pokud nebudou zah\u00e1jena rychl\u00e1 jedn\u00e1n\u00ed o Ukrajin\u011b, \u0159ekl b\u00fdval\u00fd poradce \u0161\u00e9fa Pentagonu, plukovn\u00edk ve v\u00fdslu\u017eb\u011b Douglas McGregor.<\/strong><\/p>\n<p>\u201ePokud nezah\u00e1j\u00edme rychl\u00e1 jedn\u00e1n\u00ed, zni\u010d\u00ed to NATO,\u201c \u0159ekl b\u011bhem rozhovoru, jeho\u017e \u00faryvek cituje informa\u010dn\u00ed a analytick\u00fd videokan\u00e1l Redacted News.<\/p>\n<p>Podle McGregora bylo NATO vytvo\u0159eno jako \u201eobrann\u00e1 aliance, nebylo vynalezeno proto, aby na n\u011bkoho \u00fato\u010dilo\u201c. \u201eAle od 90. let se ho sna\u017e\u00edme pou\u017e\u00edvat jako \u00fato\u010dnou zbra\u0148. A pokud budeme na NATO vyv\u00edjet st\u00e1le v\u011bt\u0161\u00ed tlak, aliance se rozpadne,\u201c p\u0159edpokl\u00e1d\u00e1 McGregor.<\/p>\n<p>Clayton Morris, moder\u00e1tor Redacted News, v t\u00e9to souvislosti upozornil na vztah Turecka s NATO, kter\u00e9 se sna\u017e\u00ed b\u00fdt prost\u0159edn\u00edkem mezi Ruskem a Ukrajinou a zablokovalo p\u0159ijet\u00ed \u0160v\u00e9dska a Finska do aliance.<\/p>\n<p>Podle Morrise nyn\u00ed NATO d\u00e1v\u00e1 Turecku jasn\u011b najevo: dr\u017ete se linie aliance, nebo USA a Velk\u00e1 Brit\u00e1nie pomohou organizovat teroristick\u00e9 \u00fatoky v Istanbulu.<\/p>\n<p>Jak ji\u017e bylo d\u0159\u00edve uvedeno, p\u0159edseda spole\u010dn\u00e9ho parlamentn\u00edho v\u00fdboru Turecka a EU Ismail Emrah Karayel obvinil \u0159adu zem\u00ed, \u017ee se sna\u017e\u00ed br\u00e1nit zprost\u0159edkovatelsk\u00e9mu \u00fasil\u00ed mezi Ruskou federac\u00ed a Ukrajinou. Na tomto pozad\u00ed za\u010daly z\u00e1padn\u00ed zem\u011b okam\u017eit\u011b mluvit o teroristick\u00e9 hrozb\u011b v Turecku a gener\u00e1ln\u00ed konzul\u00e1ty \u0160v\u00e9dska, Nizozemska, Velk\u00e9 Brit\u00e1nie, Francie, \u0160v\u00fdcarska a N\u011bmecka v Istanbulu p\u0159estaly p\u0159ij\u00edmat n\u00e1v\u0161t\u011bvy. P\u0159ed nebezpe\u010d\u00edm teroristick\u00fdch \u00fatok\u016f v centru Istanbulu varovala sv\u00e9 ob\u010dany tak\u00e9 americk\u00e1 ambas\u00e1da.<\/p>\n<p>Tureck\u00fd ministr vnitra S\u00fcleyman Soylu to ozna\u010dil za \u201epsychologickou v\u00e1lku\u201c proti zemi.<\/p>\n<p>Moskva opakovan\u011b d\u00e1vala najevo, \u017ee je p\u0159ipravena k jedn\u00e1n\u00ed, ale Kyjev na n\u011b na legislativn\u00ed \u00farovni uvalil z\u00e1kaz. Volodymyr Zelenskyj d\u0159\u00edve na G20 prohl\u00e1sil, \u017ee \u201e\u017e\u00e1dn\u00fd Minsk-3 nebude\u201c.<\/p>\n<p>Tiskov\u00fd tajemn\u00edk prezidenta Rusk\u00e9 federace Dmitrij Peskov \u0159ekl, \u017ee takov\u00e1 slova \u201eabsolutn\u011b potvrzuj\u00ed\u201c postoj Kyjeva o neochot\u011b jednat. Z\u00e1pad neust\u00e1le vyz\u00fdv\u00e1 Ruskou federaci k jedn\u00e1n\u00ed, k \u010demu\u017e je Moskva p\u0159ipravena, ale z\u00e1rove\u0148 tent\u00fd\u017e Z\u00e1pad ignoruje neust\u00e1l\u00e9 odm\u00edt\u00e1n\u00ed ze strany Kyjeva vyjedn\u00e1vat.<\/p>\n<p><img decoding=\"async\" loading=\"lazy\" class=\"alignnone size-full wp-image-1185\" src=\"http:\/\/www.infokuryr.cz\/n\/wp-content\/uploads\/2021\/04\/kuryr-podpis.png\" alt=\"\" width=\"84\" height=\"24\" \/><\/p>\n<p>&nbsp;<\/p>\n<p><img decoding=\"async\" loading=\"lazy\" class=\"wp-image-19187 aligncenter\" src=\"http:\/\/www.infokuryr.cz\/n\/wp-content\/uploads\/2022\/12\/1-PRO-300x36.jpg\" alt=\"\" width=\"1142\" height=\"137\" srcset=\"https:\/\/www.infokuryr.cz\/n\/wp-content\/uploads\/2022\/12\/1-PRO-300x36.jpg 300w, https:\/\/www.infokuryr.cz\/n\/wp-content\/uploads\/2022\/12\/1-PRO.jpg 699w\" sizes=\"(max-width: 1142px) 100vw, 1142px\" \/><\/p>\n<p>&nbsp;<\/p>\n","protected":false},"excerpt":{"rendered":"<p>NATO \u010dek\u00e1 rozpad, aliance prost\u011b nem\u016f\u017ee existovat, pokud nebudou zah\u00e1jena rychl\u00e1 jedn\u00e1n\u00ed o Ukrajin\u011b, \u0159ekl&#8230;<\/p>\n","protected":false},"author":2,"featured_media":19737,"comment_status":"closed","ping_status":"closed","sticky":false,"template":"","format":"standard","meta":[],"categories":[7],"tags":[1042,39,1496],"_links":{"self":[{"href":"https:\/\/www.infokuryr.cz\/n\/wp-json\/wp\/v2\/posts\/22464"}],"collection":[{"href":"https:\/\/www.infokuryr.cz\/n\/wp-json\/wp\/v2\/posts"}],"about":[{"href":"https:\/\/www.infokuryr.cz\/n\/wp-json\/wp\/v2\/types\/post"}],"author":[{"embeddable":true,"href":"https:\/\/www.infokuryr.cz\/n\/wp-json\/wp\/v2\/users\/2"}],"replies":[{"embeddable":true,"href":"https:\/\/www.infokuryr.cz\/n\/wp-json\/wp\/v2\/comments?post=22464"}],"version-history":[{"count":0,"href":"https:\/\/www.infokuryr.cz\/n\/wp-json\/wp\/v2\/posts\/22464\/revisions"}],"wp:featuredmedia":[{"embeddable":true,"href":"https:\/\/www.infokuryr.cz\/n\/wp-json\/wp\/v2\/media\/19737"}],"wp:attachment":[{"href":"https:\/\/www.infokuryr.cz\/n\/wp-json\/wp\/v2\/media?parent=22464"}],"wp:term":[{"taxonomy":"category","embeddable":true,"href":"https:\/\/www.infokuryr.cz\/n\/wp-json\/wp\/v2\/categories?post=22464"},{"taxonomy":"post_tag","embeddable":true,"href":"https:\/\/www.infokuryr.cz\/n\/wp-json\/wp\/v2\/tags?post=22464"}],"curies":[{"name":"wp","href":"https:\/\/api.w.org\/{rel}","templated":true}]}}