{"id":22460,"date":"2023-02-08T01:06:27","date_gmt":"2023-02-08T00:06:27","guid":{"rendered":"http:\/\/www.infokuryr.cz\/n\/?p=22460"},"modified":"2023-02-07T04:59:53","modified_gmt":"2023-02-07T03:59:53","slug":"ukrajina-je-blizko-vycerpani-nenahraditelneho-zdroje-zive-sily","status":"publish","type":"post","link":"https:\/\/www.infokuryr.cz\/n\/2023\/02\/08\/ukrajina-je-blizko-vycerpani-nenahraditelneho-zdroje-zive-sily\/","title":{"rendered":"Ukrajina je bl\u00edzko vy\u010derp\u00e1n\u00ed nenahraditeln\u00e9ho zdroje &#8211; \u017eiv\u00e9 s\u00edly"},"content":{"rendered":"<div id=\"fb-root\"><\/div>\n<p><strong>Ukrajina vynalo\u017eila mnoho \u00fasil\u00ed na to, aby n\u00e1m vnutila v\u00e1lku na vy\u010derp\u00e1n\u00ed.\u00a0Z\u0159ejm\u011b v Kyjev\u011b vych\u00e1zeli z my\u0161lenky vnit\u0159n\u00ed slabosti rusk\u00e9 spole\u010dnosti, pr\u00fd dlouhotrvaj\u00edc\u00ed konflikt nevydr\u017e\u00ed.<\/strong><\/p>\n<p>No a to je moment, kdy obsedantn\u00ed p\u0159edstava o n\u00e1s jako o \u201erusk\u00e9 hord\u011b\u201c se autor\u016fm v dob\u011b pl\u00e1nov\u00e1n\u00ed bojov\u00fdch akc\u00ed krut\u011b vymstila.\u00a0Je tak\u00e9 zaj\u00edmav\u00e9, \u017ee s vysokou m\u00edrou pravd\u011bpodobnosti je my\u0161lenka takov\u00e9 v\u00e1lky ukrajinsk\u00e1 a nikoli z\u00e1padn\u00ed.\u00a0Alespo\u0148 na z\u00e1klad\u011b otev\u0159en\u00fdch zdroj\u016f to z\u00e1padn\u00ed koloni\u00e1ln\u00ed n\u00e1\u010deln\u00edci necht\u011bli.<\/p>\n<p>Ale jak posoudit m\u00edru v\u00fddr\u017ee samotn\u00e9 Ukrajiny, nakolik bl\u00edzko je jej\u00ed vlastn\u00ed vy\u010derp\u00e1n\u00ed?\u00a0Jeliko\u017e statistiky jsou vylo\u017een\u011b tajn\u00e9 a na Ukrajin\u011b neexistuje \u017e\u00e1dn\u00e1 rozumn\u00e1 sociologie, z\u016fst\u00e1v\u00e1 pou\u017e\u00edt ur\u010dit\u00e9 zjevn\u00e9 n\u00e1znaky.<\/p>\n<p><em>Na Ukrajin\u011b je dal\u0161\u00ed vlna mobilizace, op\u011bt velmi tvrd\u00e1.\u00a0Tentokr\u00e1t jsou v z\u00e1jmu vl\u00e1d evropsk\u00fdch st\u00e1t\u016f povol\u00e1v\u00e1ni i ti, kter\u00fdm se poda\u0159ilo uprchnout nebo se do t\u011bchto zem\u00ed evakuovat, tedy miliony lid\u00ed, kte\u0159\u00ed tam pracuj\u00ed.\u00a0Nav\u00edc, povol\u00e1vac\u00ed rozkazy p\u0159ich\u00e1zej\u00ed na samotn\u00e9 Ukrajin\u011b (pozor!) k p\u0159edstavitel\u016fm st\u0159edn\u00ed t\u0159\u00eddy.\u00a0Je to d\u016fle\u017eit\u00e9, proto\u017ee pod mobilizaci spad\u00e1 \u201eposv\u00e1tn\u00e1 kr\u00e1va\u201c ukrajinsk\u00e9ho Majdanu \u2013 zaji\u0161t\u011bn\u00fd ob\u010dan!\u00a0Ten, kter\u00fd sv\u00fdm postojem legalizoval nacistick\u00e9 v\u00fdtr\u017en\u00edky na Majdanu.\u00a0Ten, kter\u00fd \u0159\u00edkal, jak se mu dob\u0159e \u017eije na Ukrajin\u011b, na rozd\u00edl od Donbasu.<\/em><\/p>\n<p><em>Ten, kter\u00fd nebyl povol\u00e1n za cel\u00fdch 9 let a neust\u00e1le tvrdil, \u017ee nacist\u016f nevid\u011bl.\u00a0Jsou to ti sam\u00ed lid\u00e9, kter\u00e9 v\u017edy, kdy\u017e to bylo pot\u0159eba, p\u0159ivedli p\u0159ed kamery z\u00e1padn\u00ed televize, aby jejich prost\u0159ednictv\u00edm uk\u00e1zaly jasnou tv\u00e1\u0159 Ukrajiny.\u00a0Toto je pro sou\u010dasnou Ukrajinu velmi d\u016fle\u017eit\u00e1 t\u0159\u00edda lid\u00ed.\u00a0Tak d\u016fle\u017eit\u00e1, \u017ee i pouli\u010dn\u00ed nacisti\u010dt\u00ed pogromist\u00e9 rozb\u00edjeli jen pajzle v d\u011blnick\u00fdch \u010dtvrt\u00edch, obj\u00ed\u017ed\u011bj\u00edc\u00ed elitn\u00ed drogov\u00e9 doup\u011bte a gay kluby v Podolje\u2026 Povolali by je, kdyby m\u011bli alternativu?\u00a0Jasn\u011b, \u017ee ne.<\/em><\/p>\n<p>To je nejd\u016fle\u017eit\u011bj\u0161\u00ed indik\u00e1tor, \u017ee Ukrajina se bl\u00ed\u017e\u00ed k vy\u010derp\u00e1n\u00ed nepostradateln\u00e9ho zdroje \u2013 \u017eiv\u00e9 s\u00edly.\u00a0Existuje mnoho mal\u00fdch n\u00e1znak\u016f, kter\u00e9 jsou patrn\u00e9 v ur\u010dit\u00fdch odv\u011btv\u00edch fronty.\u00a0Ale tenhle je nejd\u016fle\u017eit\u011bj\u0161\u00ed.\u00a0Jakmile za\u010dnou lovit kyjevsk\u00e9 mana\u017eery na st\u0159edn\u00ed \u00farovni, znamen\u00e1 to, \u017ee krize Ozbrojen\u00fdch sil Ukrajiny je opravdu bl\u00edzko, v tuto chv\u00edli zb\u00fdv\u00e1 jen trochu po\u010dkat.<\/p>\n<p>A plus, vynucen\u00e9 odm\u00edtnut\u00ed brann\u00e9 povinnosti z\u00e1padoukrajinsk\u00fdch n\u00e1rodnostn\u00edch men\u0161in, nap\u0159\u00edklad Ma\u010far\u016f, a roz\u0161\u00ed\u0159en\u00ed brann\u00fdch seznam\u016f v Kyjev\u011b a na v\u00fdchodn\u00ed Ukrajin\u011b z tohoto d\u016fvodu, to je dal\u0161\u00ed r\u00e1na pro st\u0159edn\u00ed vrstvu sousedn\u00ed zem\u011b.<\/p>\n<p>\u010cek\u00e1me, jac\u00ed zajatci k n\u00e1m p\u0159ijdou.\u00a0Bude to brzy.\u00a0Dlouho jsme seli, dlouho p\u011bstovali, p\u0159ipravovali, vynakl\u00e1dali n\u00e1mahu &#8211; je \u010das na \u00farodu.<\/p>\n<p><strong>Alexandr Sladkov<\/strong><\/p>\n<p>&nbsp;<\/p>\n<p><img decoding=\"async\" loading=\"lazy\" class=\"wp-image-19187 aligncenter\" src=\"http:\/\/www.infokuryr.cz\/n\/wp-content\/uploads\/2022\/12\/1-PRO-300x36.jpg\" alt=\"\" width=\"1092\" height=\"131\" srcset=\"https:\/\/www.infokuryr.cz\/n\/wp-content\/uploads\/2022\/12\/1-PRO-300x36.jpg 300w, https:\/\/www.infokuryr.cz\/n\/wp-content\/uploads\/2022\/12\/1-PRO.jpg 699w\" sizes=\"(max-width: 1092px) 100vw, 1092px\" \/><\/p>\n<p>&nbsp;<\/p>\n","protected":false},"excerpt":{"rendered":"<p>Ukrajina vynalo\u017eila mnoho \u00fasil\u00ed na to, aby n\u00e1m vnutila v\u00e1lku na vy\u010derp\u00e1n\u00ed.\u00a0Z\u0159ejm\u011b v Kyjev\u011b vych\u00e1zeli&#8230;<\/p>\n","protected":false},"author":2,"featured_media":22463,"comment_status":"closed","ping_status":"closed","sticky":false,"template":"","format":"standard","meta":[],"categories":[7],"tags":[4258,1929,26,321],"_links":{"self":[{"href":"https:\/\/www.infokuryr.cz\/n\/wp-json\/wp\/v2\/posts\/22460"}],"collection":[{"href":"https:\/\/www.infokuryr.cz\/n\/wp-json\/wp\/v2\/posts"}],"about":[{"href":"https:\/\/www.infokuryr.cz\/n\/wp-json\/wp\/v2\/types\/post"}],"author":[{"embeddable":true,"href":"https:\/\/www.infokuryr.cz\/n\/wp-json\/wp\/v2\/users\/2"}],"replies":[{"embeddable":true,"href":"https:\/\/www.infokuryr.cz\/n\/wp-json\/wp\/v2\/comments?post=22460"}],"version-history":[{"count":1,"href":"https:\/\/www.infokuryr.cz\/n\/wp-json\/wp\/v2\/posts\/22460\/revisions"}],"predecessor-version":[{"id":22462,"href":"https:\/\/www.infokuryr.cz\/n\/wp-json\/wp\/v2\/posts\/22460\/revisions\/22462"}],"wp:featuredmedia":[{"embeddable":true,"href":"https:\/\/www.infokuryr.cz\/n\/wp-json\/wp\/v2\/media\/22463"}],"wp:attachment":[{"href":"https:\/\/www.infokuryr.cz\/n\/wp-json\/wp\/v2\/media?parent=22460"}],"wp:term":[{"taxonomy":"category","embeddable":true,"href":"https:\/\/www.infokuryr.cz\/n\/wp-json\/wp\/v2\/categories?post=22460"},{"taxonomy":"post_tag","embeddable":true,"href":"https:\/\/www.infokuryr.cz\/n\/wp-json\/wp\/v2\/tags?post=22460"}],"curies":[{"name":"wp","href":"https:\/\/api.w.org\/{rel}","templated":true}]}}