{"id":22446,"date":"2023-02-07T04:26:39","date_gmt":"2023-02-07T03:26:39","guid":{"rendered":"http:\/\/www.infokuryr.cz\/n\/?p=22446"},"modified":"2023-02-07T04:26:39","modified_gmt":"2023-02-07T03:26:39","slug":"dejte-sve-spinave-ruce-pryc-od-turecka-a-nevmesujte-se-do-vnitrnich-zalezitosti-madarska","status":"publish","type":"post","link":"https:\/\/www.infokuryr.cz\/n\/2023\/02\/07\/dejte-sve-spinave-ruce-pryc-od-turecka-a-nevmesujte-se-do-vnitrnich-zalezitosti-madarska\/","title":{"rendered":"Dejte sv\u00e9 \u0161pinav\u00e9 ruce pry\u010d od Turecka! A nevm\u011b\u0161ujte se do vnit\u0159n\u00edch z\u00e1le\u017eitost\u00ed Ma\u010farska!"},"content":{"rendered":"<div id=\"fb-root\"><\/div>\n<h4>Dejte sv\u00e9 \u0161pinav\u00e9 ruce pry\u010d od Turecka! A nevm\u011b\u0161ujte se do vnit\u0159n\u00edch z\u00e1le\u017eitost\u00ed Ma\u010farska! Dv\u011b zem\u011b, dva minist\u0159i a k\u0159ik na dva americk\u00e9 velvyslance! Tureck\u00fd ministr vnitra vyzval americk\u00e9ho velvyslance, aby dal sv\u00e9 \u0161pinav\u00e9 ruce pry\u010d od Turecka a p\u0159estal pl\u00e1novat st\u00e1tn\u00ed p\u0159evrat v Turecku! Ministr novin\u00e1\u0159\u016fm vyl\u00ed\u010dil, jak ameri\u010dt\u00ed velvyslanci v Turecku nep\u0159etr\u017eit\u011b a neust\u00e1le pl\u00e1nuj\u00ed, jak v Turecku prov\u00e9st pu\u010d proti Erdoganovi, kter\u00fd se rozhodl pro sbli\u017eov\u00e1n\u00ed s Ruskem! A ma\u010farsk\u00fd ministr reagoval na \u00fato\u010dn\u00fd \u010dl\u00e1nek americk\u00e9ho velvyslance!<\/h4>\n<p>Tureck\u00fd ministr vnitra Suleyman Soylu odvys\u00edlal 3. \u00fanora 2023 v tureck\u00e9 televizi dosud nejv\u00fdbu\u0161n\u011bj\u0161\u00ed \u00fatok proti USA v historii Turecka, kdy\u017e<strong>\u00a0obvinil [<a href=\"https:\/\/href.li\/?https:\/\/www.middleeastmonitor.com\/20230204-turkiye-interior-minister-to-us-ambassador-take-your-dirty-hands-off-turkiye\/\" target=\"_blank\" rel=\"nofollow noopener\">1<\/a>] americk\u00e9 velvyslance v Turecku, kte\u0159\u00ed v posledn\u00edch letech zastupovali v zemi americk\u00e9 z\u00e1jmy, \u017ee pravideln\u011b pl\u00e1novali a st\u00e1le pl\u00e1nuj\u00ed proveden\u00ed st\u00e1tn\u00edho p\u0159evratu v Turecku proti Erdoganovi<\/strong>, a \u017ee do t\u011bchto p\u0159\u00edprav zatahuj\u00ed i velvyslance zem\u00ed Evropsk\u00e9 unie, aby v tom americk\u00e1 ambas\u00e1da nebyla sama. Soylu barvit\u011b vyl\u00ed\u010dil, jak americk\u00fd velvyslanec si svol\u00e1v\u00e1 velvyslance zem\u00ed EU v Turecku a spole\u010dn\u011b se domlouvaj\u00ed na tom, jak rozdm\u00fdchat v Turecku ob\u010dansk\u00e9 nepokoje, jak ovlivnit volby, jak p\u0159ivodit povst\u00e1n\u00ed v ulic\u00edch a jak p\u0159ivodit st\u00e1tn\u00ed p\u0159evrat a svrhnout prezidenta Erdogana, kter\u00fd za\u010dal tureckou zahrani\u010dn\u00ed politiku p\u0159ibli\u017eovat k Rusk\u00e9 federaci a sou\u010dasn\u011b vzdalovat od USA a od Evropsk\u00e9 unie.<\/p>\n<p>&nbsp;<\/p>\n<div id=\"rumble_v25y8c4\">\n<div id=\"vid_v25y8c4\" class=\"rumble_v25y8c4-Rumble-cls\" tabindex=\"-1\">\n<div class=\"bigPlayUI ctp\">\n<div class=\"bigPlayUIInner ctp\"><div class='videoWrapper'>\r\n\t            <iframe src='https:\/\/rumble.com\/embed\/pj.v25y8c4\/' frameborder='0' allowfullscreen><\/iframe>\r\n\t        <\/div><\/div>\n<\/div>\n<\/div>\n<\/div>\n<p>&nbsp;<\/p>\n<p>Neuv\u011b\u0159iteln\u00e1 tiskov\u00e1 konference tureck\u00e9ho ministra vnitra prob\u011bhla pot\u00e9, co v n\u011bkolika evropsk\u00fdch m\u011bstech prob\u011bhla manifesta\u010dn\u00ed p\u00e1len\u00ed Kor\u00e1nu v tureck\u00e9m vyd\u00e1n\u00ed jako forma protestu proti Turecku za vojensk\u00e9 akce proti Kurd\u016fm a rovn\u011b\u017e na protest proti po\u017eadavku Ankary, aby \u0160v\u00e9dsko vydalo do Turecka n\u011bkolik kurdsk\u00fdch uprchl\u00edk\u016f a rovn\u011b\u017e gener\u00e1l\u016f, kte\u0159\u00ed se m\u011bli v roce 2016 na pokyn americk\u00e9 CIA \u00fa\u010dastnit pokusu o vojensk\u00fd p\u0159evrat v Turecku. \u0160v\u00e9dsk\u00fd soud ale p\u0159ed n\u011bkolika t\u00fddny vyd\u00e1n\u00ed t\u011bchto osob zam\u00edtl s od\u016fvodn\u011bn\u00edm, \u017ee osoby maj\u00ed ve \u0160v\u00e9dsku politick\u00fd azyl a nelze tyto osoby tud\u00ed\u017e do Turecka vydat. Ankara na to reagovala prohl\u00e1\u0161en\u00edm, \u017ee v tom p\u0159\u00edpad\u011b Turecko zablokuje vstup \u0160v\u00e9dska do NATO. Jen\u017ee, to byl teprve za\u010d\u00e1tek.<\/p>\n<h6><span style=\"font-size: 18pt;\">Turecko je na pokraji v\u00e1lky s USA, obvin\u011bn\u00ed americk\u00fdch velvyslanc\u016f z p\u0159\u00edpravy pu\u010d\u016f je nov\u00fd bod zlomu<\/span><\/h6>\n<p>Ve \u0160v\u00e9dsku za\u010daly organizovan\u00e9 protesty proti Erdoganov\u011b vl\u00e1d\u011b v Turecku a organiz\u00e1to\u0159i demonstrac\u00ed po\u017e\u00e1dali \u0161v\u00e9dsk\u00e9 \u00fa\u0159ady o poveln\u00ed, aby mohli p\u0159ed tureck\u00fdm velvyslanectv\u00edm ve Stockholmu p\u00e1lit tureck\u00fd Kor\u00e1n.\u00a0<strong>A \u00fa\u0159ady naprosto p\u0159ekvapiv\u011b, v rozporu se \u0161v\u00e9dsk\u00fdm z\u00e1konem proti p\u0159edsude\u010dn\u00e9 nen\u00e1visti, kter\u00fd n\u011bco takov\u00e9ho zakazuje, toto povolen\u00ed p\u0159ekvapiv\u011b vydaly, na pokyn americk\u00e9ho velvyslance ve \u0160v\u00e9dsku, jak se posl\u00e9ze objevilo v tureck\u00e9m tisku.<\/strong><\/p>\n<p>\u0160v\u00e9dsk\u00e9 \u00fa\u0159ady tak daly povolen\u00ed k p\u00e1len\u00ed tureck\u00e9ho Kor\u00e1nu. Odezva Ankary se dala p\u0159irovnat k explozi vzteku a k rozlomen\u00ed vztah\u016f s USA, kter\u00e9 nebyly nijak dobr\u00e9 od nepoveden\u00e9ho p\u0159evratu v Turecku v roce 2016, ale to nebylo nic ve srovn\u00e1n\u00edm s t\u00edm, co se d\u011bje te\u010f. Ministr vnitra p\u0159\u00edmo narovinu obvinil americk\u00e9ho velvyslance z p\u0159\u00edpravy st\u00e1tn\u00edho p\u0159evratu v Turecku.<\/p>\n<figure id=\"attachment_25569\" class=\"wp-caption aligncenter\" style=\"width: 688px;\"><a href=\"https:\/\/aeronet.news\/wp-content\/uploads\/orban_erdogan_mti-1.jpg\"><img decoding=\"async\" loading=\"lazy\" class=\"wp-image-25569\" src=\"https:\/\/aeronet.news\/wp-content\/uploads\/orban_erdogan_mti-1.jpg\" sizes=\"(max-width: 700px) 100vw, 700px\" srcset=\"https:\/\/aeronet.news\/wp-content\/uploads\/orban_erdogan_mti-1.jpg 640w, https:\/\/aeronet.news\/wp-content\/uploads\/orban_erdogan_mti-1-300x195.jpg 300w, https:\/\/aeronet.news\/wp-content\/uploads\/orban_erdogan_mti-1-100x65.jpg 100w, https:\/\/aeronet.news\/wp-content\/uploads\/orban_erdogan_mti-1-548x357.jpg 548w\" alt=\"\" width=\"688\" height=\"448\" \/><\/a><figcaption class=\"wp-caption-text\">Viktor Orb\u00e1n a Recep Tayyip Erdogan<\/figcaption><\/figure>\n<p>Americk\u00e1 velvyslanectv\u00ed lze pova\u017eovat za okupa\u010dn\u00ed spr\u00e1vy, ze kter\u00fdch jsou \u0159\u00edzeny m\u00edstn\u00ed a poddajn\u00e9 loutkov\u00e9 vl\u00e1dy, kter\u00e9 v lokajsk\u00e9m \u00faklonu pln\u00ed americk\u00e9 seznamy p\u0159\u00e1n\u00ed a st\u00ed\u017enost\u00ed. Nen\u00ed tajemstv\u00edm, \u017ee Petr Pavel byl protla\u010den do funkce (p)rezidenta v \u010cR d\u00edky tomu, \u017ee m\u011bl podporu americk\u00e9ho velvyslanectv\u00ed a schv\u00e1len\u00ed k v\u00fdkonu funkce z d\u016fvodu prov\u011b\u0159en\u00ed z doby, kdy p\u016fsobil jako poslu\u0161n\u00fd p\u0159edseda vojensk\u00e9ho v\u00fdboru NATO v Bruselu.<\/p>\n<p>Jen\u017ee, jak se ukazuje, varov\u00e1n\u00ed Aeronetu z roku 2014 o \u010dinnosti americk\u00e9ho velvyslanectv\u00ed proti prezidentu Zemanovi nyn\u00ed po 9 letech dosahuje neuv\u011b\u0159iteln\u00e9ho pokra\u010dov\u00e1n\u00ed p\u0159\u00edmo z \u00fast ministra vnitra Turecka, kter\u00fd narovinu obvinil americk\u00e9ho velvyslance z p\u0159\u00edpravy st\u00e1tn\u00edho p\u0159evratu. A pokud byste si mysleli, \u017ee americk\u00e9ho velvyslance kritizuje jen tureck\u00fd ministr vnitra, byli byste na omylu.<\/p>\n<h6><span style=\"font-size: 18pt;\">VIDEO: Ma\u010farsk\u00fd ministr zahrani\u010d\u00ed odsoudil vm\u011b\u0161ov\u00e1n\u00ed americk\u00e9ho velvyslance do vnit\u0159n\u00edch z\u00e1le\u017eitost\u00ed Ma\u010farska<\/span><\/h6>\n<p>\u00dapln\u011b ve stejn\u00fd den, tedy 3. \u00fanora, vystoupil na tiskov\u00e9 konferenci\u00a0<strong>ma\u010farsk\u00fd ministr zahrani\u010d\u00ed\u00a0P\u00e9ter Szijj\u00e1rt\u00f3 a d\u016frazn\u011b vyzval [<a href=\"https:\/\/href.li\/?https:\/\/telex.hu\/english\/2023\/02\/02\/szijjarto-what-the-us-ambassador-thinks-is-completely-irrelevant\" target=\"_blank\" rel=\"nofollow noopener\">2<\/a>] americk\u00e9ho velvyslance v Ma\u010farsku, aby se p\u0159ed parlamentn\u00edmi volbami v zemi nevm\u011b\u0161oval do vnit\u0159n\u00edch z\u00e1le\u017eitost\u00ed Ma\u010farska<\/strong>, proto\u017ee Ma\u010farsko je suver\u00e9nn\u00ed zem\u011b, kter\u00e1 nebude tolerovat, aby ciz\u00ed velvyslanci Ma\u010farsku \u0159\u00edkali, jak lid\u00e9 maj\u00ed v Ma\u010farsku \u017e\u00edt. V minulosti p\u0159itom ma\u010farsk\u00e1 vl\u00e1da zaregistrovala, \u017ee z ciziny a hlavn\u011b z USA proudily p\u0159ed volbami do Ma\u010farska pen\u00edze na podporu opozice proti Orb\u00e1novi. A co vlastn\u011b provedl americk\u00fd velvyslanec David Pressman v Budape\u0161ti? Pro server Politico toti\u017e napsal \u010dl\u00e1nek, \u017ee ma\u010farsk\u00e1 vl\u00e1da kop\u00edruje politiku Kremlu a nam\u00edsto po Moskv\u011b vol\u00e1 po m\u00edru do Kyjeva.<\/p>\n<p>&nbsp;<\/p>\n<div id=\"rumble_v25y86y\">\n<div id=\"vid_v25y86y\" class=\"rumble_v25y86y-Rumble-cls\" tabindex=\"-1\">\n<div class=\"bigPlayUI ctp\">\n<div class=\"bigPlayUIInner ctp\"><div class='videoWrapper'>\r\n\t            <iframe src='https:\/\/rumble.com\/embed\/pj.v25y86y\/' frameborder='0' allowfullscreen><\/iframe>\r\n\t        <\/div><\/div>\n<\/div>\n<\/div>\n<\/div>\n<p>&nbsp;<\/p>\n<p>\u201c<em>Politi\u010dt\u00ed p\u0159edstavitel\u00e9 ma\u010farsk\u00e9 vl\u00e1dy \u010dasto hovo\u0159\u00ed o podpo\u0159e m\u00edru, ale \u2013 od odsuzov\u00e1n\u00ed sankc\u00ed a\u017e po p\u0159ij\u00edm\u00e1n\u00ed rusk\u00fdch n\u00e1vrh\u016f na p\u0159\u00edm\u011b\u0159\u00ed \u2013 pokra\u010duj\u00ed v prosazov\u00e1n\u00ed politiky, kterou podporuje Putin<\/em>,\u201d uvedl americk\u00fd velvyslanec a dodal: \u201c<em>P\u0159ipojujeme se k v\u00fdzv\u00e1m ma\u010farsk\u00e9 vl\u00e1dy k m\u00edru, ale tyto v\u00fdzvy by m\u011bly sm\u011b\u0159ovat k Vladimiru Putinovi<\/em>.\u00a0<em>Co si on nebo kter\u00fdkoli jin\u00fd velvyslanec mysl\u00ed o vnitropolitick\u00fdch procesech v Ma\u010farsku, je zcela irelevantn\u00ed, proto\u017ee to nen\u00ed jeho v\u011bc, nen\u00ed jeho \u00fakolem zasahovat do vnit\u0159n\u00edch z\u00e1le\u017eitost\u00ed Ma\u010farska. Pokud chce vyu\u017e\u00edt sv\u00e9ho pobytu v Ma\u010farsku ke kritice \u010dinnosti vl\u00e1dy zvolen\u00e9 pom\u011brn\u011b jasnou v\u011bt\u0161inou ma\u010farsk\u00e9ho lidu, kter\u00e1 m\u00e1 mand\u00e1t ma\u010farsk\u00e9ho lidu, pak bude m\u00edt velmi t\u011b\u017ekou pr\u00e1ci, pokud jde o efektivn\u00ed pr\u00e1ci na zlep\u0161en\u00ed spolupr\u00e1ce mezi ob\u011bma zem\u011bmi,<\/em>\u201d \u0159ekl ma\u010farsk\u00fd ministr zahrani\u010d\u00ed.<\/p>\n<h6><span style=\"font-size: 18pt;\">Ameri\u010dan\u00e9 se chovaj\u00ed jako gubern\u00e1to\u0159i nad vazalsk\u00fdmi zem\u011bmi<\/span><\/h6>\n<p>Podle Szijj\u00e1rt\u00f3a se od velvyslanc\u016f, kter\u00e9 Ma\u010farsko p\u0159ij\u00edm\u00e1, o\u010dek\u00e1v\u00e1, \u017ee budou pracovat na rozvoji vztah\u016f mezi ob\u011bma zem\u011bmi na z\u00e1klad\u011b vz\u00e1jemn\u00e9ho respektu. \u201c<em>Nep\u0159ij\u00edm\u00e1me guvern\u00e9ry nebo prokur\u00e1tory, proto\u017ee ti by sem, jak p\u0159edpokl\u00e1d\u00e1m, byli vysl\u00e1ni, aby n\u00e1m \u0159\u00edkali, jak m\u00e1me \u017e\u00edt ve sv\u00fdch zem\u00edch. Tato \u00e9ra je ji\u017e pry\u010d. Ma\u010farsko je suver\u00e9nn\u00ed zem\u011b, nikdo zven\u010d\u00ed n\u00e1m nem\u016f\u017ee \u0159\u00edkat, jak m\u00e1me \u017e\u00edt<\/em>.\u201d\u00a0<strong>Ministr zahrani\u010d\u00ed uvedl, \u017ee ma\u010farsk\u00fd lid bude t\u00edm, kdo bude hodnotit pr\u00e1ci vl\u00e1dy v parlamentn\u00edch volb\u00e1ch, stejn\u011b jako tomu bylo loni.<\/strong>\u00a0I kdy\u017e z jin\u00fdch \u010d\u00e1st\u00ed sv\u011bta, t\u0159eba i odtamtud, odkud poch\u00e1z\u00ed velvyslanec, se n\u011bkte\u0159\u00ed sna\u017eili ovliv\u0148ovat a dokonce financovat opozici,\u201d \u0159ekl s odkazem na kauzu financov\u00e1n\u00ed volebn\u00ed kampan\u011b opozice.<\/p>\n<figure id=\"attachment_54679\" class=\"wp-caption aligncenter\" style=\"width: 662px;\"><a href=\"https:\/\/aeronet.news\/wp-content\/uploads\/DavidPressmanFeat.jpg\"><img decoding=\"async\" loading=\"lazy\" class=\"wp-image-54679 \" src=\"https:\/\/aeronet.news\/wp-content\/uploads\/DavidPressmanFeat-1024x614.jpg\" sizes=\"(max-width: 700px) 100vw, 700px\" srcset=\"https:\/\/aeronet.news\/wp-content\/uploads\/DavidPressmanFeat-1024x614.jpg 1024w, https:\/\/aeronet.news\/wp-content\/uploads\/DavidPressmanFeat-300x180.jpg 300w, https:\/\/aeronet.news\/wp-content\/uploads\/DavidPressmanFeat-768x461.jpg 768w, https:\/\/aeronet.news\/wp-content\/uploads\/DavidPressmanFeat-700x420.jpg 700w, https:\/\/aeronet.news\/wp-content\/uploads\/DavidPressmanFeat-595x357.jpg 595w, https:\/\/aeronet.news\/wp-content\/uploads\/DavidPressmanFeat-805x483.jpg 805w, https:\/\/aeronet.news\/wp-content\/uploads\/DavidPressmanFeat.jpg 1280w\" alt=\"\" width=\"662\" height=\"397\" \/><\/a><figcaption class=\"wp-caption-text\">David Pressman, velvyslanec USA v Ma\u010farsku<\/figcaption><\/figure>\n<p>Szijj\u00e1rt\u00f3 po\u017e\u00e1dal Pressmana o v\u011bt\u0161\u00ed respekt a \u0159ekl, \u017ee zahrani\u010dn\u00ed politika vl\u00e1dy se \u0159\u00edd\u00ed v\u00fdhradn\u011b n\u00e1rodn\u00edm z\u00e1jmem, kter\u00fdm je, aby se na Ukrajinu co nejd\u0159\u00edve vr\u00e1til m\u00edr. \u201c<em>Zven\u010d\u00ed se objevily pokusy, aby v Ma\u010farsku existovala vl\u00e1da, kter\u00e1 by nereprezentovala ma\u010farsk\u00e9 z\u00e1jmy, ale tyto pokusy selhaly. Mohu dokonce \u0159\u00edci, \u017ee zna\u010dn\u00e9 mno\u017estv\u00ed pen\u011bz, kter\u00e9 bylo za t\u00edmto \u00fa\u010delem mobilizov\u00e1no, se uk\u00e1zalo jako \u0161patn\u00e1 investice.<\/em>\u201d Ameri\u010dt\u00ed velvyslanci v Evrop\u011b jsou de facto v roli americk\u00fdch m\u00edstodr\u017eitel\u016f nad jednotliv\u00fdmi evropsk\u00fdmi dr\u017eavami, kter\u00e9 u\u017e d\u00e1vno nemaj\u00ed roli suver\u00e9nn\u00edch st\u00e1t\u016f.<\/p>\n<h6><span style=\"font-size: 18pt;\">\u010c\u00edm je ob\u010dan v zemi, ve kter\u00e9 je jeho vl\u00e1da sluhou ciz\u00edch p\u00e1n\u016f? Svobodn\u00fdm \u010dlov\u011bkem, nebo pode\u0161v\u00ed, se kterou lze d\u0159\u00edt podlahu nebo do n\u00ed vpichovat zku\u0161ebn\u00ed roztoky?<\/span><\/h6>\n<p>Velvyslanec v Anka\u0159e pl\u00e1nuje st\u00e1tn\u00ed p\u0159evrat proti Erdoganovi, velvyslanec v Budape\u0161ti kritizuje vl\u00e1du hostitelsk\u00e9 zem\u011b, ve kter\u00e9 je velvyslancem, to prost\u011b je pouze uk\u00e1zkou toho, \u017ee demonstrace v listopadu 2014 v Praze proti Milo\u0161i Zemanovi byly jen slab\u00fdm odvarem a \u010daj\u00ed\u010dkem, ve skute\u010dnosti je to mnohem hor\u0161\u00ed, a to natolik, \u017ee\u00a0<strong>nyn\u00ed v roce 2023 o vm\u011b\u0161ov\u00e1n\u00ed americk\u00e9ho velvyslanectv\u00ed do vnit\u0159n\u00edch z\u00e1le\u017eitost\u00ed st\u00e1tu nep\u00ed\u0161e u\u017e jenom Aeronet, ale mluv\u00ed o tom ministr vnitra Turecka nebo ministr zahrani\u010d\u00ed Ma\u010farska.<\/strong>\u00a0Pouze zem\u011b, kter\u00e9 se postav\u00ed m\u00edstodr\u017eiteli z USA, je mo\u017en\u00e9 ozna\u010dit za nepoddan\u00e9 a suver\u00e9nn\u00ed zem\u011b<\/p>\n<figure id=\"attachment_7875\" class=\"wp-caption aligncenter\" style=\"width: 722px;\"><a href=\"https:\/\/aeronet.news\/wp-content\/uploads\/vaclav-havel-1990.jpg\"><img decoding=\"async\" loading=\"lazy\" class=\"wp-image-7875 \" src=\"https:\/\/aeronet.news\/wp-content\/uploads\/vaclav-havel-1990.jpg\" sizes=\"(max-width: 800px) 100vw, 800px\" srcset=\"https:\/\/aeronet.news\/wp-content\/uploads\/vaclav-havel-1990.jpg 800w, https:\/\/aeronet.news\/wp-content\/uploads\/vaclav-havel-1990-300x215.jpg 300w, https:\/\/aeronet.news\/wp-content\/uploads\/vaclav-havel-1990-700x501.jpg 700w, https:\/\/aeronet.news\/wp-content\/uploads\/vaclav-havel-1990-499x357.jpg 499w, https:\/\/aeronet.news\/wp-content\/uploads\/vaclav-havel-1990-676x483.jpg 676w, https:\/\/aeronet.news\/wp-content\/uploads\/vaclav-havel-1990-198x143.jpg 198w\" alt=\"\" width=\"722\" height=\"516\" \/><\/a><figcaption class=\"wp-caption-text\">Tady to za\u010dalo. Prodej \u010desk\u00e9ho n\u00e1roda z rukou dramatika p\u0159\u00edmo v americk\u00e9m Kongresu, 21. 2. 1990<\/figcaption><\/figure>\n<p>V\u00e1lka na Ukrajin\u011b je detektorem poslu\u0161nosti. Ve zni\u010duj\u00edc\u00edm \u00fat\u011bku ke konfrontaci s Ruskou federac\u00ed se ukazuje, kter\u00e9 zem\u011b jsou je\u0161t\u011b nez\u00e1visl\u00e9 a nejsou ochotny sho\u0159et ve v\u00e1le\u010dn\u00e9m ohni, a kter\u00e9 naopak jsou pln\u011b pod kontrolou americk\u00fdch m\u00edstodr\u017eitel\u016f v Evrop\u011b. \u010cesk\u00e1 republika a Slovensko jsou ten druh\u00fd p\u0159\u00edpad. Je naprosto zjevn\u00e9, \u017ee degenerace n\u00e1rod\u016f spojen\u00e1 se ztr\u00e1tou pudu sebez\u00e1chovy n\u00e1rod\u016f hnan\u00fdch do v\u00e1lky s Ruskem, je p\u0159\u00edmo odvisl\u00e1 od v\u00fdchovy n\u00e1rod\u016f v Evrop\u011b po roce 1989 a zejm\u00e9na po p\u00e1du Sov\u011btsk\u00e9ho svazu, co\u017e umo\u017enilo\u00a0<em>Komisi 300<\/em>\u00a0roz\u0161\u00ed\u0159it sv\u016fj vliv eugenick\u00e9ho demiurga i na zem\u011b st\u0159edn\u00ed a v\u00fdchodn\u00ed Evropy. N\u00e1kupn\u00ed voz\u00edk jako olt\u00e1\u0159 vlastn\u00ed auto-hypn\u00f3zy znemo\u017e\u0148uj\u00edc\u00ed lidem se probudit do reality sv\u00e9 vlastn\u00ed konceptu\u00e1ln\u00ed smrti, a to nejen sv\u00e9, ale i cel\u00e9ho n\u00e1roda.\u00a0<em>Memento mori conceptualis<\/em>!<\/p>\n<p><a href=\"https:\/\/aeronet.news\/video-dejte-sve-spinave-ruce-pryc-od-turecka-a-nevmesujte-se-do-vnitrnich-zalezitosti-madarska-dve-zeme-dva-ministri-a-krik-na-dva-americke-velvyslance\/\">-VK- \u0160\u00e9fredaktor AE News<\/a><\/p>\n<p>&nbsp;<\/p>\n<p><img decoding=\"async\" loading=\"lazy\" class=\"wp-image-19187 aligncenter\" src=\"http:\/\/www.infokuryr.cz\/n\/wp-content\/uploads\/2022\/12\/1-PRO-300x36.jpg\" alt=\"\" width=\"1150\" height=\"138\" srcset=\"https:\/\/www.infokuryr.cz\/n\/wp-content\/uploads\/2022\/12\/1-PRO-300x36.jpg 300w, https:\/\/www.infokuryr.cz\/n\/wp-content\/uploads\/2022\/12\/1-PRO.jpg 699w\" sizes=\"(max-width: 1150px) 100vw, 1150px\" \/><\/p>\n<p>&nbsp;<\/p>\n","protected":false},"excerpt":{"rendered":"<p>Dejte sv\u00e9 \u0161pinav\u00e9 ruce pry\u010d od Turecka! A nevm\u011b\u0161ujte se do vnit\u0159n\u00edch z\u00e1le\u017eitost\u00ed Ma\u010farska! Dv\u011b&#8230;<\/p>\n","protected":false},"author":2,"featured_media":22447,"comment_status":"closed","ping_status":"closed","sticky":false,"template":"","format":"standard","meta":[],"categories":[6],"tags":[1042,29,78,55,37],"_links":{"self":[{"href":"https:\/\/www.infokuryr.cz\/n\/wp-json\/wp\/v2\/posts\/22446"}],"collection":[{"href":"https:\/\/www.infokuryr.cz\/n\/wp-json\/wp\/v2\/posts"}],"about":[{"href":"https:\/\/www.infokuryr.cz\/n\/wp-json\/wp\/v2\/types\/post"}],"author":[{"embeddable":true,"href":"https:\/\/www.infokuryr.cz\/n\/wp-json\/wp\/v2\/users\/2"}],"replies":[{"embeddable":true,"href":"https:\/\/www.infokuryr.cz\/n\/wp-json\/wp\/v2\/comments?post=22446"}],"version-history":[{"count":0,"href":"https:\/\/www.infokuryr.cz\/n\/wp-json\/wp\/v2\/posts\/22446\/revisions"}],"wp:featuredmedia":[{"embeddable":true,"href":"https:\/\/www.infokuryr.cz\/n\/wp-json\/wp\/v2\/media\/22447"}],"wp:attachment":[{"href":"https:\/\/www.infokuryr.cz\/n\/wp-json\/wp\/v2\/media?parent=22446"}],"wp:term":[{"taxonomy":"category","embeddable":true,"href":"https:\/\/www.infokuryr.cz\/n\/wp-json\/wp\/v2\/categories?post=22446"},{"taxonomy":"post_tag","embeddable":true,"href":"https:\/\/www.infokuryr.cz\/n\/wp-json\/wp\/v2\/tags?post=22446"}],"curies":[{"name":"wp","href":"https:\/\/api.w.org\/{rel}","templated":true}]}}