{"id":22445,"date":"2023-02-07T04:22:54","date_gmt":"2023-02-07T03:22:54","guid":{"rendered":"http:\/\/www.infokuryr.cz\/n\/?p=22445"},"modified":"2023-02-07T04:22:54","modified_gmt":"2023-02-07T03:22:54","slug":"jane-kaufman-dalsi-zbrane-na-ukrajinu-a-dalsi-sankce-na-rusko-jak-ucinne","status":"publish","type":"post","link":"https:\/\/www.infokuryr.cz\/n\/2023\/02\/07\/jane-kaufman-dalsi-zbrane-na-ukrajinu-a-dalsi-sankce-na-rusko-jak-ucinne\/","title":{"rendered":"Jane Kaufman: Dal\u0161\u00ed zbran\u011b na Ukrajinu a dal\u0161\u00ed sankce na Rusko \u2013 jak \u00fa\u010dinn\u00e9?"},"content":{"rendered":"<div id=\"fb-root\"><\/div>\n<p>Podle toho, co \u0159\u00edk\u00e1 Scott Ritter, NATO a Spojen\u00e9 st\u00e1ty se zkou\u0161\u00ed zbavit zastaral\u00fdch a nepou\u017eiteln\u00fdch zbran\u00ed, aby usnadnili da\u0148ov\u00fdm poplatn\u00edk\u016fm zaplacen\u00ed zbran\u00ed nov\u00fdch. NATO je spolek popleten\u00fdch a desorientovan\u00fdch v\u00e1le\u010dn\u00fdch \u0161tv\u00e1\u010d\u016f a v\u00a0tom zmatku, kter\u00fd mezi nimi vl\u00e1dne pouze zp\u016fsobuj\u00ed v\u011bt\u0161\u00ed a v\u011bt\u0161\u00ed majetkov\u00e9 \u0161kody jak Ukrajinc\u016fm tak i sob\u011b, nemluv\u011b o zvy\u0161ov\u00e1n\u00ed ztr\u00e1t na \u017eivotech v\u00a0t\u00e9to nesmysln\u00e9 v\u00e1lce.<\/p>\n<p>To, \u017ee na Ukrajin\u011b vedou v\u00e1lku v\u00a0zastoupen\u00ed, je z\u00a0jejich chov\u00e1n\u00ed zjevn\u00e9. Ukrajinsk\u00fd Minister obrany Olexej Reznikov to dokonce ve\u0159ejn\u011b p\u0159iznal, kdy\u017e \u0159ekl, \u017ee: <em>\u201eUkrajina bojuje proti Rusku za NATO, ukrajin\u0161t\u00ed voj\u00e1ci um\u00edraj\u00ed za z\u00e1jmy NATO, je to ukrajinsk\u00e1 krev, kter\u00e1 je kv\u016fli NATO prol\u00e9v\u00e1na, tak\u017ee n\u00e1m Z\u00e1pad mus\u00ed d\u00e1t pro tyto pot\u0159eby v\u00edce vojensk\u00e9 v\u00fdbavy.\u201c<\/em> I oni zkou\u0161\u00ed p\u0159ipravit o \u017eivot je\u0161t\u011b v\u00edc sv\u00fdch vlastn\u00edch voj\u00e1k\u016f, sv\u00fdch vlastn\u00edch lid\u00ed.<\/p>\n<p>Ukrajinsk\u00fd Gener\u00e1l Z\u00e1lu\u017en\u00fd vyslovil po\u017eadavek zcela jasn\u011b, 300 tank\u016f, 600-700 bojov\u00fdch vozidel, 500 Howitzer\u016f. I kdy\u017e to v\u0161ecko je nedosta\u010duj\u00edc\u00ed proti tomu, s\u00a0\u010d\u00edm\u017e p\u0159ich\u00e1z\u00ed na frontu Rusko, ani to Ukrajinci nedostanou. P\u0159i leto\u0161n\u00edm lednov\u00e9m setk\u00e1n\u00ed v\u00a0n\u011bmeck\u00e9m Ramsteinu, si Z\u00e1pad kone\u010dn\u011b uv\u011bdomil, co Reznikov myslel, tak\u017ee Ukrajina n\u011bjak\u00e9 zbran\u011b dostane. Nen\u00ed toho moc a v\u011bt\u0161ina za moc nestoj\u00ed. N\u011bjak\u00e9 tanky, obrn\u011bn\u00e1 vozidla, n\u011bjak\u00e1 d\u011bla. Zhruba jedna p\u011btina toho, co po\u017eadovali a i to bylo m\u00e1lo na to, aby v\u00e1lku vyhr\u00e1li.<\/p>\n<p><span style=\"font-size: 18pt;\"><strong>Jak moc z\u00e1padn\u00ed zbran\u011b pomohou<\/strong><\/span><\/p>\n<p><a href=\"https:\/\/consortiumnews.com\/2023\/01\/24\/scott-ritter-the-nightmare-of-nato-equipment-being-sent-to-ukraine\/\">Americk\u00fd Gener\u00e1l<\/a> Mark Milley se vyj\u00e1d\u0159il, \u017ee v\u00e1le\u010dn\u00e9 vybaven\u00ed nen\u00ed to hlavn\u00ed, co Ukrajina pot\u0159ebuje. To nejd\u016fle\u017eit\u011bj\u0161\u00ed je spr\u00e1vn\u00fd vojensk\u00fd v\u00fdcvik. A tak se rozhodli \u0161kolit dal\u0161\u00ed a dal\u0161\u00ed ukrajinsk\u00e9 voj\u00e1ky v\u00a0n\u011bmeck\u00e9m Grafenw\u00f6hru (bl\u00edzko \u010desk\u00fdch hranic!). Jen\u017ee takov\u00fd v\u00fdcvik trv\u00e1 t\u00fddny a m\u011bs\u00edce a na to nen\u00ed v\u00a0sou\u010dasn\u00e9 dob\u011b \u010das. V\u017edy\u0165 cvi\u010d\u00ed ukrajinsk\u00e1 vojska ji\u017e od za\u010d\u00e1tku konfliktu a d\u00e1vno p\u0159edt\u00edm, od r. 2014 a co t\u00edm doc\u00edlili? Ne moc!<\/p>\n<p>Stejn\u00e9 pochybn\u00e9 jsou zbran\u011b, kter\u00e9 Ukrajinci dost\u00e1vaj\u00ed. Na p\u0159\u00edklad Bradley tanky je skoro nemo\u017en\u00e9 udr\u017eovat funk\u010dn\u00ed, tak slo\u017eit\u00e1 je jejich \u00fadr\u017eba a Stryker tanky nejsou o moc lep\u0161\u00ed. Voj\u00e1ci z\u00a0Afghanist\u00e1nu se o Strykerovi vyj\u00e1d\u0159ili, \u017ee je to velice dobr\u00fd tank, pokud jede po vydl\u00e1\u017ed\u011bn\u00e9 cest\u011b a nepr\u0161\u00ed a pokud nemus\u00ed st\u0159\u00edlet.<\/p>\n<p>N\u011bmeck\u00e9 bojov\u00e9 vozidlo Marder je dal\u0161\u00ed katastrofa, co se t\u00fd\u010de \u00fadr\u017eby. Jeho posuvn\u00e9 p\u00e1sy se velmi rychle opot\u0159ebuj\u00ed, p\u0159evodovka \u010dasto nefunguje a na jej\u00ed opravu je nutno vyd\u011blat cel\u00fd motor. To vozidlo je v\u00a0podstat\u011b zni\u010deno hned, jak vyjede poprv\u00e9 ven. N\u011bmci maj\u00ed v\u00a0\u00famyslu Marder vylep\u0161it, ale zat\u00edm jsou to jen pl\u00e1ny a \u0159e\u010di, doopravdy se nic ned\u011bje. \u0160v\u00e9dsk\u00e9 tanky CV90 byly i v\u00a0Afghanist\u00e1nu a zd\u00e1 se, \u017ee jejich \u00fadr\u017eba je o trochu snadn\u011bj\u0161\u00ed. Je to ale zcela jin\u00fd syst\u00e9m ne\u017e v\u0161ecky ostatn\u00ed, Bradley, Stryker, nebo Marder.<\/p>\n<p>A tak zat\u00edm co by si NATO a Ukrajinci p\u0159iznali, \u017ee takov\u00e9 v\u00e1le\u010dn\u00e9 vybaven\u00ed za nic nestoj\u00ed, tak neust\u00e1le terorizuj\u00ed jeden druh\u00e9ho. Ukrajina neust\u00e1le \u017e\u00e1d\u00e1 dal\u0161\u00ed zbran\u011b, se kter\u00fdmi nedok\u00e1\u017ee zach\u00e1zet a NATO to Ukrajin\u011b opl\u00e1c\u00ed uh\u00fdbavost\u00ed, proto\u017ee u\u017e moc t\u011bch zbran\u00ed, kter\u00e9 by jim mohli poslat, nemaj\u00ed. Tak\u017ee ve skute\u010dnosti, pos\u00edl\u00e1n\u00ed tank\u016f a dal\u0161\u00ed vojensk\u00e9 v\u00fdbavy na Ukrajinu je z\u00e1le\u017eitost sp\u00ed\u0161 politick\u00e1, ne\u017e technick\u00e1.<\/p>\n<p>Rusk\u00fd vyslanec ve Spojen\u00fdch st\u00e1tech, Anatolij Antonov napsal na svoji str\u00e1nku na Telegramu: <em>\u201eN\u011bco takov\u00e9ho by m\u011blo b\u00fdt jasno v\u0161em, \u017ee zni\u010d\u00edme ve\u0161ker\u00e9 zbran\u011b, dodan\u00e9 Zelensk\u00e9ho re\u017eimu a\u0165 u\u017e Spojen\u00fdmi st\u00e1ty nebo NATO. To je naprost\u00e1 pravda te\u010f, jako to byla pravda za Velk\u00e9 patriotick\u00e1 v\u00e1lky (2. sv\u011btov\u00e1 v\u00e1lka). Jakmile se tanky s\u00a0nacistick\u00fdmi symboly objev\u00ed na Ukrajin\u011b, co\u017e je \u00fazem\u00ed b\u00fdval\u00e9ho Sov\u011btsk\u00e9ho svazu, to n\u00e1s okam\u017eit\u011b podn\u00edt\u00ed ke zni\u010den\u00ed neo-Nacistick\u00e9ho re\u017eimu na Ukrajin\u011b a k\u00a0vytvo\u0159en\u00ed norm\u00e1ln\u00edch podm\u00ednek, aby na\u0161i soused\u00e9 v\u00a0t\u00e9to oblasti mohli \u017e\u00edt v\u00a0m\u00edru, jako d\u0159\u00edve.\u201c<\/em><\/p>\n<p><span style=\"font-size: 18pt;\"><strong>Jak\u00e9 jsou vyhl\u00eddky<\/strong><\/span><\/p>\n<p>Kdy\u017e si uv\u011bdom\u00edme, \u017ee v\u00a0za\u010d\u00e1tc\u00edch t\u00e9to v\u00e1lky st\u00e1la dob\u0159e vycvi\u010den\u00e1 a dob\u0159e vyzbrojen\u00e1 ukrajinsk\u00e1 arm\u00e1da proti zlomku vojensk\u00fdch sil Ruska a p\u0159esto se jim neubr\u00e1nila, co mohou doc\u00edlit s\u00a0dal\u0161\u00edmi a dal\u0161\u00edmi zbran\u011bmi, v\u00fdcvikem, dod\u00e1v\u00e1n\u00edm \u017eoldn\u00e9\u0159\u016f a v\u0161\u00edm ostatn\u00edm? Ne moc! Za miliardy dolar\u016f zbran\u00ed a instrukt\u00e1\u017e\u00ed, ciz\u00edch pomocn\u00edk\u016f ze zahrani\u010d\u00ed a cel\u00fdch polsk\u00fdch pluk\u016f na Ukrajin\u011b, nejsou ukrajinsk\u00e1 vojska schopna zv\u00edt\u011bzit proti rusk\u00fdm jednotk\u00e1m. Obzvl\u00e1\u0161t\u011b ne te\u010f, v\u00a0jejich oslaben\u00e9 kondici, kdy z\u00a0p\u016fvodn\u00ed arm\u00e1dy zbyly pouh\u00e9 trosky. Neb\u00fdt dobrovoln\u00edk\u016f, \u017eoldn\u00e9\u0159\u016f, americk\u00fdch a jin\u00fdch voj\u00e1k\u016f, u\u017e by snad ani \u017e\u00e1dn\u00e1 ukrajinsk\u00e1 arm\u00e1da neexistovala.<\/p>\n<p>Zde je toti\u017e podstatn\u00fd rozd\u00edl: velk\u00e1 \u010d\u00e1st ukrajinsk\u00fdch voj\u00e1k\u016f je podn\u011bcov\u00e1na k\u00a0boji nen\u00e1vist\u00ed v\u016f\u010di Rus\u016fm. Kde\u017eto Rusov\u00e9 jsou hn\u00e1ni obavami o sv\u00e9 p\u0159e\u017eit\u00ed a o p\u0159e\u017eit\u00ed v\u0161ech ostatn\u00edch slovansk\u00fdch n\u00e1rod\u016f. Proto\u017ee bitva na Ukrajin\u011b je bitva anglosask\u00e9ho Z\u00e1padu proti v\u0161em Slovan\u016fm. Dnes zkou\u0161ej\u00ed zni\u010dit ty hlavn\u00ed z\u00a0nich, ty nejl\u00edp vyzbrojen\u00e9, co\u017e jsou Rusov\u00e9, proto\u017ee kdy\u017e tito budou odstran\u011bni, zbytek Slovanstva jim padne do kl\u00edna jako shnil\u00e1 hru\u0161ka.<\/p>\n<p>To je ten skute\u010dn\u00fd c\u00edl v\u00e1lky na Ukrajin\u011b. A ti z\u00a0na\u0161ich lid\u00ed, kte\u0159\u00ed p\u016fjdou Ukrajinc\u016fm pom\u00e1hat bojovat proti Rus\u016fm, ti bojuj\u00ed za zni\u010den\u00ed sv\u00e9 vlastn\u00ed a sv\u00fdch nejbli\u017e\u0161\u00edch.<\/p>\n<p><span style=\"font-size: 18pt;\"><strong>Galicie a jej\u00ed minulost<\/strong><\/span><\/p>\n<p>Cel\u00fdch 8 let terorizovali Ukrajinci obyvatele Donbasu jen proto, \u017ee tam \u017eij\u00ed p\u0159ev\u00e1\u017en\u011b etni\u010dt\u00ed Rusov\u00e9. Zato z\u00e1padn\u00ed Ukrajina se d\u0159\u00edve jmenovala Galicie. \u0160t\u011bp\u00e1n Bandera a v\u0161ichni ostatn\u00ed ukrajin\u0161t\u00ed nacionalist\u00e9 jsou, nebo byli ob\u010dan\u00e9\u00a0Galicie. Tito cht\u011bli v\u017edycky svoji vlastn\u00ed domovinu, kter\u00e1 nebude sou\u010d\u00e1st\u00ed \u017e\u00e1dn\u00e9ho jin\u00e9ho st\u00e1tn\u00edho spolku. Cht\u011bj\u00ed to m\u00edsto, kter\u00e9 se naz\u00fdv\u00e1 Ukrajina, jen\u017ee to nen\u00ed tak jednoduch\u00e9, jak se na prvn\u00ed pohled zd\u00e1.<\/p>\n<p>A\u017e do r. 1939 pat\u0159ila z\u00e1padn\u00ed Ukrajina Polsku. Bandera byl ve skute\u010dnosti souzen a odsouzen v\u00a0Polsku, kde m\u011bl b\u00fdt rovn\u011b\u017e popraven. To se ale nestalo, Banderovi se poda\u0159ilo po v\u00e1lce p\u0159es\u00eddlit i s\u00a0rodinou do N\u011bmecka, kde pokra\u010doval ve veden\u00ed sv\u00e9 neslavn\u00e9 organizace zlo\u010dinc\u016f a spole\u010dn\u011b pom\u00e1hali n\u011bkolika proti-komunistick\u00fdm organizac\u00edm. Byl zavra\u017ed\u011bn rusk\u00fdm KGB agentem v\u00a0r. 1959 v\u00a0Mnichov\u011b.<\/p>\n<p>Je zde ov\u0161em zna\u010dn\u00fd probl\u00e9m, proto\u017ee obyvatel\u00e9 Galicie nemaj\u00ed Pol\u00e1ky r\u00e1di, co\u017e byl d\u016fvod, pro\u010d v\u00a0r. 1943 uspo\u0159\u00e1dali Voly\u0148sk\u00fd masakr. Tehdy chodili Banderovci od vesnice k\u00a0vesnici a vra\u017edili Pol\u00e1ky a za \u017eiva je upalovali. A v\u0161ichni p\u0159itom provol\u00e1vali \u201esl\u00e1va Ukrajin\u011b.\u201c To byl opravdu jejich v\u00e1le\u010dn\u00fd pok\u0159ik. Pova\u017eovali Pol\u00e1ky za pod-lidi, stejn\u011b jako Rusy. V\u0161ichni ti, kte\u0159\u00ed se oh\u00e1n\u00ed slovanskou Ukrajinou, tak nev\u00ed nic o historii.<\/p>\n<p>Sou\u010dasn\u00ed n\u00e1rodovci, neboli nacist\u00e9 ze z\u00e1padn\u00ed Ukrajiny dnes stoj\u00ed d\u00e1l na stran\u011b \u0160t\u011bp\u00e1na Bandery. Kyjevsk\u00e9 veden\u00ed m\u00e1 jeho obr\u00e1zek na zdi, stav\u00ed mu sochy, pojmenov\u00e1v\u00e1 po n\u011bm ulice. Pova\u017euj\u00ed ho za velik\u00e9ho hrdinu a dokonce mu byl d\u0159\u00edv\u011bj\u0161\u00edm Presidentem Viktorem Ju\u0161\u010denkem ud\u011blen \u0159\u00e1d \u201eHrdina Ukrajiny.\u201c To se setkalo s\u00a0velk\u00fdm odporem jak v\u00a0Rusku, tak v\u00a0Polsku a i \u017eidov\u0161t\u00ed politikov\u00e9 a jejich organizace se ozvali.<\/p>\n<p>V\u00a0r. 1939, kdy\u017e N\u011bmecko vpadlo do Polska, Sov\u011btsk\u00fd svaz okam\u017eit\u011b vyu\u017eil toho zmatku a napadl Polsko z\u00a0druh\u00e9 strany. Tehdy zabrali \u00fazem\u00ed, kter\u00e9 se dnes naz\u00fdv\u00e1 z\u00e1padn\u00ed Ukrajina, neboli Galicie a p\u0159ipojili je k\u00a0Sov\u011btsk\u00e9mu svazu. Tak\u017ee od t\u00e9 doby m\u011bli Banderovci z\u00e1\u0161\u0165 proti Sov\u011bt\u016fm a byla to z\u00e1\u0161\u0165 tak obrovsk\u00e1, \u017ee se r\u00e1di spojili s\u00a0Hitlerem a spolu s\u00a0n\u011bmeckou arm\u00e1dou napadli v\u00a0r. 1941 Rusko. Ve v\u00e1lce se provinili p\u0159\u00ed\u0161ern\u00fdmi zlo\u010diny proti Rus\u016fm a \u017did\u016fm, \u017ee s\u00a0nimi ani N\u011bmci necht\u011bli m\u00edt nic spole\u010dn\u00e9ho.<\/p>\n<p>Dnes jdou tito lid\u00e9 tak daleko, \u017ee p\u0159ivazuj\u00ed s pomoc\u00ed plastikov\u00e9 folie etnick\u00e9 Rusy ke sloup\u016fm, st\u00e1hnou jim kalhoty, nat\u0159ou obli\u010dej na zeleno, ztlu\u010dou je a nechaj\u00ed je tam zem\u0159\u00edt.<\/p>\n<p>Zato sami sebe pova\u017euj\u00ed za rasov\u011b nad\u0159azen\u00e9. Jsou p\u0159esv\u011bd\u010deni, \u017ee Galicie se vyv\u00edjela odd\u011blen\u011b od Ruska a proto cht\u011bj\u00ed sami svou zemi. Tu zemi si cht\u011bj\u00ed vybudovat podle z\u00e1sad \u0160t\u011bp\u00e1na Bandery, kter\u00fd prohl\u00e1sil, \u017ee je ochoten zab\u00edt milion lid\u00ed, ne-li v\u00edc.<\/p>\n<p>Nez\u00e1visl\u00e1 Ukrajina je v\u00a0po\u0159\u00e1dku, pro\u010d ne. Ale zem\u011b, kter\u00e1 je postavena na n\u00e1siln\u00e9 smrti, ni\u010den\u00ed, na vra\u017ed\u00e1ch, zn\u00e1sil\u0148ov\u00e1n\u00ed, mu\u010den\u00ed a podobn\u00fdch zv\u011brstvech, to v\u00a0po\u0159\u00e1dku nen\u00ed. Aby se do nekone\u010dna \u017eivili nen\u00e1vist\u00ed ke ka\u017ed\u00e9mu Rusovi, nebo Pol\u00e1kovi a o\u010dividn\u011b se s\u00a0nimi nesnesli, to nen\u00ed norm\u00e1ln\u00ed.<\/p>\n<p>Rusko zahrnuje asi 134 n\u00e1rodnost\u00ed a stejn\u011b tolik \u0159e\u010d\u00ed. Je to opravdu n\u00e1rod mnoha n\u00e1rodnostn\u00edch skupin, kde Rusov\u00e9 p\u0159evl\u00e1daj\u00ed, tak\u017ee je Ru\u0161tina hlavn\u00ed \u0159e\u010d. V\u0161ichni tito lid\u00e9 \u017eij\u00ed jeden s\u00a0druh\u00fdm v\u00a0m\u00edru, bez nep\u0159\u00e1telstv\u00ed. Tak\u017ee pro Rusy by nebylo obt\u00ed\u017en\u00e9 \u017e\u00edt spokojen\u011b vedle obyvatel Galicie. Zato z\u00a0perspektivy racistick\u00fdch z\u00e1padn\u00edch Ukrajinc\u016f by bylo nemo\u017en\u00e9 \u017e\u00edt spokojen\u011b vedle Rus\u016f. Podle nich, Rusov\u00e9 jsou pod-lid\u00e9 a tak jim d\u00e1vaj\u00ed nehezk\u00e9 p\u0159ezd\u00edvky a kde mohou, tak na nich p\u00e1chaj\u00ed hnusn\u00e9 zlo\u010diny.<\/p>\n<p><span style=\"font-size: 18pt;\"><strong>Dv\u011b smlouvy z\u00a0Minsku nedodr\u017eeny<\/strong><\/span><\/p>\n<p>Kdy\u017e jde o smlouvy z\u00a0Minsku, kdy m\u011bli Ukrajinci za \u00fakol prohl\u00e1sit se za neutr\u00e1ln\u00ed st\u00e1t, zm\u011bnit k\u00a0tomu \u00fa\u010delu \u00dastavu a zajistit sv\u00e9 hranice, rozhodli se zaji\u0161\u0165ovat hranice nap\u0159ed a m\u011bn\u011bn\u00ed \u00fastavy se vyhnout. Proto pot\u0159ebovali z\u00edskat \u010das, aby mohli vycvi\u010dit arm\u00e1du a s\u00a0n\u00ed se postavit proti Rusku. Francie a N\u011bmecko o jejich z\u00e1m\u011brech dob\u0159e v\u011bd\u011bli a nic proti tomu neud\u011blali, i kdy\u017e zaru\u010dovali dodr\u017een\u00ed Minsk\u00fdch smluv.<\/p>\n<p>N\u011bkte\u0159\u00ed se zlob\u00ed, \u017ee nedodr\u017een\u00edm Minsk\u00fdch smluv je vinno Rusko, \u017ee m\u011blo trvat na jejich platnosti. Jen\u017ee Rusko sou\u010d\u00e1st\u00ed t\u011bchto dohod nebylo, proto v\u00a0tom nemohlo nic d\u011blat. To, co se stalo je pouze a jenom vina Ukrajiny, plus spoluvina N\u011bmecka a Francie. U\u017e to, \u017ee s\u00e1m Poro\u0161enko se vyj\u00e1d\u0159il, \u017ee tyto smlouvy nikdy nikdo nebral v\u00e1\u017en\u011b a nebyla snaha se podle nich \u0159\u00eddit, je na pov\u00e1\u017eenou. V\u0161ecko co cht\u011bli bylo vybudovat a vyzbrojit mocnou arm\u00e1du a s\u00a0n\u00ed napadnout Donbas a pot\u00e9 Krym. Za Krymem by samoz\u0159ejm\u011b n\u00e1sledovalo Rusko.<\/p>\n<p><span style=\"font-size: 18pt;\"><strong>Pro\u010d zrovna Slovan\u00e9?<\/strong><\/span><\/p>\n<p><a href=\"https:\/\/www.youtube.com\/watch?v=ty3RWNjCQX0\">Jak NATO<\/a>, tak i Z\u00e1pad zkou\u0161\u00ed prodlou\u017eit utrpen\u00ed Ukrajinc\u016f a skute\u010dn\u011b bojovat do posledn\u00edho z\u00a0nich. Dod\u00e1vaj\u00ed jim dal\u0161\u00ed a dal\u0161\u00ed zbran\u011b, co\u017e jim nepom\u00e1h\u00e1, ale \u0161kod\u00ed, proto\u017ee t\u00edm je v\u00e1lka prodlu\u017eov\u00e1na a v\u00edc lid\u00ed p\u0159ijde o \u017eivot. Ukrajinsk\u00e1 arm\u00e1da sl\u00e1bne a ztr\u00e1c\u00ed bojeschopnost. Ale to je d\u016fvod, pro\u010d Z\u00e1pad zbran\u011b pos\u00edl\u00e1, aby je v\u0161echny zni\u010dil. A nejsp\u00ed\u0161 budou zkou\u0161et do konfliktu zam\u00edchat i jin\u00e9 slovansk\u00e9 n\u00e1rody, jeden proti druh\u00e9mu, ve snaze n\u00e1s vyhubit.<\/p>\n<p><a href=\"Kaufman\">Ta snaha <\/a>zni\u010dit a vyhubit v\u0161echny Slovany m\u016f\u017ee nazna\u010dovat, \u017ee jsou n\u011bjak d\u016fle\u017eit\u00ed a ne-slovansk\u00fd Z\u00e1pad se takto zkou\u0161\u00ed zbavit t\u011bch, kter\u00fdm po pr\u00e1vu n\u011bco n\u00e1le\u017e\u00ed, co\u017e cht\u011bj\u00ed uchv\u00e1tit sami. Co kdy\u017e jsou Slovan\u00e9 ti prap\u016fvodn\u00ed lid\u00e9, kte\u0159\u00ed maj\u00ed p\u0159ednostn\u00ed n\u00e1rok na tuto zemi, proto\u017ee zde byli ustanoveni jako jej\u00ed ochr\u00e1nci a majitel\u00e9. Co kdy\u017e kv\u016fli tomu se n\u00e1s zkou\u0161ej\u00ed tyto oportunistick\u00e9, parazitn\u00ed hordy kazarsk\u00fdch pom\u00ed\u0161enc\u016f zbavit. U n\u011bkter\u00fdch n\u00e1rod\u016f to d\u011blaj\u00ed zjevn\u011b, jako t\u0159eba u Ukrajinc\u016f, proto\u017ee ti si v\u00a0z\u00e1palu sv\u00e9 nen\u00e1visti v\u016f\u010di v\u0161em ostatn\u00edm nev\u0161imnou, o co skute\u010dn\u011b jde a r\u00e1di souhlas\u00ed s\u00a0pl\u00e1nem Z\u00e1padu na vyhuben\u00ed sv\u00fdch soused\u016f i za cenu vyhuben\u00ed sebe sam\u00fdch.<\/p>\n<p>Stejn\u011b tak Polsko, to je natolik prolezl\u00e9 kazarsk\u00fdm vlivem, \u017ee ani nev\u00ed, \u017ee svoj\u00ed bojovnost\u00ed jim pom\u00e1haj\u00ed dos\u00e1hnout jejich c\u00edle. Od americk\u00fdch Pol\u00e1k\u016f v\u00edm, \u017ee pol\u0161t\u00ed \u017did\u00e9 jim \u0159\u00edkaj\u00ed, \u017ee <em>\u201ety ulice jsou sice va\u0161e, ale v\u0161ecky domy v\u00a0nich jsou na\u0161e.\u201c<\/em> Co\u017e ukazuje jak\u00e1 je skute\u010dn\u00e1 situace v\u00a0Polsku.<\/p>\n<p>Tito lid\u00e9 n\u00e1s maj\u00ed dob\u0159e prozkoum\u00e1ny, \u017eili na to dost dlouho mezi n\u00e1mi, tak\u017ee v\u00ed velice dob\u0159e jak na ka\u017ed\u00fd jednotliv\u00fd n\u00e1rod p\u016fsobit, aby pro n\u011b d\u011blal \u0161pinavou pr\u00e1ci. Na ty, co jsou otev\u0159en\u00ed a p\u0159\u00e1tel\u0161t\u00ed je pou\u017eita jin\u00e1 metoda ne\u017e na ty opatrn\u00e9 a ned\u016fv\u011b\u0159iv\u00e9. U \u010desk\u00e9ho n\u00e1roda je vyu\u017e\u00edv\u00e1na na\u0161e sout\u011b\u017eivost, na\u0161e snaha m\u00edt se l\u00edp ne\u017e soused, ha\u0161te\u0159ivost a neuk\u00e1zn\u011bnost. U Slov\u00e1k\u016f to bude zase jejich p\u0159\u00edzemnost, touha po ok\u00e1zalosti a rovn\u011b\u017e, sout\u011b\u017eivost se sousedy. A to v\u0161ecko je tajeno, abychom nev\u011bd\u011bli o co skute\u010dn\u011b jde, abychom neprokoukli jejich \u0161pinavou hru a nezma\u0159ili ji.<\/p>\n<p><a href=\"https:\/\/www.youtube.com\/watch?v=ty3RWNjCQX0\">Ukrajina, to je katastrofa<\/a> sama, ti lid\u00e9 st\u00e1le je\u0161t\u011b nech\u00e1pou, \u017ee je to jejich genocida. Jejich zaslepen\u00e1 z\u00e1\u0161\u0165 proti Rus\u016fm a vlastn\u011b proti v\u0161em ostatn\u00edm je \u017eene do boje i za cenu vlastn\u00edch \u017eivot\u016f. Jak se vyj\u00e1d\u0159il americk\u00fd Ministr obrany, Lloyd Austin na ned\u00e1vn\u00e9m setk\u00e1n\u00ed v\u00a0n\u011bmeck\u00e9m Ramsteinu, \u00fakol Ukrajiny nebyl v\u00e1lku vyhr\u00e1t, ale co nejv\u00edc ubl\u00ed\u017eit Rusku a vy\u010derpat je. Pravda, ale za cenu jejich vlastn\u00edch \u017eivot\u016f a sebezni\u010den\u00ed \u2013 to ne\u0159ekl.<\/p>\n<p><span style=\"font-size: 18pt;\"><strong>Jak \u00fasp\u011b\u0161n\u00e9 jsou sankce na Rusko<\/strong><\/span><\/p>\n<p>Zat\u00edm co Z\u00e1pad o\u010dek\u00e1v\u00e1 15% pokles v\u00a0HDP (co\u017e je p\u0159\u00ed\u0161ern\u011b velk\u00fd schodek), rusk\u00e1 ekonomie si vede dob\u0159e, tam nen\u00ed \u017e\u00e1dn\u00fd velk\u00fd pokles, ba naopak, v\u00a0mnoh\u00fdch odv\u011btv\u00edch m\u016f\u017eeme vid\u011bt ekonomick\u00fd r\u016fst. Inflace je zhruba jedna t\u0159etina toho, co m\u00e1 Evropsk\u00e1 unie a zbroja\u0159sk\u00fd pr\u016fmysl jede na pln\u00e9 obr\u00e1tky.<\/p>\n<p><a href=\"https:\/\/sputniknews.com\/20230120\/collective-west-promotes-regime-change-in-russia-at-davos-1106538051.html\">Na ned\u00e1vn\u00e9m setk\u00e1n\u00ed<\/a> WEF v\u00a0Davosu n\u00e1m dal profesor Kenneth Rogoff, profesor z\u00a0Harvardu a d\u0159\u00edv\u011bj\u0161\u00ed hlavn\u00ed ekonom IMF (International Monetary Fund) nahl\u00e9dnout do cel\u00e9ho pl\u00e1nu Z\u00e1padu, kter\u00fd zkou\u0161ej\u00ed uplatnit skrze d\u016fv\u011b\u0159iv\u00e9 a zaujat\u00e9 Ukrajince. Zd\u016fraznil nutnost toho, aby Z\u00e1pad vytrval u sou\u010dasn\u00fdch sankc\u00ed proti Rusku a z\u00e1rove\u0148 aby se p\u0159ipravil na vytv\u00e1\u0159en\u00ed dal\u0161\u00edch podm\u00ednek k\u00a0proveden\u00ed zm\u011bny re\u017eimu v\u00a0Rusku.<\/p>\n<p>Tak\u017ee zm\u011bna re\u017eimu v\u00a0Rusku! To je jejich skute\u010dn\u00fd c\u00edl.<\/p>\n<p>Cht\u011bj\u00ed za ka\u017edou cenu odstranit rusk\u00e9ho Presidenta Vladim\u00edra Putina a nahradit ho n\u011bk\u00fdm, kdo bude poslouchat jejich dikt\u00e1t a dovol\u00ed jim, aby celou zemi vyrabovali. Pochopiteln\u011b, \u017ee n\u011bco takov\u00e9ho je pro Z\u00e1pad nesm\u00edrn\u011b d\u016fle\u017eit\u00e9, proto\u017ee se jedn\u00e1 o jejich z\u00e1chranu, o jejich p\u0159e\u017eit\u00ed. Bez dal\u0161\u00edch zdroj\u016f, kter\u00e9 by mohli vykr\u00e1st, je cel\u00e1 jejich sl\u00e1va, v\u010detn\u011b demokracie, siln\u00fdch \u0159e\u010d\u00ed, woke extremismu a v\u0161eho ostatn\u00edho jednodu\u0161e kaput.<\/p>\n<p>Rogoff p\u0159iznal, \u017ee zm\u011bna re\u017eimu nebude snadn\u00e1, ale to je, co se mus\u00ed st\u00e1t. Podle n\u011bho, Rusko bude pro\u017e\u00edvat obdob\u00ed neuv\u011b\u0159iteln\u00e9 chudoby, proto\u017ee sankce, kter\u00e9 na n\u011b Z\u00e1pad uvalil je naprosto zni\u010d\u00ed. A zat\u00edm Rusko po\u0159\u00e1d d\u00e1l buduje, po\u0159\u00e1d d\u00e1l zbroj\u00ed, dal\u0161\u00ed a dal\u0161\u00ed voj\u00e1ci p\u0159ib\u00fdvaj\u00ed na frontu, co\u017e z\u00e1padn\u00ed myslitel Rogoff zhodnotil jako: <em>\u201eJestli\u017ee Rusko pos\u00edl\u00ed, co ud\u011bl\u00e1me my? Mus\u00edme b\u00fdt p\u0159ipraveni. (Rusov\u00e9) mus\u00ed v\u011bd\u011bt, \u017ee je odplata nemine.\u201c<\/em> Rogoff t\u00edm pouze uk\u00e1zal, \u017ee je dal\u0161\u00ed z\u00a0t\u011bch, kte\u0159\u00ed maj\u00ed o\u010di, ale nevid\u00ed a maj\u00ed u\u0161i, kter\u00e9 nesly\u0161\u00ed.<\/p>\n<p>Nutno dodat, \u017ee pan Rogoff je je\u0161t\u011b \u010dlenem CFR (Council on Foreign Relations) a tak\u00e9 Group 30, neboli G30, co\u017e je skupina ekonomick\u00fdch a finan\u010dn\u00edch vedouc\u00edch z\u00e1padn\u00edho sv\u011bta, jej\u00ed\u017e osazenstvo bylo vybr\u00e1no z\u00a0akademick\u00fdch a obchodn\u00edch kruh\u016f, aby \u201eprohlubovali porozumn\u011bn\u00ed glob\u00e1ln\u00ed ekonomick\u00e9 a finan\u010dn\u00ed situace.\u201c<\/p>\n<p>S\u00a0takov\u00fdmi mysliteli, jako je on s\u00e1m, se Z\u00e1pad nem\u00e1 \u010d\u00edm chlubit. Ve\u0161ker\u00e9 jeho z\u00e1v\u011bry a \u00favahy jsou naprosto rozd\u00edln\u00e9 od skute\u010dnosti \u2013 jin\u00fdmi slovy, jsou skrz naskrz \u0161patn\u00e9. Rusko nebude ten st\u00e1t, kter\u00fd postihne ne\u00fam\u011brn\u00e1 chudoba. Ta ne\u00fam\u011brn\u00e1 chudoba postihne st\u00e1ty Evropsk\u00e9 unie, kter\u00e9 se nechaly zl\u00e1kat z\u00e1\u0159iv\u00fdmi vyhl\u00eddkami \u010dlenstv\u00ed v\u00a0tomto spolku, \u010d\u00edm\u017e se postavily proti Rusku a te\u010f budou muset n\u00e9st n\u00e1sledky sv\u00e9ho \u0161patn\u00e9ho rozhodnut\u00ed.<\/p>\n<p><span style=\"font-size: 18pt;\"><strong>To nen\u00ed Rusko, to je Evropa a US!<\/strong><\/span><\/p>\n<p>Rusko m\u00e1 dostatek vlastn\u00edch zdroj\u016f, aby p\u0159est\u00e1lo jak\u00e9koliv sankce. Oproti nim, Evropa se n\u011b\u010d\u00edm takov\u00fdm nem\u016f\u017ee chlubit. Amerika by dostatek vlastn\u00edch zdroj\u016f m\u011bla, ale tam je jejich dostupnost um\u011ble br\u017ed\u011bna, aby mohla vzniknout ne\u00fam\u011brn\u00e1 chudoba. To v\u0161ecko je z\u00e1m\u011br, dostat cel\u00fd Z\u00e1pad do ekonomick\u00e9ho a finan\u010dn\u00edho krachu, abychom my, prost\u00ed lid\u00e9 p\u0159i\u0161li o v\u0161ecko, abychom byli zb\u00edda\u010del\u00ed, uboz\u00ed a hladov\u00ed, p\u0159esn\u011b podle pl\u00e1n\u016f WEF a globalist\u016f, kte\u0159\u00ed je ovl\u00e1daj\u00ed.<\/p>\n<p>Proto ty nesmysln\u00e9 \u0159e\u010di, proto ty l\u017ei o tom, jak moc Rusko bude sankcemi trp\u011bt, abychom nepoznali, \u017ee se nejedn\u00e1 o Rusko, ale jedn\u00e1 se o n\u00e1s. My budeme t\u011bmi sankcemi trp\u011bt, my na n\u011b doplat\u00edme, na\u0161e ekonomie, zem\u011bd\u011blstv\u00ed, zdravotnictv\u00ed a v\u0161ecko ostatn\u00ed budou t\u00edm zni\u010deny. My skon\u010d\u00edme okradeni o v\u0161ecko, co na\u0161i p\u0159edkov\u00e9 v\u00a0potu tv\u00e1\u0159e vybudovali.<\/p>\n<p>P\u0159ese v\u0161ecky drastick\u00e9 p\u0159edpov\u011bdi samozvan\u00fdch odborn\u00edk\u016f Rogoffova typu, kte\u0159\u00ed zjevn\u011b nemaj\u00ed pon\u011bt\u00ed o ekonomii, ani o v\u00e1le\u010dn\u00e9 strategii, Rusko na Ukrajin\u011b ni\u010d\u00ed jednu \u010d\u00e1st ukrajinsk\u00e9ho vojska za druhou. Ani neust\u00e1l\u00e9 dod\u00e1v\u00e1n\u00ed dal\u0161\u00edch a dal\u0161\u00edch voj\u00e1k\u016f ze Z\u00e1padu a nesm\u00edrn\u00e9 mno\u017estv\u00ed dov\u00e1\u017een\u00fdch zbran\u00ed je nen\u00ed schopno zastavit. Rusov\u00e9, kte\u0159\u00ed v\u00a0t\u00e9to bitv\u011b stoj\u00ed sami proti v\u011bt\u0161\u00ed \u010d\u00e1sti sv\u011bta, kter\u00e1 se proti nim spikla, p\u0159ese v\u0161ecky \u00faklady vyhr\u00e1vaj\u00ed.<\/p>\n<p>P\u0159itom maj\u00ed je\u0161t\u011b dost kapacity na to, aby z\u00e1sobovali chud\u00e9 africk\u00e9 st\u00e1ty velice levn\u00fdm obil\u00edm, z\u00a0nich\u017e mnoh\u00fdm je dod\u00e1vaj\u00ed zadarmo. Pom\u00e1haj\u00ed Africe s\u00a0dekolonizac\u00ed, s\u00a0rozv\u00edjen\u00edm vlastn\u00edho pr\u016fmyslu a s odstran\u011bn\u00edm ciz\u00edho vyko\u0159is\u0165ov\u00e1n\u00ed. Z\u00e1sobuj\u00ed Indii a \u010c\u00ednu, spolu s\u00a0ostatn\u00edmi asijsk\u00fdmi st\u00e1ty pot\u0159ebn\u00fdmi energetick\u00fdmi a jin\u00fdmi surovinami a jsou ochotni v\u00a0bl\u00edzk\u00e9 dob\u011b vybudovat plynovod do Turecka, aby se vyhnuli z\u00e1ke\u0159nostem baltick\u00fdch a seversk\u00fdch st\u00e1t\u016f a Ameriky, kte\u0159\u00ed spole\u010dn\u011b zni\u010dili multi-milionov\u00fd projekt Nord Stream. Mo\u017en\u00e1 v\u00a0tom \u0160v\u00e9dov\u00e9, Finov\u00e9, nebo Estonci nebyli p\u0159\u00edmo zapleteni, ale pom\u00e1haj\u00ed pachatele kr\u00fdt, co\u017e z\u00a0nich d\u011bl\u00e1 automaticky spoluvin\u00edky.<\/p>\n<p>Po proslovu se Rogoff zachoval velice podivn\u011b: za\u010dal si p\u00edskat. Co p\u00edskal? Zd\u00e1lo se, \u017ee p\u00edskal p\u00edse\u0148 \u201eBl\u00ed\u017ee k\u00a0tob\u011b m\u016fj Bo\u017ee\u201c (Nearer, My God to Thee), co\u017e byla melodie, kterou hr\u00e1la kapela na Titaniku, kdy\u017e \u0161la lo\u010f ke dnu.<\/p>\n<p><strong>Jane Kaufman, 6. \u00fanora 2023<\/strong><\/p>\n<p>&nbsp;<\/p>\n<p><img decoding=\"async\" loading=\"lazy\" class=\"wp-image-19187 aligncenter\" src=\"http:\/\/www.infokuryr.cz\/n\/wp-content\/uploads\/2022\/12\/1-PRO-300x36.jpg\" alt=\"\" width=\"1133\" height=\"136\" srcset=\"https:\/\/www.infokuryr.cz\/n\/wp-content\/uploads\/2022\/12\/1-PRO-300x36.jpg 300w, https:\/\/www.infokuryr.cz\/n\/wp-content\/uploads\/2022\/12\/1-PRO.jpg 699w\" sizes=\"(max-width: 1133px) 100vw, 1133px\" \/><\/p>\n<p>&nbsp;<\/p>\n","protected":false},"excerpt":{"rendered":"<p>Podle toho, co \u0159\u00edk\u00e1 Scott Ritter, NATO a Spojen\u00e9 st\u00e1ty se zkou\u0161\u00ed zbavit zastaral\u00fdch a&#8230;<\/p>\n","protected":false},"author":2,"featured_media":16644,"comment_status":"closed","ping_status":"closed","sticky":false,"template":"","format":"standard","meta":[],"categories":[6],"tags":[1042,26,73],"_links":{"self":[{"href":"https:\/\/www.infokuryr.cz\/n\/wp-json\/wp\/v2\/posts\/22445"}],"collection":[{"href":"https:\/\/www.infokuryr.cz\/n\/wp-json\/wp\/v2\/posts"}],"about":[{"href":"https:\/\/www.infokuryr.cz\/n\/wp-json\/wp\/v2\/types\/post"}],"author":[{"embeddable":true,"href":"https:\/\/www.infokuryr.cz\/n\/wp-json\/wp\/v2\/users\/2"}],"replies":[{"embeddable":true,"href":"https:\/\/www.infokuryr.cz\/n\/wp-json\/wp\/v2\/comments?post=22445"}],"version-history":[{"count":0,"href":"https:\/\/www.infokuryr.cz\/n\/wp-json\/wp\/v2\/posts\/22445\/revisions"}],"wp:featuredmedia":[{"embeddable":true,"href":"https:\/\/www.infokuryr.cz\/n\/wp-json\/wp\/v2\/media\/16644"}],"wp:attachment":[{"href":"https:\/\/www.infokuryr.cz\/n\/wp-json\/wp\/v2\/media?parent=22445"}],"wp:term":[{"taxonomy":"category","embeddable":true,"href":"https:\/\/www.infokuryr.cz\/n\/wp-json\/wp\/v2\/categories?post=22445"},{"taxonomy":"post_tag","embeddable":true,"href":"https:\/\/www.infokuryr.cz\/n\/wp-json\/wp\/v2\/tags?post=22445"}],"curies":[{"name":"wp","href":"https:\/\/api.w.org\/{rel}","templated":true}]}}