{"id":22444,"date":"2023-02-07T01:19:34","date_gmt":"2023-02-07T00:19:34","guid":{"rendered":"http:\/\/www.infokuryr.cz\/n\/?p=22444"},"modified":"2023-02-06T18:36:39","modified_gmt":"2023-02-06T17:36:39","slug":"lubomir-man-generalovo-pokani-za-cervenou-knizku-si-odskaceme-my-nevinni","status":"publish","type":"post","link":"https:\/\/www.infokuryr.cz\/n\/2023\/02\/07\/lubomir-man-generalovo-pokani-za-cervenou-knizku-si-odskaceme-my-nevinni\/","title":{"rendered":"Lubom\u00edr Man: Gener\u00e1lovo pok\u00e1n\u00ed za \u010dervenou kn\u00ed\u017eku si odsk\u00e1\u010deme my, nevinn\u00ed"},"content":{"rendered":"<div id=\"fb-root\"><\/div>\n<p>A v\u00edte pro\u010d? Proto\u017ee gener\u00e1l, kter\u00fd se u\u017e v pr\u016fb\u011bhu n\u011bkolika dn\u00ed stane na\u0161\u00edm prezidentem, se bude jo sakramentsky starat o to, aby p\u0159esv\u011bd\u010dil, \u017ee u\u017e v\u016fbec, a to ani v nejmen\u0161\u00edm, nen\u00ed \u017e\u00e1dn\u00fd komunista.<\/p>\n<p>\u017de jeho minulost p\u0159edsedy z\u00e1kladn\u00ed organizace KS\u010c v arm\u00e1d\u011b je hluboko v zemi zakopan\u00e1 a \u017ee z n\u00ed u\u017e jedin\u00fd atom ani v p\u016fd\u011b a ani v pov\u011bt\u0159\u00ed nezbyl. \u017de on, gener\u00e1l, hled\u00ed na v\u00fdchod nikoli u\u017e s b\u00fdvalou l\u00e1skou k mati\u010dce Rusi, ale dnes u\u017e s \u010dirou nen\u00e1vist\u00ed k agresivn\u00ed Putinov\u011b \u0159\u00ed\u0161i. \u017de pochopil a poznal, \u017ee pravda\u00a0 a spravedlnost nikdy nes\u00eddlila a ani dnes nes\u00eddl\u00ed v Kremlu, ale \u017ee sv\u011btlem pochodn\u011b ze Sochy svobody v newyorsk\u00e9m p\u0159\u00edstavu osvicuje nejen B\u00edl\u00fd d\u016fm a Kapitol, ale i Pentagon a Brusel, odkud se jej\u00ed sv\u011btlo \u0161\u00ed\u0159\u00ed d\u00e1l, kam a\u017e jen oko dohl\u00e9dne. \u017de sv\u011bt je zkr\u00e1tka jin\u00fd, ne\u017e byl, a je t\u00e9\u017e lep\u0161\u00ed, ne\u017e byl. A t\u00e9\u017e on, gener\u00e1l, je jin\u00fd, ne\u017e byl, a je t\u00e9\u017e lep\u0161\u00ed ne\u017e byl, a je za tu p\u0159em\u011bnu osudu vd\u011b\u010den.<\/p>\n<p>A aby svou vd\u011b\u010dnost dok\u00e1zal, u\u010din\u00ed gener\u00e1l mo\u017en\u00e9 a snad i nemo\u017en\u00e9, aby sv\u00e9 nov\u00e9 v\u00edry hl\u00e1sal je\u0161t\u011b horliv\u011bji ne\u017e je hl\u00e1s\u00e1 na\u0161e vl\u00e1da, sn\u011bmovna a dokonce i ne\u017e Sen\u00e1t, ale hlavn\u011b aby pak tyto sv\u00e9 v\u00edry pom\u00e1hal uv\u00e1d\u011bt v \u017eivot, a to znovu horliv\u011bji i d\u016fsledn\u011bji ne\u017e budou \u010dinit sbory shora jmenovan\u00e9. Gener\u00e1l a nyn\u00ed u\u017e t\u00e9\u017e t\u00e9m\u011b\u0159 prezident bude zkr\u00e1tka razit cestu krystalicky \u010dist\u00e9mu z\u00e1padn\u00edmu postoji na\u0161\u00ed republiky, postoji bez vyt\u00e1\u010dek, ot\u00e1len\u00ed \u010di plan\u00fdch diskuz\u00ed. Bude na n\u00e1s nejabsolitn\u011bj\u0161\u00ed spoleh, staneme se zkr\u00e1tka je\u0161t\u011b v\u011brn\u011bj\u0161\u00edmi a je\u0161t\u011b spolehliv\u011bj\u0161\u00edmi p\u0159\u00e1teli Washingtonu i Bruselu ne\u017e jsme te\u010f, co\u017e se samoz\u0159ejm\u011b jev\u00ed jako zhola nemo\u017en\u00e9, proto\u017ee v\u0161echny limity v t\u00e9to v\u011bci byly u\u017e z na\u0161\u00ed strany p\u0159ekon\u00e1ny, ale Petr Pavel je voj\u00e1k, kter\u00fd je zvykl\u00fd uv\u00e1d\u011bt i z\u00e1zraky v \u017eivot. Tak\u017ee o\u010dek\u00e1vejme kladn\u00fd v\u00fdsledek i zde.<\/p>\n<p>Co\u017e v\u0161e, v souhrnu, jsou z\u00e1m\u011bry, se kter\u00fdmi se gener\u00e1l ve sv\u00e9m nast\u00e1vaj\u00edc\u00edm prezidentsk\u00e9m obdob\u00ed obr\u00e1t\u00ed nejen k t\u011bm, kte\u0159\u00ed ho volili, ale i k t\u011bm, kte\u0159\u00ed ho nevolili, a zvl\u00e1\u0161t\u011b pak k t\u011bm, kte\u0159\u00ed ho nevolili z d\u016fvodu jeho komunistick\u00e9 minulosti, jak nap\u0159. u\u010dinil i Michael Koc\u00e1b a takto svoji nevolbu p\u0159ed druh\u00fdm kolem\u00a0 prezidentsk\u00e9 volby pro \u010cesk\u00fd rozhlas zd\u016fvodnil: \u201eA\u017e kdy\u017e se cht\u011bj\u00ed (my\u0161leni gener\u00e1l Pavel i n\u011bkdej\u0161\u00ed premi\u00e9r Babi\u0161 \u2013 pozn. LM), s prominut\u00edm vydr\u00e1pat na post prezidenta republiky, tak se distancuj\u00ed a omluv\u00ed se. Ano, omluvili se u\u017e d\u0159\u00edv, proto\u017ee se pohybovali na lukrativn\u00edch pozic\u00edch demokratick\u00e9ho re\u017eimu, kter\u00fd vy\u017eadoval n\u011bjakou poloomluvu. Ale omlouv\u00e1m-li se v souvislosti s t\u00edm, \u017ee chci z\u00edskat dal\u0161\u00ed lukrativn\u00ed post v \u0159ad\u011b po lukrativn\u00edch postech v b\u00fdval\u00e9m socialismu, je je\u0161t\u011b n\u011bco \u00fapln\u011b jin\u00e9ho&#8230; Je to plivnut\u00ed do tv\u00e1\u0159e v\u0161em ob\u011btem komunistick\u00e9ho re\u017eimu, kdy\u017e n\u011bkdo, kdo byl \u010dlenem t\u00e9 organizace, se dnes chce st\u00e1t prezidentem a n\u00e1m je to jedno\u201c.<\/p>\n<p>Odhl\u00e9dn\u011bme od faktu, \u017ee Koc\u00e1b\u016fv postoj je ovlivn\u011bn faktem, \u017ee on s\u00e1m u\u017e v roce 2021 uva\u017eoval o sv\u00e9 \u00fa\u010dasti v p\u0159\u00ed\u0161t\u00edm kl\u00e1n\u00ed o prezidentsk\u00fd \u00fa\u0159ad a je\u0161t\u011b v \u010dervenci minul\u00e9ho roku sd\u011blil Seznamu Zpr\u00e1vy, \u201e\u017ee se o sv\u00e9 p\u0159\u00edpadn\u00e9 kandidatu\u0159e rozhodne na posledn\u00ed chv\u00edli\u201c. Nakonec se tedy rozhodl nekandidovat, ale ho\u0159kost ze skute\u010dnosti, \u017ee on ne, ale dva b\u00fdval\u00ed komunist\u00e9 ano, ho na jazyku svrb\u011bt nep\u0159estala. A jako jist\u00e1 v\u00fdstraha z\u016fstal mo\u017en\u00e1 tento paradox sv\u00e9ho druhu tr\u010det i v hlav\u011b gener\u00e1la Pavla, kter\u00fd si velmi dob\u0159e uv\u011bdomuje, \u017ee pr\u00e1v\u011b z t\u00e1bora nejskaln\u011bj\u0161\u00edch proz\u00e1padn\u00edch jest\u0159\u00e1b\u016f a rusofob\u016f hroz\u00ed jeho kari\u00e9\u0159e pro jeho n\u011bkdej\u0161\u00ed \u010dlenstv\u00ed v KS\u010c nejv\u00e1\u017en\u011bj\u0161\u00ed nebezpe\u010d\u00ed. A \u017ee tud\u00ed\u017e n\u00e1m, ob\u010dan\u016fm, hroz\u00ed, \u017ee ohro\u017een\u00fd bude konat z\u00e1zraky p\u0159i\u010dinlivosti, aby dokonce i toho Koc\u00e1ba p\u0159esv\u011bd\u010dil, \u017ee ost\u0159ej\u0161\u00ed brusi\u010d na protivl\u00e1dn\u00ed s\u00edly a kritiky politiky Washingtonu a Bruselu ne\u017e je on, v republice nebyl a nen\u00ed.<\/p>\n<p>A to bude pr\u00e1v\u011b to, co si budeme muset, jak u\u017e v titulku nazna\u010deno, odtrp\u011bt. Proto\u017ee u\u017e te\u010f je toho nad hlavu i neurekom.<\/p>\n<p>Lubom\u00edr Man<\/p>\n<p><img decoding=\"async\" loading=\"lazy\" class=\"alignnone size-full wp-image-860\" src=\"http:\/\/www.infokuryr.cz\/n\/wp-content\/uploads\/2021\/04\/lub_man.jpg\" alt=\"\" width=\"143\" height=\"200\" \/><\/p>\n<p>_____________<\/p>\n<p>&nbsp;<\/p>\n<p><img decoding=\"async\" loading=\"lazy\" class=\"wp-image-19187 aligncenter\" src=\"http:\/\/www.infokuryr.cz\/n\/wp-content\/uploads\/2022\/12\/1-PRO-300x36.jpg\" alt=\"\" width=\"1100\" height=\"132\" srcset=\"https:\/\/www.infokuryr.cz\/n\/wp-content\/uploads\/2022\/12\/1-PRO-300x36.jpg 300w, https:\/\/www.infokuryr.cz\/n\/wp-content\/uploads\/2022\/12\/1-PRO.jpg 699w\" sizes=\"(max-width: 1100px) 100vw, 1100px\" \/><\/p>\n<p>&nbsp;<\/p>\n","protected":false},"excerpt":{"rendered":"<p>A v\u00edte pro\u010d? Proto\u017ee gener\u00e1l, kter\u00fd se u\u017e v pr\u016fb\u011bhu n\u011bkolika dn\u00ed stane na\u0161\u00edm prezidentem,&#8230;<\/p>\n","protected":false},"author":2,"featured_media":22065,"comment_status":"closed","ping_status":"closed","sticky":false,"template":"","format":"standard","meta":[],"categories":[6],"tags":[29,2712,1173],"_links":{"self":[{"href":"https:\/\/www.infokuryr.cz\/n\/wp-json\/wp\/v2\/posts\/22444"}],"collection":[{"href":"https:\/\/www.infokuryr.cz\/n\/wp-json\/wp\/v2\/posts"}],"about":[{"href":"https:\/\/www.infokuryr.cz\/n\/wp-json\/wp\/v2\/types\/post"}],"author":[{"embeddable":true,"href":"https:\/\/www.infokuryr.cz\/n\/wp-json\/wp\/v2\/users\/2"}],"replies":[{"embeddable":true,"href":"https:\/\/www.infokuryr.cz\/n\/wp-json\/wp\/v2\/comments?post=22444"}],"version-history":[{"count":0,"href":"https:\/\/www.infokuryr.cz\/n\/wp-json\/wp\/v2\/posts\/22444\/revisions"}],"wp:featuredmedia":[{"embeddable":true,"href":"https:\/\/www.infokuryr.cz\/n\/wp-json\/wp\/v2\/media\/22065"}],"wp:attachment":[{"href":"https:\/\/www.infokuryr.cz\/n\/wp-json\/wp\/v2\/media?parent=22444"}],"wp:term":[{"taxonomy":"category","embeddable":true,"href":"https:\/\/www.infokuryr.cz\/n\/wp-json\/wp\/v2\/categories?post=22444"},{"taxonomy":"post_tag","embeddable":true,"href":"https:\/\/www.infokuryr.cz\/n\/wp-json\/wp\/v2\/tags?post=22444"}],"curies":[{"name":"wp","href":"https:\/\/api.w.org\/{rel}","templated":true}]}}