{"id":22442,"date":"2023-02-07T01:18:03","date_gmt":"2023-02-07T00:18:03","guid":{"rendered":"http:\/\/www.infokuryr.cz\/n\/?p=22442"},"modified":"2023-02-06T18:25:58","modified_gmt":"2023-02-06T17:25:58","slug":"petr-hannig-co-maji-spolecneho-petr-pavel-a-emil-hacha","status":"publish","type":"post","link":"https:\/\/www.infokuryr.cz\/n\/2023\/02\/07\/petr-hannig-co-maji-spolecneho-petr-pavel-a-emil-hacha\/","title":{"rendered":"Petr Hannig: Co maj\u00ed spole\u010dn\u00e9ho Petr Pavel a Emil H\u00e1cha?"},"content":{"rendered":"<div id=\"fb-root\"><\/div>\n<p><strong>Titul m\u00e9ho nov\u00e9ho \u010dl\u00e1nku vzbud\u00ed u p\u0159\u00edznivc\u016f zvolen\u00e9ho prezidenta vlnu nevole. Jak m\u016f\u017ee n\u011bkdo srovn\u00e1vat gener\u00e1la Pavla se st\u00e1tn\u00edm prezidentem Protektor\u00e1tu \u010cechy a Morava\u2026<\/strong><\/p>\n<p>Jen\u017ee nep\u00ed\u0161u o st\u00e1tn\u00edm prezidentovi Protektor\u00e1tu, ale o pr\u00e1voplatn\u011b zvolen\u00e9m t\u0159et\u00edm prezidentovi okle\u0161t\u011bn\u00e9 \u010ceskoslovensk\u00e9 republiky, kter\u00e1 p\u0159i\u0161la o \u010desk\u00e9 a moravsk\u00e9 pohrani\u010d\u00ed, nyn\u00ed op\u011bt naz\u00fdvan\u00e9 Sudety (toto ozna\u010den\u00ed bylo po osvobozen\u00ed krajn\u011b nevhodn\u00e9), kter\u00e9 zabralo N\u011bmecko, o T\u011b\u0161\u00ednsko, kter\u00e9 zabralo Polsko, a v\u00a0neposledn\u00ed \u0159ad\u011b o ji\u017en\u00ed Slovensko v\u010detn\u011b ji\u017en\u00ed Podkarpatsk\u00e9 Rusi, kter\u00e9 zabralo Ma\u010farsko.<\/p>\n<p>Tak\u017ee co m\u00e1 spole\u010dn\u00e9ho t\u0159et\u00ed prezident je\u0161t\u011b samostatn\u00e9ho \u010ceskoslovenska s\u00a0nov\u011b zvolen\u00fdm prezidentem \u010cesk\u00e9 republiky Petrem Pavlem? Mnoz\u00ed si budou \u0165ukat na \u010delo, ten Hannig se asi zbl\u00e1znil. V\u017edy\u0165 gener\u00e1l Pavel je urostl\u00fd voj\u00e1k ka\u017ed\u00fdm coulem, Emil H\u00e1cha naproti tomu mal\u00fd \u010dlov\u00ed\u010dek, pr\u00e1vn\u00edk, v\u00a0letech 1925 \u2013 1938 p\u0159edseda Nejvy\u0161\u0161\u00edho spr\u00e1vn\u00edho soudu \u010cR.<\/p>\n<p>Skute\u010dn\u011b, na prvn\u00ed pohled nic. Ale pro\u010d to tedy zmi\u0148uji? Se v\u0161emi prezidenty jak p\u0159edv\u00e1le\u010dn\u00e9ho \u010ceskoslovenska, tak pov\u00e1le\u010dn\u00e9ho, v\u010detn\u011b prezident\u016f za doby socialismu a prezident\u016f samostatn\u00e9 \u010cesk\u00e9 republiky, tak\u017ee se v\u0161emi na\u0161imi prezidenty, a\u017e na jednoho, a to Emila H\u00e1chu, byly vyd\u00e1v\u00e1ny po\u0161tovn\u00ed zn\u00e1mky. U Emila H\u00e1chy se to nestihlo, proto\u017ee 15.\u00a0b\u0159ezna 1939 za\u010dalo nejhor\u0161\u00ed obdob\u00ed na\u0161\u00ed historie, a to naprost\u00e9 poddanstv\u00ed \u010cech\u016f a Moravan\u016f pod vl\u00e1dou n\u011bmeck\u00fdch nacist\u016f a fa\u0161ist\u016f, zhmotn\u011bl\u00e9 bezohledn\u00fdm \u0159\u00ed\u0161sk\u00fdm protektorem Reinhardem Heydrichem.<\/p>\n<p>Tak\u017ee portr\u00e9t Emila H\u00e1chy nebyl nikdy na \u010deskoslovensk\u00e9 po\u0161tovn\u00ed zn\u00e1mce a zvolen\u00fd prezident Petr Pavel si nep\u0159eje, aby s n\u00edm po\u0161tovn\u00ed zn\u00e1mka byla vyd\u00e1na. Tak\u017ee to je to, co tito dva na\u0161i prezidenti maj\u00ed spole\u010dn\u00e9. Pokud P. Pavel nezm\u011bn\u00ed n\u00e1zor, jejich portr\u00e9t nebude na po\u0161tovn\u00edch zn\u00e1mk\u00e1ch.<\/p>\n<p>M\u016f\u017eeme v\u0161ak d\u00e1le spekulovat, \u017ee za prezidentov\u00e1n\u00ed Emila H\u00e1chy (to u\u017e jako st\u00e1tn\u00edho prezidenta v\u00a0Protektor\u00e1tu) vypukla druh\u00e1 sv\u011btov\u00e1 v\u00e1lka a dnes hroz\u00ed vypuknut\u00ed t\u0159et\u00ed sv\u011btov\u00e9 v\u00e1lky.<\/p>\n<p>Petr Pavel nechce ani, aby jeho portr\u00e9t visel ve \u0161koln\u00edch t\u0159\u00edd\u00e1ch, tak jako portr\u00e9ty v\u0161ech p\u0159edch\u00e1zej\u00edc\u00edch prezident\u016f. Nev\u00edm, pro\u010d tomu tak je. Snad chce demonstrovat svou neok\u00e1zalost. N\u011bkte\u0159\u00ed to v\u0161ak pokl\u00e1daj\u00ed za nedostatek pokory. V\u017edy\u0165 o tom, zda bude jeho portr\u00e9t na zn\u00e1mk\u00e1ch, \u010di viset ve \u0161kol\u00e1ch a st\u00e1tn\u00edch \u00fa\u0159adech, nakonec ani dosavadn\u00ed prezidenti nerozhodovali. Bylo to d\u00e1no tak n\u011bjak samo sebou.<\/p>\n<p>Nav\u00edc si mysl\u00edm, \u017ee jakkoliv m\u016f\u017eeme diskutovat, zdali je nov\u00fd prezident ten, s\u00a0jeho\u017e n\u00e1zory se budeme ztoto\u017e\u0148ovat, tak si mysl\u00edm, \u017ee portr\u00e9t prezidenta ve \u0161kol\u00e1ch je symbolem st\u00e1tnosti a je dobr\u00e9, kdy\u017e se d\u011bti u\u017e odmala ztoto\u017e\u0148uj\u00ed prost\u0159ednictv\u00edm portr\u00e9tu prezidenta s\u00a0t\u00edm, \u017ee jsou ob\u010dany samostatn\u00e9 \u010cesk\u00e9 republiky. Leda, \u017ee by existovalo zad\u00e1n\u00ed, tento pocit soun\u00e1le\u017eitosti u\u017e od \u00fatl\u00e9ho d\u011btstv\u00ed potla\u010dovat. Kdov\u00ed?<\/p>\n<p>Ka\u017edop\u00e1dn\u011b se mi to nel\u00edb\u00ed. Pamatuji si, jak m\u00e1 maminka (a to vyr\u016fstala jako p\u0159\u00edslu\u0161nice \u010desk\u00e9 men\u0161iny ve skoro ryze n\u011bmecky mluv\u00edc\u00edm m\u011bst\u011b \u00dast\u00ed nad Labem a pak n\u011bjakou domu v t\u00e9\u017e n\u011bmecky mluv\u00edc\u00edm \u017dacl\u00e9\u0159i, proto\u017ee se tam vdala jej\u00ed matka, m\u00e1 babi\u010dka) si st\u00e1le vzpom\u00ednala, jak jako d\u00edt\u011b milovala \u00bbtat\u00ed\u010dka\u00ab Masaryka. Neberte d\u011btem idoly. Te\u010f je skute\u010dn\u011b ta spr\u00e1vn\u00e1 doba, kdy se bude moci na ze\u010f u\u010deben vr\u00e1tit bez jak\u00fdchkoliv protest\u016f (se kter\u00fdmi jsem hrub\u011b nesouhlasil, proto\u017ee pova\u017euji Milo\u0161e Zemana, zvl\u00e1\u0161t\u011b v jeho prvn\u00edm obdob\u00ed a prvn\u00ed polovin\u011b obdob\u00ed druh\u00e9ho, za dobr\u00e9ho prezidenta \u010cR) portr\u00e9t prezidenta \u010cR. A je dobr\u00e9, kdy\u017e se od r\u016fzn\u00fdch zahrani\u010dn\u00edch hv\u011bzdi\u010dek pop music a r\u016fzn\u00fdch d\u011btsk\u00fdch influencer\u016f \u010di influencerek z\u00e1jem d\u011bt\u00ed p\u0159ibl\u00ed\u017e\u00ed t\u00e9\u017e k hlav\u011b na\u0161eho st\u00e1tu.<\/p>\n<p>\u010cetl jsem tak\u00e9 postesk jednoho filatelisty, kter\u00fd se t\u011b\u0161il na po\u0161tovn\u00ed zn\u00e1mku s\u00a0nov\u00fdm prezidentem. Doufal, \u017ee si to nov\u011b zvolen\u00fd prezident rozmysl\u00ed a filatelist\u00e9 budou pot\u011b\u0161eni.<\/p>\n<p>Ostatn\u011b i j\u00e1 si mysl\u00edm, \u017ee to nakonec dopadne tak, \u017ee Petra Pavla jeho okol\u00ed p\u0159esv\u011bd\u010d\u00ed, \u017ee odej\u00edt ze zorn\u00e9ho pole jak lid\u00ed pos\u00edlaj\u00edc\u00edch je\u0161t\u011b st\u00e1le dopisy s\u00a0klasick\u00fdmi zn\u00e1mkami, tak \u0161koln\u00ed ml\u00e1de\u017ee, kter\u00e1 za p\u011bt let u\u017e bude m\u00edt volebn\u00ed pr\u00e1vo, nen\u00ed to nejrozumn\u011bj\u0161\u00ed \u0159e\u0161en\u00ed.<\/p>\n<p><strong>Petr Hannig, p\u0159edseda politick\u00e9 strany ROZUMN\u00cd a b\u00fdval\u00fd prezidentsk\u00fd kandid\u00e1t<\/strong><\/p>\n<p>&nbsp;<\/p>\n<p><img decoding=\"async\" loading=\"lazy\" class=\"wp-image-19187 aligncenter\" src=\"http:\/\/www.infokuryr.cz\/n\/wp-content\/uploads\/2022\/12\/1-PRO-300x36.jpg\" alt=\"\" width=\"1108\" height=\"133\" srcset=\"https:\/\/www.infokuryr.cz\/n\/wp-content\/uploads\/2022\/12\/1-PRO-300x36.jpg 300w, https:\/\/www.infokuryr.cz\/n\/wp-content\/uploads\/2022\/12\/1-PRO.jpg 699w\" sizes=\"(max-width: 1108px) 100vw, 1108px\" \/><\/p>\n<p>&nbsp;<\/p>\n","protected":false},"excerpt":{"rendered":"<p>Titul m\u00e9ho nov\u00e9ho \u010dl\u00e1nku vzbud\u00ed u p\u0159\u00edznivc\u016f zvolen\u00e9ho prezidenta vlnu nevole. Jak m\u016f\u017ee n\u011bkdo srovn\u00e1vat&#8230;<\/p>\n","protected":false},"author":2,"featured_media":12094,"comment_status":"closed","ping_status":"closed","sticky":false,"template":"","format":"standard","meta":[],"categories":[6],"tags":[4395,29,1173],"_links":{"self":[{"href":"https:\/\/www.infokuryr.cz\/n\/wp-json\/wp\/v2\/posts\/22442"}],"collection":[{"href":"https:\/\/www.infokuryr.cz\/n\/wp-json\/wp\/v2\/posts"}],"about":[{"href":"https:\/\/www.infokuryr.cz\/n\/wp-json\/wp\/v2\/types\/post"}],"author":[{"embeddable":true,"href":"https:\/\/www.infokuryr.cz\/n\/wp-json\/wp\/v2\/users\/2"}],"replies":[{"embeddable":true,"href":"https:\/\/www.infokuryr.cz\/n\/wp-json\/wp\/v2\/comments?post=22442"}],"version-history":[{"count":0,"href":"https:\/\/www.infokuryr.cz\/n\/wp-json\/wp\/v2\/posts\/22442\/revisions"}],"wp:featuredmedia":[{"embeddable":true,"href":"https:\/\/www.infokuryr.cz\/n\/wp-json\/wp\/v2\/media\/12094"}],"wp:attachment":[{"href":"https:\/\/www.infokuryr.cz\/n\/wp-json\/wp\/v2\/media?parent=22442"}],"wp:term":[{"taxonomy":"category","embeddable":true,"href":"https:\/\/www.infokuryr.cz\/n\/wp-json\/wp\/v2\/categories?post=22442"},{"taxonomy":"post_tag","embeddable":true,"href":"https:\/\/www.infokuryr.cz\/n\/wp-json\/wp\/v2\/tags?post=22442"}],"curies":[{"name":"wp","href":"https:\/\/api.w.org\/{rel}","templated":true}]}}