{"id":22419,"date":"2023-02-07T01:04:26","date_gmt":"2023-02-07T00:04:26","guid":{"rendered":"http:\/\/www.infokuryr.cz\/n\/?p=22419"},"modified":"2023-02-06T12:33:53","modified_gmt":"2023-02-06T11:33:53","slug":"zdenek-jemelik-zastinene-pomery-v-policii-cr","status":"publish","type":"post","link":"https:\/\/www.infokuryr.cz\/n\/2023\/02\/07\/zdenek-jemelik-zastinene-pomery-v-policii-cr\/","title":{"rendered":"Zden\u011bk Jemel\u00edk: Zast\u00edn\u011bn\u00e9 pom\u011bry v Policii \u010cR"},"content":{"rendered":"<div id=\"fb-root\"><\/div>\n<p><strong>P\u0159i monitorov\u00e1n\u00ed trestn\u00edch \u0159\u00edzen\u00ed se obvykle nedost\u00e1v\u00e1m k informac\u00edm z \u00fatrob policie, by\u0165 je prvn\u00edm \u010dl\u00e1nkem \u0159\u00edzen\u00ed, jen\u017e je z\u00e1kladem, na n\u011bm\u017e stoj\u00ed dal\u0161\u00ed jedn\u00e1n\u00ed. Policie je uzav\u0159en\u00e1 komunita, samovoln\u011b vzdoruj\u00edc\u00ed nahl\u00ed\u017een\u00ed zven\u010d\u00ed. Ob\u010das p\u0159ece jen n\u011bco \u201evykvete na povrch\u201c&#8230;<\/strong><\/p>\n<p>Ob\u010das p\u0159ece jen n\u011bco \u201evykvete na povrch\u201c. Vzpom\u00edn\u00e1m na velmi star\u00fd p\u0159\u00edpad Jana Mare\u0161e, specialisty Policejn\u00edho prezidia na finan\u010dn\u00ed kriminalitu, kter\u00fd tak dlouho chodil po sv\u011bt\u011b s vypr\u00e1v\u011bn\u00edm, \u017ee guvern\u00e9r \u010cNB Josef To\u0161ovsk\u00fd a \u0161\u00e9f bankovn\u00edho dohledu Ota Kaftan jsou zlo\u010dinci, a\u017e za n\u00edm Inspekce ministra vnitra poslala j\u00edm vy\u0161et\u0159ovan\u00e9ho obvin\u011bn\u00e9ho s ob\u00e1lkou, je\u017e \u00fadajn\u011b obsahovala velkou hotovost, a odvedla jej \u201ev klepetech\u201c do vazby. P\u0159\u00edpad zadal \u00dastavn\u00edmu soudu p\u0159\u00ed\u010dinu k vyd\u00e1n\u00ed historick\u00e9ho \u00fastavn\u00edho n\u00e1lezu, j\u00edm\u017e soud zak\u00e1zal policii pou\u017e\u00edvat provokaci k zavr\u0161en\u00ed vy\u0161et\u0159ovan\u00e9ho trestn\u00e9ho \u010dinu.<\/p>\n<p>Pam\u011btihodn\u00e9 je politicky motivovan\u00e9 svr\u017een\u00ed Petra Lessyho, historicky prvn\u00edho policejn\u00edho prezidenta, vze\u0161l\u00e9ho z v\u00fdb\u011brov\u00e9ho \u0159\u00edzen\u00ed, na n\u011bm\u017e se pod\u00edlela Inspekce ministra vnitra s ministrem vnitra Janem Kubicem, zn\u00e1m\u00fdm autorem \u201eKubiceho zpr\u00e1vy\u201c.<\/p>\n<p>V jin\u00e9m p\u0159\u00edpad\u011b k likvidaci vysoko\u0161kolsky vzd\u011blan\u00e9ho \u0161pi\u010dkov\u00e9ho policisty poslou\u017eilo vy\u0161et\u0159en\u00ed policejn\u00edm psychologem, jen\u017e zjistil, \u017ee k likvidaci ur\u010den\u00fd policista by \u00farovn\u00ed IQ nesta\u010dil ani na \u0159\u00edzen\u00ed dopravy na k\u0159i\u017eovatce. Posouzen\u00ed znalcem z Vojensk\u00e9 nemocnice bylo opa\u010dn\u00e9, ale nem\u011blo vliv.<\/p>\n<p>V souvislosti s monitorov\u00e1n\u00edm trestn\u00edho \u0159\u00edzen\u00ed, veden\u00e9ho u zl\u00ednsk\u00e9 pobo\u010dky Krajsk\u00e9ho soudu v Brn\u011b proti man\u017eel\u016fm Novotn\u00fdm (o n\u011bm\u017e jsem zve\u0159ejnil na sv\u00e9m blogu, na webu spolku Chamurappi z.s. a leckde jinde \u0159adu \u010dl\u00e1nk\u016f jako o \u201ezl\u00ednsk\u00e9m hororu\u201c), jsem z\u00edskal p\u0159\u00edmou zku\u0161enost s m\u00edstn\u00ed krimin\u00e1ln\u00ed slu\u017ebou.<\/p>\n<p>Pozad\u00edm trestn\u00edho \u0159\u00edzen\u00ed byl ob\u010danskopr\u00e1vn\u00ed spor mezi obv. Jaroslavem Novotn\u00fdm jako v\u011b\u0159itelem a po\u0161k. Pavlem Bur\u00e1n\u011bm jako veledlu\u017en\u00edkem. Pan obvin\u011bn\u00fd m\u011bl nechat Pavla Bur\u00e1n\u011b vyd\u00edrat s pomoc\u00ed najat\u00fdch \u201efale\u0161n\u00fdch policist\u016f\u201c.<\/p>\n<p>Trestn\u00ed \u0159\u00edzen\u00ed proti man\u017eel\u016fm Novotn\u00fdm skon\u010dilo pravomocn\u00fdm zpro\u0161t\u011bn\u00edm viny s t\u00edm, \u017ee se \u017ealovan\u00fd skutek nestal. Ji\u017e p\u0159ed nimi se do\u010dkali zpro\u0161t\u011bn\u00ed ob\u017ealovan\u00ed, nastr\u010den\u00ed polici\u00ed do role \u201efale\u0161n\u00fdch policist\u016f\u201c, s nimi\u017e se po\u0161k. Pavel Bur\u00e1\u0148 ve skute\u010dnosti poprv\u00e9 vid\u011bl a\u017e p\u0159i rekognici.<\/p>\n<p>Stalo se, \u017ee obv. Jaroslava Novotn\u00e9ho nav\u0161t\u00edvil \u010dlov\u00ed\u010dek, kter\u00fd se p\u0159edstavil jako prost\u0159edn\u00edk po\u0161k. Pavla Bur\u00e1n\u011b a nab\u00edzel zastaven\u00ed trestn\u00edho st\u00edh\u00e1n\u00ed jako odm\u011bnu za sn\u00ed\u017een\u00ed jeho pohled\u00e1vky o obrovskou \u010d\u00e1stku. Nedok\u00e1zal ale vysv\u011btlit, jak\u00fdm zp\u016fsobem by se uskute\u010dnilo zastaven\u00ed trestn\u00edho st\u00edh\u00e1n\u00ed. Obv. Jaroslav Novotn\u00fd skv\u011blou nab\u00eddku odm\u00edtl s t\u00edm, \u017ee si nebude kupovat spravedlnost.<\/p>\n<p>Je z\u0159ejm\u00e9, \u017ee zastaven\u00ed trestn\u00edho st\u00edh\u00e1n\u00ed v dan\u00e9 f\u00e1zi trestn\u00edho \u0159\u00edzen\u00ed by nebylo lege artis mo\u017en\u00e9. Pokud by obv. Jaroslav Novotn\u00fd nab\u00eddku p\u0159ijal, mohlo by se st\u00e1t, \u017ee by pak \u010delil obvin\u011bn\u00ed z pokusu o ovlivn\u011bn\u00ed soudu, nebo by sice poskytl po\u017eadovanou slevu, ale \u0159\u00edzen\u00ed by stejn\u011b pokra\u010dovalo. Vyhodnotil jsem p\u0159\u00edb\u011bh jako pokus o podvod a obr\u00e1til jsem se na m\u00edstn\u00ed krimin\u00e1ln\u00ed slu\u017ebu. Skute\u010dn\u011b jsem se domohl prov\u011b\u0159en\u00ed p\u0159ibli\u017en\u00e9 pravdivosti vypr\u00e1v\u011bn\u00ed prost\u0159edn\u00edka, ale se z\u00e1v\u011brem, \u017ee ne\u0161lo o pokus o podvod, n\u00fdbr\u017e pouze o pokus o narovn\u00e1n\u00ed vztah\u016f mezi dlu\u017en\u00edkem a v\u011b\u0159itelem. N\u00e1zor jsem nemohl str\u00e1vit, ale jeho zvr\u00e1cen\u00ed jsem nedoc\u00edlil.<\/p>\n<p>Vid\u011bl jsem ale tak\u00e9 jin\u00e9 podivnosti v \u010dinnosti m\u00edstn\u00ed policie. Nap\u0159\u00edklad na domovn\u00ed prohl\u00eddku do vily Novotn\u00fdch p\u0159ijeli policist\u00e9 a\u017e d\u00e1vno po lh\u016ft\u011b, pro kterou m\u011bli povolen\u00ed. V\u011bd\u011bli, \u017ee na vile jsou kamery. P\u0159ijeli proto a\u017e v dob\u011b, kdy m\u011bli jistotu, \u017ee z\u00e1znamy ze dne \u00fadajn\u00e9ho sp\u00e1ch\u00e1n\u00ed zlo\u010dinu budou p\u0159emazan\u00e9. P\u0159i rekognic\u00edch si vedli tak, \u017ee panu po\u0161kozen\u00e9mu napomohli, aby p\u0159edveden\u00e9 \u201efale\u0161n\u00e9 policisty\u201c snadno poznal (nakonec je soud zprostil ob\u017ealoby). Ostatn\u011b nedok\u00e1zali nikdy soudu vysv\u011btlit, jak do\u0161li k podez\u0159en\u00ed proti t\u0159em obvin\u011bn\u00fdm \u201efale\u0161n\u00fdm policist\u016fm\u201c a \u010dtvrt\u00e9ho se ani nepokusili identifikovat. Vy\u0161et\u0159ovatel Zavadil zp\u0159\u00edstupnil Pavlu Bur\u00e1\u0148ovi trestn\u00ed spis z \u0159\u00edzen\u00ed veden\u00e9ho proti n\u011bmu jinde a v jin\u00e9 v\u011bci, a\u010dkoli na nahl\u00ed\u017een\u00ed nem\u011bl z\u00e1konn\u00fd n\u00e1rok.<\/p>\n<p>Pavel Bur\u00e1\u0148 byl v t\u00e9 dob\u011b nejen z\u00e1mo\u017en\u00fdm, ale i vlivn\u00fdm ob\u010danem. Zam\u011bstn\u00e1val man\u017eelku vedouc\u00edho zl\u00ednsk\u00e9 pobo\u010dky Krajsk\u00e9ho soudu Brno a man\u017eelku zl\u00ednsk\u00e9ho policisty Pavla N\u011bmce. Ve videoz\u00e1znamu, po\u0159\u00edzen\u00e9m \u201efale\u0161n\u00fdm kamar\u00e1dem\u201c, doznal, \u017ee motivoval policisty darov\u00e1n\u00edm bal\u00ed\u010dk\u016f klob\u00e1sek a lahv\u00ed ko\u0159alky a hlavn\u011b p\u0159\u00edslibem dobr\u00e9ho zam\u011bstn\u00e1n\u00ed v p\u0159\u00edpad\u011b jejich odchodu do civilu. A\u017e komick\u00fdm dokladem jeho autority bylo prohled\u00e1n\u00ed policisty toalety \u010derpac\u00ed stanice na z\u00e1klad\u011b v\u00fdzvy Pavla Bur\u00e1n\u011b, kter\u00fd vid\u011bl t\u0159i mu\u017ee vyj\u00edt z restaurace a j\u00edt na toaletu a pojal podez\u0159en\u00ed, \u017ee by tam mohli um\u00edstit bombu. Policist\u00e9 skute\u010dn\u011b toaletu prohledali a o nulov\u00e9m v\u00fdsledku podali Pavlu Bur\u00e1\u0148ovi telefonick\u00e9 hl\u00e1\u0161en\u00ed.<\/p>\n<p>Za\u010dalo m\u011b zaj\u00edmat, jak je zl\u00ednsk\u00e1 policie \u0159\u00edzena, kdy\u017e se v jej\u00ed \u010dinnosti vyskytuj\u00ed zm\u00edn\u011bn\u00e9 podivnosti. Proto\u017ee \u201eryba smrd\u00ed od hlavy\u201c, za\u010dal jsem se zaj\u00edmat o praktiky krajsk\u00e9ho \u0159editele Jarom\u00edra Tkadle\u010dka, kter\u00fd se ujal velen\u00ed pr\u00e1v\u011b na podzim r.2014 po odchodu \u201eslavn\u00e9 dvojice\u201c Bed\u0159icha Koutn\u00e9ho a Jaroslava Va\u0148ka, pod jejich\u017e okny nepozorovan\u011b vykvetla metylov\u00e1 af\u00e9ra.<\/p>\n<p>Narazil jsem na t\u00e9m\u011b\u0159 shodn\u00e9 \u010dl\u00e1nky z let\u00a0<a href=\"https:\/\/www.pressreader.com\/czech-republic\/mf-dnes\/20151214\/282114930519569\">2015<\/a>\u00a0na MF Dnes a\u00a0<a href=\"https:\/\/www.securitymagazin.cz\/security\/tkadlecek-utrzeny-ze-retezu-metody-zlinskeho-policejniho-sefa-resil-premier-i-ombudsmanka-1404058129.html\">2017<\/a>\u00a0na Security Magazinu, je\u017e ho vinily z nadm\u011brn\u00e9ho prosazov\u00e1n\u00ed osobn\u00ed autority (\u0159ekne-li o l\u00e1hvi s vodou, \u017ee to je kofola, bude to kofola). Jako laik je pova\u017euji za malichern\u00e9, i kdy\u017e popsan\u00e9 chov\u00e1n\u00ed pana \u0159editele bylo trapn\u00e9.<\/p>\n<p>Pozd\u011bji jsem dostal p\u0159\u00edle\u017eitost k sezn\u00e1men\u00ed s okolnostmi vypuzen\u00ed ze sboru dvou zku\u0161en\u00fdch policist\u016f, dlouholet\u00fdch vedouc\u00edch \u00fazemn\u00edch odbor\u016f. P\u0159ipou\u0161t\u00edm, \u017ee pan krajsk\u00fd \u0159editel mohl m\u00edt d\u016fvod se pod\u0159\u00edzen\u00fdch zbavit, a jeho d\u016fvody nejsem opr\u00e1vn\u011bn posuzovat, ale stejn\u011b jako p\u0159i hodnocen\u00ed trestn\u00edch proces\u016f se dr\u017e\u00edm z\u00e1sady, \u017ee i nejv\u011bt\u0161\u00ed provinilec m\u00e1 n\u00e1rok na spravedliv\u00fd proces, veden\u00fd za podm\u00ednek \u00fazkostliv\u00e9ho dodr\u017eov\u00e1n\u00ed z\u00e1konnosti. Pou\u017eit\u00ed nez\u00e1konn\u00fdch prost\u0159edk\u016f k jakkoli spr\u00e1vn\u00e9mu c\u00edli pova\u017euji za nep\u0159\u00edpustn\u00e9.<\/p>\n<p>Jako prvn\u00ed se mi do rukou dostala dokumentace o nez\u00e1konn\u00e9m p\u0159elo\u017een\u00ed vedouc\u00edho \u00fazemn\u00edho odboru Uhersk\u00e9 Hradi\u0161t\u011b Bronislava \u0160abr\u0161uly do Prahy. Zm\u00edn\u011bn\u00e9ho policisty jsem si v\u0161iml jako sv\u011bdka na stran\u011b obhajoby v procesu s nez\u00e1konn\u011b svr\u017een\u00fdm policejn\u00edm prezidentem Petrem Lessy. Z jeho vystoupen\u00ed bylo z\u0159ejm\u00e9, \u017ee je v\u016f\u010di tehdej\u0161\u00edmu \u0159editeli a jeho n\u00e1m\u011bstkovi v tvrd\u00e9 opozici.<\/p>\n<p>Byl to zku\u0161en\u00fd policista, kter\u00fd vedl \u00dazemn\u00ed odbor P\u010cR v Uhersk\u00e9m Hradi\u0161ti od 1. b\u0159ezna 1986. Byly-li \u0161patn\u00e9 vz\u00e1jemn\u00e9 vztahy s Bed\u0159ichem Koutn\u00fdm, s Jarom\u00edrem Tkadle\u010dkem si rovn\u011b\u017e nepadli do n\u00e1ru\u010de.<\/p>\n<p>Jarom\u00edr Tkadle\u010dek se rozhodl nepohodln\u00e9ho policisty se zbavit. \u0160el na to \u201eod lesa\u201c. Ji\u017e 23. b\u0159ezna 2015 zah\u00e1jil \u0159\u00edzen\u00ed o jeho odvol\u00e1n\u00ed z funkce a 10. dubna 2015 rozhodl o jeho p\u0159elo\u017een\u00ed do Prahy. Jako z\u00e1minky vyu\u017eil skute\u010dnosti, \u017ee policistovi propadla bezpe\u010dnostn\u00ed prov\u011brka a N\u00e1rodn\u00ed bezpe\u010dnostn\u00ed \u00fa\u0159ad nevy\u0159\u00eddil jeho v\u010das podanou \u017e\u00e1dost o vystaven\u00ed nov\u00e9. NB\u00da prov\u011brku vydal a\u017e po dev\u00edti m\u011bs\u00edc\u00edch od pod\u00e1n\u00ed \u017e\u00e1dosti dne 24. dubna 2015. Policista se dodate\u010dn\u011b dov\u011bd\u011bl od policejn\u00edho prezidenta, \u017ee pr\u016ftahy v \u0159\u00edzen\u00ed o vy\u0159\u00edzen\u00ed \u017e\u00e1dosti o bezpe\u010dnostn\u00ed prov\u011brku byly aspo\u0148 z\u010d\u00e1sti v\u00fdsledkem intervenc\u00ed krajsk\u00e9ho \u0159editelstv\u00ed proti vyhov\u011bn\u00ed \u017e\u00e1dosti. D\u00e1 se \u0159\u00edci, \u017ee Jarom\u00edr Tkadle\u010dek si z\u00e1minku pro p\u0159elo\u017een\u00ed Bronislava \u0160abr\u0161uly vytvo\u0159il, a pak ji zneu\u017eil. Nicm\u00e9n\u011b vyd\u00e1n\u00edm bezpe\u010dnostn\u00ed prov\u011brky za p\u00e1r dn\u00ed po rozhodnut\u00ed o p\u0159elo\u017een\u00ed d\u016fvod k odsunu do Prahy zanikl. \u0158\u00edzen\u00ed m\u011blo b\u00fdt podle z\u00e1kona zastaveno, ale nebylo. Nem\u011blo ale k n\u011bmu ani doj\u00edt, proto\u017ee pot\u0159eba bezpe\u010dnostn\u00ed prov\u011brky je p\u0159edb\u011b\u017en\u00e1 podm\u00ednka a \u0159editel m\u011bl vy\u010dkat na rozhodnut\u00ed NB\u00da.<\/p>\n<p>V d\u016fsledku zlovolnosti krajsk\u00e9ho \u0159editele musel Bronislav \u0160abr\u0161ula t\u0159i roky doj\u00ed\u017ed\u011bt do Prahy. Zat\u00edmco doma bydlel v pohodl\u00ed rodinn\u00e9 vily, v Praze v uboze vybaven\u00e9 policejn\u00ed ubytovn\u011b. P\u0159i\u0161el o ka\u017edodenn\u00ed styk s rodinou, s kterou \u017eil v dobr\u00e9m souladu. Doma chyb\u011bla mu\u017esk\u00e1 ruka, tak\u017ee i jeho \u017een\u011b a dcer\u00e1m jeho doj\u00ed\u017ed\u011bn\u00ed vadilo. P\u0159elo\u017een\u00ed bylo tedy velmi nep\u0159\u00edjemn\u00fdm z\u00e1sahem do \u017eivota nejen jeho, ale cel\u00e9 rodiny.<\/p>\n<p>Posti\u017een\u00fd policista se proti rozhodnut\u00ed krajsk\u00e9ho \u0159editele odvolal k policejn\u00edmu prezidentovi Tom\u00e1\u0161i Tuh\u00e9mu. Ani ten si se z\u00e1konn\u00fdmi procesn\u00edmi lh\u016ftami nel\u00e1mal hlavu a se zpo\u017ed\u011bn\u00edm dvou m\u011bs\u00edc\u016f odvol\u00e1n\u00ed zam\u00edtl. N\u00e1sledovala soudn\u00ed \u017ealoba Bronislava \u0160abr\u0161uly. Krajsk\u00fd soud Brno zru\u0161il dne 21. z\u00e1\u0159\u00ed 2017 prezidentovo rozhodnut\u00ed jako nez\u00e1konn\u00e9 a p\u0159ik\u00e1zal, aby o v\u011bci znova jednal a rozhodl. Mimo jin\u00e9 mu vytkl, \u017ee v odvolac\u00edm \u0159\u00edzen\u00ed nerespektoval z\u00e1nik d\u016fvodu k p\u0159elo\u017een\u00ed. N\u00e1sledovalo zru\u0161en\u00ed rozhodnut\u00ed krajsk\u00e9ho \u0159editele o p\u0159elo\u017een\u00ed, kter\u00e9 nabylo pr\u00e1vn\u00ed moc 18. prosince 2017. Cel\u00e9 \u0159\u00edzen\u00ed tedy trvalo od 23. b\u0159ezna 2015 do 18. prosince 2017, tj. 2 \u00be roku. Bylo tedy nadm\u011brn\u011b dlouh\u00e9, p\u0159i\u010dem\u017e vina na dlouh\u00e9m trv\u00e1n\u00ed nebyla na stran\u011b posti\u017een\u00e9ho. V detailu to je je\u0161t\u011b hor\u0161\u00ed: rozhodnut\u00ed o od\u0161kodn\u011bn\u00ed a omluv\u011b nen\u00ed dosud pravomocn\u00e9, proto\u017ee ministerstva vnitra a financ\u00ed se odvolala a odvolac\u00ed soud bude rozhodovat b\u011bhem leto\u0161n\u00edho \u00fanora.<\/p>\n<p>Nap\u011bt\u00ed mezi krajsk\u00fdm \u0159editelem a Bronislavem \u0160abr\u0161ulou pokra\u010dovalo i po zru\u0161en\u00ed rozhodnut\u00ed o p\u0159elo\u017een\u00ed, tak\u017ee policista posl\u00e9ze od sboru ode\u0161el. Jarom\u00edr Tkadle\u010dek nakonec dos\u00e1hl sv\u00e9ho.<\/p>\n<p>Dal\u0161\u00edm st\u011b\u017eovatelem na pou\u017e\u00edv\u00e1n\u00ed nez\u00e1konn\u00fdch postup\u016f k vypuzen\u00ed policisty z dosahu Jarom\u00edra Tkadle\u010dka je b\u00fdval\u00fd vedouc\u00ed \u00dazemn\u00edho odboru P\u010cR ve Zl\u00edn\u011b V\u00e1clav Karko\u0161ka. Do pot\u00ed\u017e\u00ed se dostal pozd\u011bji, v r. 2017, a rozhodnut\u00ed o jeho p\u0159elo\u017een\u00ed vydal krajsk\u00fd \u0159editel dne 11. dubna 2018. Pou\u017eil obdobn\u00fd postup jako ve v\u00fd\u0161e popsan\u00e9m p\u0159\u00edpad\u011b, tedy zneu\u017eil nevy\u0159\u00edzen\u00e9 \u017e\u00e1dosti o bezpe\u010dnostn\u00ed prov\u011brku, tak\u017ee musel po\u010d\u00edtat s t\u00edm, \u017ee soudy jeho rozhodnut\u00ed zru\u0161\u00ed pro nez\u00e1konnost. T\u00edm je jeho jedn\u00e1n\u00ed v\u00edce zar\u00e1\u017eej\u00edc\u00ed ne\u017e ta\u017een\u00ed proti Bronislavovi \u0160abr\u0161ulovi. S t\u00edm si nel\u00e1mal hlavu: ne\u017e soudy rozhodnou, uplynou roky a \u00fa\u010dinky jeho rozhodnut\u00ed mezit\u00edm dopadnou na posti\u017een\u00e9ho plnou vahou.<\/p>\n<p>\u00dazemn\u00ed odbor P\u010cR ve Zl\u00edn\u011b m\u011bl pod veden\u00edm V\u00e1clava Karko\u0161ky dobr\u00e9 v\u00fdsledky, tak\u017ee v\u011bcn\u00e9 d\u016fvody k jeho odvol\u00e1n\u00ed by se hledaly velmi t\u011b\u017eko. Jarom\u00edr Tkadle\u010dek se nejd\u0159\u00edve sna\u017eil sv\u00e9ho pod\u0159\u00edzen\u00e9ho p\u0159esv\u011bd\u010dit, aby s\u00e1m po\u017e\u00e1dal o p\u0159elo\u017een\u00ed. Nab\u00edzel mu jako kompromisn\u00ed \u0159e\u0161en\u00ed odchod do stejn\u00e9 funkce v Krom\u011b\u0159\u00ed\u017ei nebo v Uhersk\u00e9m Hradi\u0161ti. Kdy\u017e nab\u00eddky nep\u0159ijal, krajsk\u00fd \u0159editel si pomohl podobn\u011b jako v p\u0159\u00edpad\u011b Bronislava \u0160abr\u0161uly: zneu\u017eil pr\u016ftah\u016f NB\u00da p\u0159i projedn\u00e1v\u00e1n\u00ed \u017e\u00e1dosti V\u00e1clava Karko\u0161ky o bezpe\u010dnostn\u00ed prov\u011brku. Odvolal ho z funkce a rozhodov\u00e1n\u00ed o jeho um\u00edst\u011bn\u00ed p\u0159enesl na Policejn\u00ed prezidium. V tomto p\u0159\u00edpad\u011b posti\u017een\u00fd z v\u00e1\u017en\u00fdch rodinn\u00fdch d\u016fvod\u016f mo\u017en\u00e9 p\u0159elo\u017een\u00ed odm\u00edtl a ode\u0161el od sboru.<\/p>\n<p>V jeho v\u011bci v posledn\u00ed instanci rozhodl Nejvy\u0161\u0161\u00ed spr\u00e1vn\u00ed soud pod \u010d.j. 4 As 404\/2020 \u2013 54 dne 29. \u010dervna 2021 tak, \u017ee zru\u0161il kasa\u010dn\u00ed st\u00ed\u017enost policejn\u00edho prezidenta proti rozsudku nal\u00e9zac\u00edho soudu, jen\u017e vyhov\u011bl \u017ealob\u011b posti\u017een\u00e9ho zru\u0161en\u00edm nez\u00e1konn\u00e9ho rozhodnut\u00ed o odvol\u00e1n\u00ed z funkce a mo\u017en\u00e9m n\u00e1sledn\u00e9m p\u0159elo\u017een\u00ed. Soud p\u0159ik\u00e1zal policejn\u00edmu prezidentovi zaplatit \u017ealuj\u00edc\u00edmu n\u00e1klady na \u0159\u00edzen\u00ed o kasa\u010dn\u00ed st\u00ed\u017enosti. Nez\u00e1konn\u00e9 rozhodnut\u00ed Jarom\u00edra Tkadle\u010dka ze dne 11.dubna 2018 o odvol\u00e1n\u00ed V\u00e1clava Karko\u0161ky z funkce vedouc\u00edho \u00dazemn\u00edho odboru P\u010cR ve Zl\u00edn\u011b a o jeho p\u0159elo\u017een\u00ed do pravomoci Policejn\u00edho prezidia, od\u016fvodn\u011bn\u00e9 z\u00e1nikem bezpe\u010dnostn\u00ed prov\u011brky, t\u00edm definitivn\u011b ztratilo platnost. Podle pr\u00e1vn\u00edho n\u00e1zoru soud\u016f krajsk\u00fd \u0159editel pochybil, kdy\u017e nevy\u010dkal v\u00fdsledku v\u010dasn\u011b podan\u00e9 \u017e\u00e1dosti o vyd\u00e1n\u00ed nov\u00e9 bezpe\u010dnostn\u00ed prov\u011brky.<\/p>\n<p>V obou p\u0159\u00edpadech vznikla st\u00e1tu \u0161koda, nebo\u0165 mus\u00ed platit od\u0161kodn\u00e9. Zp\u016fsobil ji nez\u00e1konn\u00fdm jedn\u00e1n\u00edm krajsk\u00fd \u0159editel Jarom\u00edr Tkadle\u010dek, ale i policejn\u00ed prezident. Tom\u00e1\u0161 Tuh\u00fd v r. 2018 sv\u00e9 m\u00edsto opustil a \u201eza trest\u201c se stal diplomatem. Nez\u00e1konn\u00e9 jedn\u00e1n\u00ed s n\u00e1sledn\u00fdm vznikem \u0161kody ve dvou po sob\u011b jdouc\u00edch podobn\u00fdch p\u0159\u00edpadech nem\u011blo pro Jarom\u00edra Tkadle\u010dka \u017e\u00e1dn\u00e9 ve\u0159ejnost\u00ed poznateln\u00e9 d\u016fsledky. Nen\u00ed to nic mimo\u0159\u00e1dn\u00e9ho: st\u00e1t nyn\u00ed vypl\u00e1c\u00ed za od\u0161kodn\u011bn\u00ed, vyvolan\u00e9 selh\u00e1n\u00edm st\u00e1tn\u00edch org\u00e1n\u016f, v\u00edce ne\u017e 200 mil. K\u010d\/rok, ale p\u016fvodci \u0161kod se d\u00e1le nad\u00fdmaj\u00ed p\u00fdchou nad svou neomylnost\u00ed a neomezitelnost\u00ed jejich pravomoc\u00ed. Jejich nepsan\u00e9 pr\u00e1vo beztrestn\u011b \u0161kodit ob\u010dan\u016fm a st\u00e1tu z\u016fst\u00e1v\u00e1 zachov\u00e1no. Plat\u00ed to nejen o slu\u017eebn\u00edch funkcion\u00e1\u0159\u00edch bezpe\u010dnostn\u00edch sbor\u016f, ale tak\u00e9 \u2013 a to \u010dast\u011bji &#8211; o soudc\u00edch a st\u00e1tn\u00edch z\u00e1stupc\u00edch. A\u017e dosud to \u017e\u00e1dn\u00e9 vl\u00e1d\u011b nevadilo.<\/p>\n<p><strong>Zden\u011bk Jemel\u00edk<\/strong><\/p>\n<p><img decoding=\"async\" loading=\"lazy\" class=\"alignnone size-medium wp-image-357\" src=\"http:\/\/www.infokuryr.cz\/n\/wp-content\/uploads\/2021\/04\/Jemelik-u-soudu-300x145.jpeg\" alt=\"\" width=\"300\" height=\"145\" srcset=\"https:\/\/www.infokuryr.cz\/n\/wp-content\/uploads\/2021\/04\/Jemelik-u-soudu-300x145.jpeg 300w, https:\/\/www.infokuryr.cz\/n\/wp-content\/uploads\/2021\/04\/Jemelik-u-soudu.jpeg 320w\" sizes=\"(max-width: 300px) 100vw, 300px\" \/><\/p>\n<p>_____________________________<\/p>\n<p>&nbsp;<\/p>\n<p><img decoding=\"async\" loading=\"lazy\" class=\"wp-image-19187 aligncenter\" src=\"http:\/\/www.infokuryr.cz\/n\/wp-content\/uploads\/2022\/12\/1-PRO-300x36.jpg\" alt=\"\" width=\"1133\" height=\"136\" srcset=\"https:\/\/www.infokuryr.cz\/n\/wp-content\/uploads\/2022\/12\/1-PRO-300x36.jpg 300w, https:\/\/www.infokuryr.cz\/n\/wp-content\/uploads\/2022\/12\/1-PRO.jpg 699w\" sizes=\"(max-width: 1133px) 100vw, 1133px\" \/><\/p>\n<p>&nbsp;<\/p>\n<p>&nbsp;<\/p>\n","protected":false},"excerpt":{"rendered":"<p>P\u0159i monitorov\u00e1n\u00ed trestn\u00edch \u0159\u00edzen\u00ed se obvykle nedost\u00e1v\u00e1m k informac\u00edm z \u00fatrob policie, by\u0165 je prvn\u00edm&#8230;<\/p>\n","protected":false},"author":2,"featured_media":22420,"comment_status":"closed","ping_status":"closed","sticky":false,"template":"","format":"standard","meta":[],"categories":[6],"tags":[1042,296,86,1307],"_links":{"self":[{"href":"https:\/\/www.infokuryr.cz\/n\/wp-json\/wp\/v2\/posts\/22419"}],"collection":[{"href":"https:\/\/www.infokuryr.cz\/n\/wp-json\/wp\/v2\/posts"}],"about":[{"href":"https:\/\/www.infokuryr.cz\/n\/wp-json\/wp\/v2\/types\/post"}],"author":[{"embeddable":true,"href":"https:\/\/www.infokuryr.cz\/n\/wp-json\/wp\/v2\/users\/2"}],"replies":[{"embeddable":true,"href":"https:\/\/www.infokuryr.cz\/n\/wp-json\/wp\/v2\/comments?post=22419"}],"version-history":[{"count":1,"href":"https:\/\/www.infokuryr.cz\/n\/wp-json\/wp\/v2\/posts\/22419\/revisions"}],"predecessor-version":[{"id":22421,"href":"https:\/\/www.infokuryr.cz\/n\/wp-json\/wp\/v2\/posts\/22419\/revisions\/22421"}],"wp:featuredmedia":[{"embeddable":true,"href":"https:\/\/www.infokuryr.cz\/n\/wp-json\/wp\/v2\/media\/22420"}],"wp:attachment":[{"href":"https:\/\/www.infokuryr.cz\/n\/wp-json\/wp\/v2\/media?parent=22419"}],"wp:term":[{"taxonomy":"category","embeddable":true,"href":"https:\/\/www.infokuryr.cz\/n\/wp-json\/wp\/v2\/categories?post=22419"},{"taxonomy":"post_tag","embeddable":true,"href":"https:\/\/www.infokuryr.cz\/n\/wp-json\/wp\/v2\/tags?post=22419"}],"curies":[{"name":"wp","href":"https:\/\/api.w.org\/{rel}","templated":true}]}}