{"id":22417,"date":"2023-02-07T01:09:43","date_gmt":"2023-02-07T00:09:43","guid":{"rendered":"http:\/\/www.infokuryr.cz\/n\/?p=22417"},"modified":"2023-02-06T12:28:39","modified_gmt":"2023-02-06T11:28:39","slug":"general-pavel-opet-slovne-zautocil-na-viktora-orbana-dalsi-z-excesu-kterych-zacina-byt-nekonecno","status":"publish","type":"post","link":"https:\/\/www.infokuryr.cz\/n\/2023\/02\/07\/general-pavel-opet-slovne-zautocil-na-viktora-orbana-dalsi-z-excesu-kterych-zacina-byt-nekonecno\/","title":{"rendered":"Gener\u00e1l Pavel op\u011bt slovn\u011b za\u00fato\u010dil na Viktora Orb\u00e1na! Dal\u0161\u00ed z exces\u016f, kter\u00fdch za\u010d\u00edn\u00e1 b\u00fdt nekone\u010dno!"},"content":{"rendered":"<div id=\"fb-root\"><\/div>\n<div class=\"introtext\">\n<p><strong>Nem\u011bl by gener\u00e1l brzdit a pochopit, \u017ee lid\u00e9 ho zvolili jako prezidenta? To p\u0159ece nen\u00ed norm\u00e1ln\u00ed, co d\u011bl\u00e1! On si snad mysl\u00ed, \u017ee je st\u00e1le v arm\u00e1d\u011b a m\u016f\u017ee napadat ka\u017ed\u00e9ho, kdo m\u00e1 jin\u00fd n\u00e1zor, nebo dokonce prezidenty ciz\u00ed zem\u011b?<\/strong><\/p>\n<\/div>\n<div class=\"fulltext\">\n<table>\n<tbody>\n<tr>\n<td>P\u0159ed p\u00e1r m\u011bs\u00edci prob\u011bhla \u00fadajn\u00e1 f\u00e1ma, \u017ee NATO p\u0159ipravuje za pomoci ma\u010farsk\u00fdch d\u016fstojn\u00edk\u016f propojen\u00fdch s NATO p\u0159evrat \u0159\u00edzen\u00fd z centr\u00e1ly, m\u00e1 odstavit Viktora Orb\u00e1na z funkce a zinscenovan\u00fdm procesem ho poslat do v\u011bzen\u00ed, proto\u017ee je v Ma\u010farsku p\u0159\u00edli\u0161 popul\u00e1rn\u00ed a lid\u00e9 za n\u00edm jdou. Nyn\u00ed v\u0161ak vyl\u00e9zaj\u00ed na povrch dal\u0161\u00ed podrobnosti, do kter\u00fd se zapojuje \u010desk\u00fd gener\u00e1l z NATO Pavel a \u00fadajn\u00e1 f\u00e1ma najednou p\u0159est\u00e1v\u00e1 b\u00fdt &#8222;dezinformac\u00ed a f\u00e1mou&#8220;. Ostatn\u011b jako v\u017edy.<\/td>\n<\/tr>\n<\/tbody>\n<\/table>\n<p><a href=\"https:\/\/mandiner-hu.translate.goog\/cikk\/20230202_financial_times_orban_viktor_petr_pavel_v4_kina?_x_tr_sl=hu&amp;_x_tr_tl=cs&amp;_x_tr_hl=cs&amp;_x_tr_pto=sc\">Financial Times: Nov\u00fd \u010desk\u00fd prezident se &#8222;boj\u00ed&#8220; o Viktora Orb\u00e1na<\/a><\/p>\n<p><em>(Tak\u00e9 jste si polo\u017eili ot\u00e1zku, co zase tento gener\u00e1l vym\u00fd\u0161l\u00ed a pro\u010d m\u00e1 m\u00edt Orb\u00e1n strach?)<\/em><\/p>\n<p>Nov\u00fd \u010desk\u00fd prezident, kter\u00fd se \u00fa\u0159adu m\u00e1 ujmout v b\u0159eznu,\u00a0 \u0159ekl, \u017ee vid\u00ed p\u0159\u00edle\u017eitost k rozvoji sv\u00e9 zem\u011b a aliance Visegr\u00e1dsk\u00e9 spolupr\u00e1ce mezi Slovenskem, Polskem a Ma\u010farskem,\u00a0<strong>i kdy\u017e se ob\u00e1v\u00e1 o moc Viktora Orb\u00e1na nad Budape\u0161t\u00ed.<\/strong>\u00a0Poznamenal, \u017ee\u00a0<strong>Orb\u00e1n ned\u00e1vno nahradil vojensk\u00e9 d\u016fstojn\u00edky, o kter\u00fdch se tvrdilo, \u017ee jsou v\u00edce spjati s NATO<\/strong>\u00a0ne\u017e s vlastn\u00edmi prorusk\u00fdmi n\u00e1zory ma\u010farsk\u00e9ho v\u016fdce.\u00a0<em>\u201eTo, co jsem v posledn\u00edch letech vid\u011bl v Ma\u010farsku,\u00a0<\/em><em>byla postupn\u00e1 koncentrace moci kolem Viktora Orb\u00e1na,a z\u00e1rove\u0148 snaha omezovat v\u0161echny, kte\u0159\u00ed m\u011bli odli\u0161n\u00e9 n\u00e1zory,\u201c<\/em>\u00a0uvedl Pavel. &#8222;Odstran\u011bn\u00ed d\u016fstojn\u00edk\u016f\u00a0 pokra\u010duje&#8220;, dodal.<\/p>\n<p><em>(Neboli voln\u011b p\u0159elo\u017eeno, ti, kte\u0159\u00ed stoj\u00ed za Orb\u00e1nem a Ma\u010farskem a nikoliv za v\u016fdci z Bruselu a NATO jsou dezol\u00e1ti a frustr\u00e1ti, pane gener\u00e1le?)<\/em><\/p>\n<p><a class=\"c-human_details_infos_name\" href=\"https:\/\/index-hu.translate.goog\/szerzo\/gaspar_gergely?_x_tr_sl=hu&amp;_x_tr_tl=cs&amp;_x_tr_hl=cs&amp;_x_tr_pto=sc\" rel=\"author\">Gerg\u0151 G\u00e1sp\u00e1r<\/a><\/p>\n<div class=\"c-lead\"><b class=\"c-lead_text o-text o-text-size-base\">NATO m\u016f\u017ee zah\u00e1jit vy\u0161et\u0159ov\u00e1n\u00ed proti Viktoru Orb\u00e1novi a ma\u010farsk\u00e9 vl\u00e1d\u011b kv\u016fli postupn\u00e9mu propou\u0161t\u011bn\u00ed d\u016fstojn\u00edk\u016f star\u0161\u00edch 45 let v ma\u010farsk\u00fdch obrann\u00fdch sil\u00e1ch. \u00dadajn\u011b nen\u00ed \u017e\u00e1dn\u00fd politick\u00fd d\u016fvod pos\u00edlat posti\u017een\u00e9 lidi do d\u016fchodu v takov\u00e9m mno\u017estv\u00ed.<\/b><\/div>\n<div>\n<p>Vl\u00e1dn\u00ed na\u0159\u00edzen\u00ed vyvolalo\u00a0<strong>nelibost mezi v\u016fdci n\u011bkolika \u010dlensk\u00fdch zem\u00ed NATO<\/strong>, proto\u017ee dlouh\u00e1 \u0159ada odchod\u016f do d\u016fchodu a v\u00fdjimek se t\u00fdk\u00e1 generace, kter\u00e1 nejv\u011bt\u0161\u00ed \u010d\u00e1st sv\u00e9 kari\u00e9ry str\u00e1vila pod z\u00e1\u0161titou vojensk\u00e9 organizace. \u010cl\u00e1nek\u00a0<a id=\"hyperlink_bd1f5f84af6b61b11982692e29bb0366\" href=\"https:\/\/translate.google.com\/website?sl=hu&amp;tl=cs&amp;hl=cs&amp;prev=search&amp;u=https:\/\/www.ft.com\/content\/95cd008e-f5e6-4f36-a440-88113cb49db3\" target=\"_blank\" rel=\"nofollow noopener\">Financial Times<\/a>\u00a0zmi\u0148uje, \u017ee p\u0159\u00edslu\u0161n\u00edky t\u00e9to generace je i plukovn\u00edk Istv\u00e1n Juh\u00e1sz, kter\u00fd slou\u017eil v Ir\u00e1ku a Afgh\u00e1nist\u00e1nu a pot\u00e9\u00a0<strong>p\u016fsobil ve Spojen\u00fdch st\u00e1tech v Centru rozvoje sil NATO.<\/strong>\u00a0On a stovky jeho koleg\u016f budou kv\u016fli vyhl\u00e1\u0161ce propu\u0161t\u011bni z arm\u00e1dy. Ofici\u00e1ln\u011b se k rozhodnut\u00ed nikdo z\u00fa\u010dastn\u011bn\u00fd nevyjad\u0159uje, ale\u00a0 podle zasv\u011bcen\u00fdch vyvolala rychlost a bezohlednost procesu zd\u011b\u0161en\u00ed n\u00e1rodn\u00ed obrany.<\/p>\n<p>N\u011bkte\u0159\u00ed ze z\u00fa\u010dastn\u011bn\u00fdch nech\u00e1pou, co ospravedl\u0148uje nedostatek empatie.\u00a0<strong>V\u011bt\u0161ina z\u00e1rove\u0148 p\u0159ipou\u0161t\u00ed, \u017ee ve \u0161t\u00e1bu je p\u0159\u00edli\u0161 mnoho d\u016fstojn\u00edk\u016f<\/strong>, tak\u017ee n\u011bjak\u00e9 reformy jsou skute\u010dn\u011b pot\u0159eba. Podle \u00fadaj\u016f zve\u0159ejn\u011bn\u00fdch National Public Service University v roce 2017 nos\u00ed 23 procent z 24 000 voj\u00e1k\u016f odznak vy\u0161\u0161\u00ed hodnosti. Pro srovn\u00e1n\u00ed, d\u016fstojn\u00edci tvo\u0159\u00ed asi\u00a0<strong>18 procent<\/strong>\u00a0americk\u00fdch ozbrojen\u00fdch sil, podle statistik Kongresov\u00e9 v\u00fdzkumn\u00e9 slu\u017eby.<\/p>\n<p>Podle autor\u016f \u010dl\u00e1nku n\u011bkte\u0159\u00ed ma\u010far\u0161t\u00ed opozi\u010dn\u00ed politici pova\u017euj\u00ed tento krok za politicky motivovan\u00fd a tvrd\u00ed, \u017ee ma\u010farsk\u00e1 vl\u00e1da se sna\u017e\u00ed z\u00edskat do ma\u010farsk\u00fdch obrann\u00fdch sil loaj\u00e1ln\u00ed lidi, kte\u0159\u00ed \u201esd\u00edlej\u00ed jej\u00ed prorusk\u00e9 n\u00e1zory\u201c.<\/p>\n<p>B\u00fdval\u00e1 st\u00e1tn\u00ed tajemnice ministerstva n\u00e1rodn\u00ed obrany \u00c1gnes Vadaiov\u00e1 v\u011b\u0159\u00ed, \u017ee vl\u00e1dn\u00ed na\u0159\u00edzen\u00ed ot\u0159ese bojovou mor\u00e1lkou n\u00e1rodn\u00ed obrany, proto\u017ee\u00a0<strong>\u0159ada d\u016fstojn\u00edk\u016f z\u00edskala sv\u00e9 kvalitn\u00ed odborn\u00e9 znalosti v NATO.<\/strong>\u00a0D\u00e1le podle n\u011bj kontakty zainteresovan\u00fdch v televizi\u00a0<strong>\u010dasto &#8222;pom\u00e1haly rozpt\u00fdlit \u0161patn\u00e9 pocity zp\u016fsoben\u00e9 Orb\u00e1novou politikou ve vojensk\u00e9 organizaci a v EU<\/strong>&#8222;.<\/p>\n<p>P\u0159edseda v\u00fdboru pro v\u011bdu a techniku\u00a0<a id=\"hyperlink_33a0f86ee4c37ed4f7caa951d8bd3bbc\" title=\"\u00c1gnes Vadai z\u00edskala historick\u00e9 jmenov\u00e1n\u00ed v NATO\" href=\"https:\/\/translate.google.com\/website?sl=hu&amp;tl=cs&amp;hl=cs&amp;prev=search&amp;u=https:\/\/index.hu\/belfold\/2022\/11\/20\/demokratikus-koalicio-arnyekkormany-vadai-agnes-honvedelmi-arnyekminiszter-nato-kinevezes\/\" target=\"_blank\" rel=\"noopener\">\u200b\u200bParlamentn\u00edho shrom\u00e1\u017ed\u011bn\u00ed NATO<\/a>\u00a019. ledna v po\u0159adu Straight Talk\u00a0<a id=\"hyperlink_fc2984d9423bd50d3017f6ebcc53e3b0\" href=\"https:\/\/translate.google.com\/website?sl=hu&amp;tl=cs&amp;hl=cs&amp;prev=search&amp;u=https:\/\/www.atv.hu\/videok\/20230119\/mi-lesz-a-45-ev-feletti-katonakkal\" target=\"_blank\" rel=\"nofollow noopener\">ATV<\/a>\u00a0\u0159ekl , \u017ee podle jeho informac\u00ed muselo odej\u00edt 170 gener\u00e1l\u016f a d\u016fstojn\u00edk\u016f, a pak dodal: \u201ezat\u00edm nev\u00edme kde to skon\u010d\u00ed, ale ministerstvo obrany jsem z jeho okol\u00ed sly\u0161el tis\u00edce \u0159\u00e1d\u016f\u201c.<\/p>\n<p>\u00c1gnes Vadai tak\u00e9 uvedla, \u017ee c\u00edlem opat\u0159en\u00ed m\u016f\u017ee b\u00fdt zajistit, aby politick\u00e1 loajalita byla v\u016fd\u010d\u00edm principem v ma\u010farsk\u00fdch ozbrojen\u00fdch sil\u00e1ch, kde podle n\u00ed \u201ev sou\u010dasnosti prob\u00edh\u00e1 osvobozov\u00e1n\u00ed od NATO\u201c.<\/p>\n<p><strong><span class=\"x193iq5w xeuugli x13faqbe x1vvkbs x1xmvt09 x1lliihq x1s928wv xhkezso x1gmr53x x1cpjm7i x1fgarty x1943h6x xudqn12 x3x7a5m x6prxxf xvq8zen xo1l8bm xzsf02u x1yc453h\" dir=\"auto\">\u00a0V\u011bt\u0161inov\u011b Ma\u010fa\u0159i j\u00e1saj\u00ed, \u010ce\u0161i zu\u0159\u00ed a vnitro Raku\u0161ana \u010cech\u016fm vyhro\u017euje.\u00a0\u00a0<\/span><\/strong><strong><span class=\"x193iq5w xeuugli x13faqbe x1vvkbs x1xmvt09 x1lliihq x1s928wv xhkezso x1gmr53x x1cpjm7i x1fgarty x1943h6x xudqn12 x3x7a5m x6prxxf xvq8zen xo1l8bm xzsf02u x1yc453h\" dir=\"auto\">Ale co jste si zvolili, to m\u00e1te. Bohu\u017eel za &#8222;inteligentn\u00ed voli\u010de&#8220; budeme trp\u011bt v\u0161ichni.<\/span><\/strong><\/p>\n<p><span style=\"font-size: 18pt;\"><strong>\u00a0P.S.<\/strong><\/span> Dodate\u010dn\u011b po ot\u00e1zk\u00e1ch: pan gener\u00e1l nen\u00ed prezident, bude j\u00edm a\u017e po inauguraci. Zat\u00edm je to pouze b\u00fdval\u00fd gener\u00e1l NATO &#8211; starod\u016fchodce od 56 let v\u011bku.<\/p>\n<p><a href=\"https:\/\/www.skrytapravda.cz\/z-domova\/1061-general-pavel-opet-slovne-zautocil-na-viktora-orbana-dalsi-z-excesu-kterych-zacina-byt-nekonecno\">Petr Pokorn\u00fd<\/a><\/p>\n<\/div>\n<\/div>\n<p>&nbsp;<\/p>\n<p><img decoding=\"async\" loading=\"lazy\" class=\"wp-image-19187 aligncenter\" src=\"http:\/\/www.infokuryr.cz\/n\/wp-content\/uploads\/2022\/12\/1-PRO-300x36.jpg\" alt=\"\" width=\"1142\" height=\"137\" srcset=\"https:\/\/www.infokuryr.cz\/n\/wp-content\/uploads\/2022\/12\/1-PRO-300x36.jpg 300w, https:\/\/www.infokuryr.cz\/n\/wp-content\/uploads\/2022\/12\/1-PRO.jpg 699w\" sizes=\"(max-width: 1142px) 100vw, 1142px\" \/><\/p>\n<p>&nbsp;<\/p>\n","protected":false},"excerpt":{"rendered":"<p>Nem\u011bl by gener\u00e1l brzdit a pochopit, \u017ee lid\u00e9 ho zvolili jako prezidenta? To p\u0159ece nen\u00ed&#8230;<\/p>\n","protected":false},"author":2,"featured_media":22418,"comment_status":"closed","ping_status":"closed","sticky":false,"template":"","format":"standard","meta":[],"categories":[6],"tags":[439,1173,122,4388,723],"_links":{"self":[{"href":"https:\/\/www.infokuryr.cz\/n\/wp-json\/wp\/v2\/posts\/22417"}],"collection":[{"href":"https:\/\/www.infokuryr.cz\/n\/wp-json\/wp\/v2\/posts"}],"about":[{"href":"https:\/\/www.infokuryr.cz\/n\/wp-json\/wp\/v2\/types\/post"}],"author":[{"embeddable":true,"href":"https:\/\/www.infokuryr.cz\/n\/wp-json\/wp\/v2\/users\/2"}],"replies":[{"embeddable":true,"href":"https:\/\/www.infokuryr.cz\/n\/wp-json\/wp\/v2\/comments?post=22417"}],"version-history":[{"count":0,"href":"https:\/\/www.infokuryr.cz\/n\/wp-json\/wp\/v2\/posts\/22417\/revisions"}],"wp:featuredmedia":[{"embeddable":true,"href":"https:\/\/www.infokuryr.cz\/n\/wp-json\/wp\/v2\/media\/22418"}],"wp:attachment":[{"href":"https:\/\/www.infokuryr.cz\/n\/wp-json\/wp\/v2\/media?parent=22417"}],"wp:term":[{"taxonomy":"category","embeddable":true,"href":"https:\/\/www.infokuryr.cz\/n\/wp-json\/wp\/v2\/categories?post=22417"},{"taxonomy":"post_tag","embeddable":true,"href":"https:\/\/www.infokuryr.cz\/n\/wp-json\/wp\/v2\/tags?post=22417"}],"curies":[{"name":"wp","href":"https:\/\/api.w.org\/{rel}","templated":true}]}}