{"id":2241,"date":"2021-06-04T02:55:54","date_gmt":"2021-06-04T00:55:54","guid":{"rendered":"http:\/\/www.infokuryr.cz\/n\/?p=2241"},"modified":"2021-06-04T02:55:54","modified_gmt":"2021-06-04T00:55:54","slug":"poslanecke-snemovne-se-nepodarilo-vyslovit-neduveru-babisove-vlade","status":"publish","type":"post","link":"https:\/\/www.infokuryr.cz\/n\/2021\/06\/04\/poslanecke-snemovne-se-nepodarilo-vyslovit-neduveru-babisove-vlade\/","title":{"rendered":"Poslaneck\u00e9 sn\u011bmovn\u011b se nepoda\u0159ilo vyslovit ned\u016fv\u011bru Babi\u0161ov\u011b vl\u00e1d\u011b"},"content":{"rendered":"<div id=\"fb-root\"><\/div>\n<p><strong>Po mnohahodinov\u00e9m jedn\u00e1n\u00ed se dnes nepoda\u0159ilo vyslovit ned\u016fv\u011bru vl\u00e1d\u011b premi\u00e9ra Andreje Babi\u0161e. Rozhoduj\u00edc\u00edmi byly hlasy komunist\u016f, kte\u0159\u00ed jedn\u00e1n\u00ed Poslaneck\u00e9 sn\u011bmovny opustili a ne\u00fa\u010dastnili se hlasov\u00e1n\u00ed.<\/strong><\/p>\n<p>Jedn\u00e1n\u00ed o vysloven\u00ed ned\u016fv\u011bry vl\u00e1d\u011b vyvolaly koalice Spolu (ODS, TOP 09, a k\u0159es\u0165ansk\u00fdch demokrat\u016f) a Pir\u00e1t\u016f se STAN.<\/p>\n<p><strong>Jedn\u00e1n\u00ed o ned\u016fv\u011b\u0159e<\/strong><\/p>\n<p>V Poslaneck\u00e9 sn\u011bmovn\u011b se dnes\u00a0jednalo\u00a0o vysloven\u00ed ned\u016fv\u011bry vl\u00e1d\u011b ze strany opozice. P\u0159ed samotn\u00fdm jedn\u00e1n\u00edm Poslaneck\u00e9 sn\u011bmovny se m\u011bla konat tiskov\u00e1 konference klubu KS\u010cM, na kter\u00e9 se o\u010dek\u00e1valo, \u017ee bude d\u00e1no fin\u00e1ln\u00ed stanovisko, jak se k hlasov\u00e1n\u00ed o ned\u016fv\u011b\u0159e postav\u00ed. Tu v\u0161ak zru\u0161ili a pozd\u011bji rozhodnut\u00ed komunist\u016f zve\u0159ejnil poslanec Ji\u0159\u00ed Dolej\u0161, kter\u00fd sd\u011blil, \u017ee se strana rozhodla pro jednotn\u00fd odchod ze s\u00e1lu a ne pro aktivn\u00ed vysloven\u00ed ned\u016fv\u011bry vl\u00e1d\u011b.<\/p>\n<p>\u201eMo\u017en\u00e1 pro n\u011bkoho ne zrovna logick\u00fd krok, ale nejednota by pro voli\u010de mohl b\u00fdt v\u011bt\u0161\u00ed probl\u00e9m. Fakt je, \u017ee nestoj\u00ed za to se kv\u016fli vl\u00e1d\u011b, kter\u00e1 kon\u010d\u00ed, je\u0161t\u011b h\u00e1dat uvnit\u0159 strany,\u201c uvedl na Twitteru.<\/p>\n<p>Bez pomoci komunist\u016f nez\u00edsk\u00e1 opozice pro vysloven\u00ed ned\u016fv\u011bry vl\u00e1d\u011b dostatek hlas\u016f. Nutno podotknout, \u017ee ji\u017e ve st\u0159edu ve\u010der \u010dlenov\u00e9 v\u00fdkonn\u00e9ho v\u00fdboru \u00daV KS\u010cM\u00a0doporu\u010dili\u00a0komunistick\u00fdm poslanc\u016fm, aby p\u0159i dne\u0161n\u00edm hlasov\u00e1n\u00ed o ned\u016fv\u011b\u0159e vl\u00e1d\u011b v Poslaneck\u00e9 sn\u011bmovn\u011b opustili jednac\u00ed s\u00e1l.<\/p>\n<p>V s\u00e1le\u00a0hovo\u0159il\u00a0premi\u00e9r Andrej Babi\u0161. \u201eChcete svrhnout vl\u00e1du, kter\u00e1 kone\u010dn\u011b prosadila d\u016fstojn\u00e9 d\u016fchody. Valorizovali jsme d\u016fchody o tis\u00edcovku ka\u017ed\u00fd rok, vy o tis\u00edcovku za \u010dty\u0159i roky. Chcete svrhnout vl\u00e1du, kter\u00e1 zvedla platy,\u201c uvedl Babi\u0161 ve Sn\u011bmovn\u011b.<\/p>\n<p>Vyj\u00e1d\u0159il se i ke st\u0159etu z\u00e1jm\u016f a \u201elex Babi\u0161\u201c s t\u00edm, \u017ee je to podle n\u011bj absurdn\u00ed z\u00e1le\u017eitost. \u201e\u017d\u00e1dn\u00fd st\u0159et z\u00e1jm\u016f nem\u00e1m. Evropsk\u00e1 komise nem\u016f\u017ee vykl\u00e1dat \u010desk\u00e9 z\u00e1kony,\u201c dodal. Podle jeho slov nebude \u010ceskou republiku \u0159\u00eddit Evropsk\u00fd parlament a uvedl, \u017ee nechce v \u010cR ani \u017e\u00e1dn\u00fd multikulturn\u00ed fanatick\u00fd Pir\u00e1tost\u00e1t. O Pir\u00e1tech se zm\u00ednil i na soci\u00e1ln\u00ed s\u00edti.<\/p>\n<p>\u201e\u0158\u00edk\u00e1m nahlas, v\u00e1\u017een\u00ed spoluob\u010dan\u00e9, my v \u010cesku nechceme \u017e\u00e1dn\u00fd multikulturn\u00ed ekofanatick\u00fd Pir\u00e1tost\u00e1t. Nechceme. Nechceme sd\u00edlet na\u0161e auta, na\u0161e byty, na\u0161i zemi. Nechceme, aby na\u0161i zemi \u0159\u00eddil Evropsk\u00fd parlament, zelen\u00ed fanatici, se kter\u00fdmi by se Pir\u00e1ti spojili. Jsem svrchovan\u00fd premi\u00e9r, nepodl\u00e9h\u00e1m nikomu, jenom ob\u010dan\u016fm, kte\u0159\u00ed mi dali d\u016fv\u011bru. A nikdo ze zahrani\u010d\u00ed n\u00e1m do toho tady kecat nebude,\u201c uvedl Andrej Babi\u0161.<\/p>\n<p><a href=\"https:\/\/cz.sputniknews.com\/20210603\/poslanecke-snemovne-se-nepodarilo-vyslovit-neduveru-babisove-vlade-14724568.html\">ZDROJ<\/a><\/p>\n<p>&nbsp;<\/p>\n","protected":false},"excerpt":{"rendered":"<p>Po mnohahodinov\u00e9m jedn\u00e1n\u00ed se dnes nepoda\u0159ilo vyslovit ned\u016fv\u011bru vl\u00e1d\u011b premi\u00e9ra Andreje Babi\u0161e. Rozhoduj\u00edc\u00edmi byly hlasy&#8230;<\/p>\n","protected":false},"author":2,"featured_media":1097,"comment_status":"closed","ping_status":"closed","sticky":false,"template":"","format":"standard","meta":[],"categories":[6],"tags":[126,540,269,268],"_links":{"self":[{"href":"https:\/\/www.infokuryr.cz\/n\/wp-json\/wp\/v2\/posts\/2241"}],"collection":[{"href":"https:\/\/www.infokuryr.cz\/n\/wp-json\/wp\/v2\/posts"}],"about":[{"href":"https:\/\/www.infokuryr.cz\/n\/wp-json\/wp\/v2\/types\/post"}],"author":[{"embeddable":true,"href":"https:\/\/www.infokuryr.cz\/n\/wp-json\/wp\/v2\/users\/2"}],"replies":[{"embeddable":true,"href":"https:\/\/www.infokuryr.cz\/n\/wp-json\/wp\/v2\/comments?post=2241"}],"version-history":[{"count":0,"href":"https:\/\/www.infokuryr.cz\/n\/wp-json\/wp\/v2\/posts\/2241\/revisions"}],"wp:featuredmedia":[{"embeddable":true,"href":"https:\/\/www.infokuryr.cz\/n\/wp-json\/wp\/v2\/media\/1097"}],"wp:attachment":[{"href":"https:\/\/www.infokuryr.cz\/n\/wp-json\/wp\/v2\/media?parent=2241"}],"wp:term":[{"taxonomy":"category","embeddable":true,"href":"https:\/\/www.infokuryr.cz\/n\/wp-json\/wp\/v2\/categories?post=2241"},{"taxonomy":"post_tag","embeddable":true,"href":"https:\/\/www.infokuryr.cz\/n\/wp-json\/wp\/v2\/tags?post=2241"}],"curies":[{"name":"wp","href":"https:\/\/api.w.org\/{rel}","templated":true}]}}