{"id":22403,"date":"2023-02-07T01:03:17","date_gmt":"2023-02-07T00:03:17","guid":{"rendered":"http:\/\/www.infokuryr.cz\/n\/?p=22403"},"modified":"2023-02-06T11:26:11","modified_gmt":"2023-02-06T10:26:11","slug":"patrani-a-nalety-show-pro-evropskou-komisi-v-kyjeve","status":"publish","type":"post","link":"https:\/\/www.infokuryr.cz\/n\/2023\/02\/07\/patrani-a-nalety-show-pro-evropskou-komisi-v-kyjeve\/","title":{"rendered":"P\u00e1tr\u00e1n\u00ed a n\u00e1lety: Show pro Evropskou komisi v Kyjev\u011b"},"content":{"rendered":"<div id=\"fb-root\"><\/div>\n<div><span style=\"font-size: 18pt;\"><strong>Evropsk\u00e1 komise nav\u0161t\u00edvila Kyjev a ukrajinsk\u00e1 vl\u00e1da p\u0159edvedla dobrou show: p\u00e1tr\u00e1n\u00ed po korupci a leteck\u00fd poplach pro televizn\u00ed kamery.<\/strong><\/span><\/div>\n<div class=\"article__content\">\n<p><span>Rusk\u00e1 televize ve sv\u00e9m t\u00fddenn\u00edm p\u0159ehledu zpr\u00e1v uk\u00e1zala \u010d\u00e1st o ukrajinsk\u00e9m politick\u00e9m t\u00fddnu, kter\u00e1 m\u016f\u017ee vysv\u011btlit n\u00e1hl\u00e9 razie na Ukrajin\u011b, o kter\u00fdch jsem d\u0159\u00edve\u00a0<\/span><a href=\"https:\/\/www.anti-spiegel.ru\/2023\/korruption-und-andere-vorwuerfe-politische-saeuberungen-in-der-ukraine\/\" target=\"_blank\" rel=\"noreferrer noopener\"><span>informoval<\/span><\/a><span>\u00a0.\u00a0<\/span><a href=\"https:\/\/vesti7.ru\/video\/2558850\/episode\/05-02-2023\/\" target=\"_blank\" rel=\"noreferrer noopener\"><span>Rusk\u00fd p\u0159\u00edsp\u011bvek<\/span><\/a><span>\u00a0jsem p\u0159elo\u017eil\u00a0a upozor\u0148uji, \u017ee v\u0161e, co je v p\u0159\u00edsp\u011bvku uvedeno, je podpo\u0159eno obr\u00e1zky z ukrajinsk\u00e9 televize, proto doporu\u010duji shl\u00e9dnout i rusk\u00fd p\u0159\u00edsp\u011bvek, kter\u00fd je spolu s m\u00fdm p\u0159ekladem srozumiteln\u00fd i bez znalosti ru\u0161tiny .<\/span><\/p>\n<p><em><strong>Za\u010d\u00e1tek p\u0159ekladu:<\/strong><\/em><\/p>\n<h3><span style=\"font-size: 18pt;\">S ukrajinskou elitou se nezach\u00e1z\u00ed v d\u011btsk\u00fdch rukavi\u010dk\u00e1ch<\/span><\/h3>\n<p><span>Na summit Ukrajina-EU nab\u00eddli pohostinn\u00ed hostitel\u00e9 v Kyjev\u011b sv\u00e9 v\u00e1\u017een\u00e9 hostce Ursule von der Leyen jako tradi\u010dn\u00ed z\u00e1bavu \u201eleteck\u00fd poplach\u201c, i kdy\u017e k n\u00e1letu samoz\u0159ejm\u011b nedo\u0161lo, a n\u00e1v\u0161t\u011bvu protileteck\u00e9ho krytu.\u00a0Z\u00e1plava prohl\u00eddek a zat\u00fdk\u00e1n\u00ed ukrajinsk\u00fdch \u00fa\u0159edn\u00edk\u016f a podnikatel\u016f byla tak\u00e9 na\u010dasov\u00e1na tak, aby se shodovala s kyjevsk\u00fdm summitem.\u00a0Cht\u011bli demonstrovat boj proti korupci, ale ve skute\u010dnosti uk\u00e1zali cel\u00fd rozsah drancov\u00e1n\u00ed Ukrajiny v cel\u00e9 jej\u00ed primitivn\u00ed sl\u00e1v\u011b.\u00a0P\u0159epadli i b\u00fdval\u00e9ho sponzora Selensk\u00e9ho, oligarchu Kolomojsk\u00e9ho.\u00a0Je jasn\u00e9, \u017ee ve skute\u010dn\u00fd boj proti korupci na Ukrajin\u011b nikdo nev\u011b\u0159\u00ed.\u00a0Sp\u00ed\u0161 jde asi o dal\u0161\u00ed p\u0159erozd\u011blov\u00e1n\u00ed majetku nebo vyrovn\u00e1n\u00ed.<\/span><\/p>\n<p><span>Zpr\u00e1va o politick\u00e9m t\u00fddnu v Kyjev\u011b.<\/span><\/p>\n<p><span>Panstv\u00ed Igora Kolomojsk\u00e9ho, kdysi jednoho z nejbohat\u0161\u00edch lid\u00ed v zemi, se nach\u00e1z\u00ed na b\u0159ehu \u0159eky v obci Nikolskoje-na-Dnepr, kde b\u00fdvaly da\u010de komunistick\u00e9 strany a pion\u00fdrsk\u00fd t\u00e1bor.\u00a0D\u016fstojn\u00edci SBU p\u0159i\u0161li hledat.\u00a0V suter\u00e9nu na\u0161li obchodn\u00ed knihy podzemn\u00ed ekonomiky \u201eUkrnafta\u201c a \u201eUkrtatnafta\u201c, \u00fahledn\u011b uspo\u0159\u00e1dan\u00e9 podle roku, a zn\u00e1mky n\u011bkolika des\u00edtek fiktivn\u00edch spole\u010dnost\u00ed.\u00a0Majitel domu vypad\u00e1 na obr\u00e1zc\u00edch v dom\u00e1c\u00edm oble\u010den\u00ed &#8211; tepl\u00e1kov\u00e9 souprav\u011b a pantofl\u00edch klidn\u011b.\u00a0Dokonce i agenti si slu\u0161n\u011b sundali boty.<\/span><\/p>\n<p><span>V minulosti byl \u010dasto k vid\u011bn\u00ed v jin\u00e9 spole\u010dnosti, nap\u0159\u00edklad na fotografii z prezidentsk\u00e9 kancel\u00e1\u0159e se Zelensk\u00fdm, kter\u00e9 se b\u011b\u017en\u011b \u0159\u00edkalo \u201eprojekt oligarchy Kolomojsk\u00e9ho\u201c.<\/span><\/p>\n<p><span>Ostatn\u00ed nejsou o\u0161et\u0159ov\u00e1ni d\u011btsk\u00fdmi rukavicemi.\u00a0Ozbrojen\u00ed mu\u017ei vtrhli do dom\u016f a kancel\u00e1\u0159\u00ed a takov\u00fdch prohl\u00eddek byly po cel\u00e9 zemi des\u00edtky.\u00a0Nejzn\u00e1m\u011bj\u0161\u00ed byla \u0161\u00e9fka kyjevsk\u00e9 da\u0148ov\u00e9 slu\u017eby, kter\u00e1 vedle sv\u00e9 sb\u00edrky drah\u00fdch hodinek nosila novoro\u010dn\u00ed seznam p\u0159\u00e1n\u00ed obsahuj\u00edc\u00ed milion dolar\u016f, v\u00fdlet na Maledivy a sobol\u00ed ko\u017eich.<\/span><\/p>\n<p><span>\u201eM\u016fj sign\u00e1l v\u0161em \u00fa\u0159edn\u00edk\u016fm na v\u0161ech \u00farovn\u00edch: a\u0165 u\u017e budou kdekoli, nebude n\u00e1vrat do star\u00fdch \u010das\u016f.\u00a0Ukrajina jde evropskou cestou a neodch\u00fdl\u00ed se z n\u00ed,\u201c \u0159ekl ukrajinsk\u00fd gener\u00e1ln\u00ed prokur\u00e1tor Andrej Kostin.<\/span><\/p>\n<p><span>P\u0159i\u0161li i k b\u00fdval\u00e9mu ministrovi vnitra.\u00a0Je obvin\u011bn z n\u00e1kupu nekvalitn\u00edch vrtuln\u00edk\u016f, z nich\u017e jeden se pozd\u011bji z\u0159\u00edtil spolu s Denisem Monastyrsk\u00fdm, jeho n\u00e1stupcem ve funkci ministra vnitra.\u00a0Podle vy\u0161et\u0159ovatel\u016f byly stroje p\u016fvodn\u011b se\u0161rotov\u00e1ny \u2013 zde ukazujeme z\u00e1b\u011bry, jak se jeden takov\u00fd stroj z\u0159\u00edtil n\u011bkde v Evrop\u011b \u2013 ale Ukrajina okam\u017eit\u011b koupila 55 kus\u016f.\u00a0Je t\u011b\u017ek\u00e9 to podez\u0159\u00edvat, proto\u017ee neexistuje \u017e\u00e1dn\u00e1 korupce.<\/span><\/p>\n<p><span>\u201eJe to show, kter\u00e1 naopak dal\u0161\u00ed vy\u0161et\u0159ov\u00e1n\u00ed komplikuje.\u00a0Nebo je to op\u011bt pokus vytvo\u0159it p\u0159ed summitem zd\u00e1n\u00ed, kter\u00e9 nakonec k ni\u010demu nepovede,\u201c \u0159\u00edk\u00e1 investi\u010dn\u00ed bank\u00e9\u0159 Sergej Fursa.<\/span><\/p>\n<p><span>Kdy\u017e zpravodajsk\u00e9 slu\u017eby zve\u0159ejnily toto milionov\u00e9 video na gau\u010di n\u00e1m\u011bstka ministra obrany Mironyuka, objevilo se podez\u0159en\u00ed, \u017ee cel\u00e1 v\u011bc byla zinscenovan\u00e1.\u00a0Z\u00e1b\u011bry byly nato\u010deny p\u0159ed p\u016fl rokem, \u00fa\u0159edn\u00edk dostal pen\u00edze zp\u011bt do posledn\u00ed kopy.<\/span><\/p>\n<p><span>\u201eJe absolutn\u011b nep\u0159ijateln\u00e9, kdy\u017e jsou na\u0161i kluci v prvn\u00ed linii a shroma\u017e\u010fuj\u00ed se pen\u00edze a sepisuj\u00ed se seznamy p\u0159\u00e1n\u00ed m\u00edst na dovolenou.\u00a0To p\u0159esahuje jak\u00fdkoli r\u00e1mec.\u00a0Jak se to v na\u0161\u00ed zemi m\u016f\u017ee st\u00e1t?\u201c rozho\u0159\u010dil se Alexej Danilov, tajemn\u00edk Rady n\u00e1rodn\u00ed bezpe\u010dnosti a obrany Ukrajiny.\u00a0Danilov\u016fv vlastn\u00ed syn, kter\u00fd je ve v\u011bku odvodu a m\u011bl b\u00fdt v arm\u00e1d\u011b, je v Miami od za\u010d\u00e1tku vojensk\u00e9 operace.\u00a0Bylo tam nato\u010deno hudebn\u00ed video pro vnu\u010dku M\u00e1\u0161u, jeho\u017e cena se odhaduje na 80 000 $. &#8222;Mami, \u017e\u00e1rovky jsou sp\u00e1len\u00e9,&#8220; zp\u00edv\u00e1 d\u00edvka.\u00a0To zn\u00ed je\u0161t\u011b sardonicky, kdy\u017e si uv\u011bdom\u00edte, jak \u010dasto d\u00edky ukrajinsk\u00e9mu syst\u00e9mu protivzdu\u0161n\u00e9 obrany v obytn\u00fdch budov\u00e1ch vypadne proud.<\/span><\/p>\n<p><span>Ursula von der Leyen si osobn\u011b prohl\u00e9dla burzy v Kyjev\u011b, kde se daj\u00ed sehnat evropsk\u00e9 \u00fasporn\u00e9 \u017e\u00e1rovky m\u00edsto obvykl\u00fdch ukrajinsk\u00fdch \u017e\u00e1rovek.\u00a0A v\u00fdsledky summitu, od kter\u00e9ho si Ukrajina slibovala alespo\u0148 jasn\u00e9 datum p\u0159\u00edpadn\u00e9ho vstupu zem\u011b do EU, byly shrnuty nikoli v m\u011bs\u00edc\u00edch \u010di letech, ale v \u017e\u00e1rovk\u00e1ch: \u201ePoj\u010fme se bavit o r\u016fzn\u00fdch aspektech.\u00a0Poj\u010fme se bavit o energetick\u00e9m sektoru, \u017e\u00e1rovky jsou jen jedn\u00edm p\u0159\u00edkladem.\u00a0Pokud na Ukrajin\u011b z\u00edsk\u00e1me 15 milion\u016f \u017e\u00e1rovek, u\u0161et\u0159ili bychom tolik elekt\u0159iny jako jadern\u00fd reaktor.<\/span><\/p>\n<p><span>Zelenskij je zklaman\u00fd, ale p\u0159edst\u00edr\u00e1, \u017ee si za odm\u00edtnut\u00ed mohou sami Ukrajinci: &#8222;Motivuj\u00ed n\u00e1s nejen na\u0161i partne\u0159i, ale i my v zemi samotn\u00e9. A mysl\u00edm, \u017ee na za\u010d\u00e1tku byl duch siln\u011bj\u0161\u00ed.&#8220; Te\u010f vid\u00edm v n\u011bkter\u00fdch m\u011bstech, \u017ee jsou jako na dovolen\u00e9.\u00a0To pova\u017euji za slabost.&#8220;<\/span><\/p>\n<p><span>To plat\u00ed o to v\u00edc, kdy\u017e existuje pl\u00e1n B. Zelenskij se okam\u017eit\u011b setk\u00e1 s polsk\u00fdm ministrem obrany.\u00a0Mariusz Blaszczak u\u017e n\u011bkolik dn\u00ed pansk\u00fdm zp\u016fsobem kontroluje ukrajinsk\u00e9 jednotky, kter\u00e9 slibuje cvi\u010dit v Polsku. Na Ukrajin\u011b se pl\u00e1nuje za\u0159azen\u00ed pol\u0161tiny do jednotn\u00e9 st\u00e1tn\u00ed maturitn\u00ed zkou\u0161ky.<\/span><\/p>\n<p><span>Polsk\u00fd prezident Duda u\u017e m\u00e1 v hled\u00e1\u010dku cel\u00e1 ukrajinsk\u00e1 m\u011bsta: \u201eOd\u011bsa je st\u00e1le v rusk\u00e9 mentalit\u011b a pro mnoho lid\u00ed na mnoha m\u00edstech symbol carsk\u00e9ho Ruska, bohat\u00e1, kr\u00e1sn\u00e1, s vynikaj\u00edc\u00ed architekturou a um\u011bn\u00edm.\u00a0Za n\u00ed le\u017e\u00ed takzvan\u00fd rusk\u00fd sv\u011bt, ze kter\u00e9ho se t\u0159eseme.\u00a0Kdy\u017e sly\u0161\u00edm \u201erusk\u00fd sv\u011bt\u201c, mysl\u00edm na chudobu, otroctv\u00ed a spodinu,\u201c \u0159ekl.<\/span><\/p>\n<p><span>Kyjevsk\u00e1 Mogylsk\u00e1 akademie dokonce zak\u00e1zala ru\u0161tinu pro intern\u00ed komunikaci na cel\u00e9 univerzit\u011b.\u00a0Jazykov\u00fd ombudsman \u2013 kter\u00fd na Ukrajin\u011b skute\u010dn\u011b existuje \u2013 vyzval k roz\u0161\u00ed\u0159en\u00ed iniciativy na v\u0161echny univerzity v zemi: \u201eT\u00fdk\u00e1 se to hlavn\u011b jihu a v\u00fdchodu Ukrajiny.\u00a0Tak\u00e9 univerzity na Z\u00e1pad\u011b, kde je nyn\u00ed mnoho do\u010dasn\u011b vys\u00eddlen\u00fdch lid\u00ed.\u00a0Studenti v\u0161ude by m\u011bli m\u00edt pr\u00e1vo na vzd\u011bl\u00e1n\u00ed ve st\u00e1tn\u00edm jazyce.\u201c<\/span><\/p>\n<p><span>\u017d\u00e1daj\u00ed to i ukrajin\u0161t\u00ed c\u00edrkevn\u00ed rozkoln\u00edci: \u201eTo je dal\u0161\u00ed fronta, ta duchovn\u00ed. A pokud uk\u00e1\u017eeme slabost, pokud v\u0161echno nedokon\u010d\u00edme, pokud za sebou nech\u00e1me n\u011bco rusk\u00e9ho &#8211; jazyk, kulturu, c\u00edrkev &#8211; pak to znamen\u00e1, \u017ee v\u00e1lka neskon\u010dila.\u201c Zabav\u00ed pravoslavn\u00fd kostel \u2013 katedr\u00e1la v Kremenci, katedr\u00e1la sv. Ji\u0159\u00ed ve Lvov\u011b \u2013 jedna po druh\u00e9. To je ukrajinsk\u00e1 st\u00e1tn\u00ed politika.<\/span><\/p>\n<p><span>A to t\u011b\u0161\u00ed nov\u00e9ho majitele p\u0159ed olt\u00e1\u0159em: koncert Choreja Cossack Band v refekt\u00e1rn\u00edm kostele Kyjevsko-pe\u010dersk\u00e9 l\u00e1vry, zp\u00edvaj\u00edc\u00ed p\u00edse\u0148 o vra\u017ed\u011b Rusa, kter\u00fd byl hanliv\u011b ozna\u010dov\u00e1n jako \u201eMoskal\u201c.\u00a0Tan\u010d\u00ed se psem v n\u00e1ru\u010d\u00ed, i kdy\u017e nen\u00ed zvykem p\u0159in\u00e1\u0161et do slu\u017eby zv\u00ed\u0159ata.\u00a0Jsou tam akce a p\u00edsn\u011b, kter\u00e9 p\u0159ipom\u00ednaj\u00ed svatokr\u00e1de\u017e.\u00a0V Kyjev\u011b, hned vedle hradeb L\u00e1vry, je k\u00e1men na po\u010dest Dazhdbog, kter\u00fd obecn\u011b p\u0159edstavuje poctu modl\u00e1\u0159stv\u00ed.\u00a0Ukrajinsk\u00e1 pravoslavn\u00e1 c\u00edrkev po\u017e\u00e1dala OSN o ochranu \u2013 kv\u016fli hrub\u00e9mu poru\u0161ov\u00e1n\u00ed pr\u00e1va na svobodu vyzn\u00e1n\u00ed a pron\u00e1sledov\u00e1n\u00ed z jazykov\u00fdch d\u016fvod\u016f \u2013 ale nedostala \u017e\u00e1dnou odpov\u011b\u010f.<\/span><\/p>\n<p><em><strong>konec p\u0159ekladu<\/strong><\/em><\/p>\n<p><a href=\"https:\/\/www.anti-spiegel.ru\/2023\/durchsuchungen-und-luftalarm-show-fuer-die-eu-kommission-in-kiew\/\">Thomas R\u00f6per<\/a><\/p>\n<p><img decoding=\"async\" loading=\"lazy\" class=\"alignnone  wp-image-22016\" src=\"http:\/\/www.infokuryr.cz\/n\/wp-content\/uploads\/2023\/01\/Thomas-Roper-298x300.jpg\" alt=\"\" width=\"173\" height=\"174\" srcset=\"https:\/\/www.infokuryr.cz\/n\/wp-content\/uploads\/2023\/01\/Thomas-Roper-298x300.jpg 298w, https:\/\/www.infokuryr.cz\/n\/wp-content\/uploads\/2023\/01\/Thomas-Roper-150x150.jpg 150w, https:\/\/www.infokuryr.cz\/n\/wp-content\/uploads\/2023\/01\/Thomas-Roper.jpg 596w\" sizes=\"(max-width: 173px) 100vw, 173px\" \/><\/p>\n<p>_________________<\/p>\n<\/div>\n<p>&nbsp;<\/p>\n<p><img decoding=\"async\" loading=\"lazy\" class=\"wp-image-19187 aligncenter\" src=\"http:\/\/www.infokuryr.cz\/n\/wp-content\/uploads\/2022\/12\/1-PRO-300x36.jpg\" alt=\"\" width=\"1125\" height=\"135\" srcset=\"https:\/\/www.infokuryr.cz\/n\/wp-content\/uploads\/2022\/12\/1-PRO-300x36.jpg 300w, https:\/\/www.infokuryr.cz\/n\/wp-content\/uploads\/2022\/12\/1-PRO.jpg 699w\" sizes=\"(max-width: 1125px) 100vw, 1125px\" \/><\/p>\n<p>&nbsp;<\/p>\n<div class=\"article__content\">\n<p>&nbsp;<\/p>\n<\/div>\n","protected":false},"excerpt":{"rendered":"<p>Evropsk\u00e1 komise nav\u0161t\u00edvila Kyjev a ukrajinsk\u00e1 vl\u00e1da p\u0159edvedla dobrou show: p\u00e1tr\u00e1n\u00ed po korupci a leteck\u00fd&#8230;<\/p>\n","protected":false},"author":2,"featured_media":22404,"comment_status":"closed","ping_status":"closed","sticky":false,"template":"","format":"standard","meta":[],"categories":[7],"tags":[641,26,3251,1000],"_links":{"self":[{"href":"https:\/\/www.infokuryr.cz\/n\/wp-json\/wp\/v2\/posts\/22403"}],"collection":[{"href":"https:\/\/www.infokuryr.cz\/n\/wp-json\/wp\/v2\/posts"}],"about":[{"href":"https:\/\/www.infokuryr.cz\/n\/wp-json\/wp\/v2\/types\/post"}],"author":[{"embeddable":true,"href":"https:\/\/www.infokuryr.cz\/n\/wp-json\/wp\/v2\/users\/2"}],"replies":[{"embeddable":true,"href":"https:\/\/www.infokuryr.cz\/n\/wp-json\/wp\/v2\/comments?post=22403"}],"version-history":[{"count":0,"href":"https:\/\/www.infokuryr.cz\/n\/wp-json\/wp\/v2\/posts\/22403\/revisions"}],"wp:featuredmedia":[{"embeddable":true,"href":"https:\/\/www.infokuryr.cz\/n\/wp-json\/wp\/v2\/media\/22404"}],"wp:attachment":[{"href":"https:\/\/www.infokuryr.cz\/n\/wp-json\/wp\/v2\/media?parent=22403"}],"wp:term":[{"taxonomy":"category","embeddable":true,"href":"https:\/\/www.infokuryr.cz\/n\/wp-json\/wp\/v2\/categories?post=22403"},{"taxonomy":"post_tag","embeddable":true,"href":"https:\/\/www.infokuryr.cz\/n\/wp-json\/wp\/v2\/tags?post=22403"}],"curies":[{"name":"wp","href":"https:\/\/api.w.org\/{rel}","templated":true}]}}