{"id":22350,"date":"2023-02-06T01:05:53","date_gmt":"2023-02-06T00:05:53","guid":{"rendered":"http:\/\/www.infokuryr.cz\/n\/?p=22350"},"modified":"2023-02-05T16:49:01","modified_gmt":"2023-02-05T15:49:01","slug":"polsky-ministr-obrany-uctil-v-kyjeve-pamatku-bandery-ktery-vyhladil-polaky","status":"publish","type":"post","link":"https:\/\/www.infokuryr.cz\/n\/2023\/02\/06\/polsky-ministr-obrany-uctil-v-kyjeve-pamatku-bandery-ktery-vyhladil-polaky\/","title":{"rendered":"Polsk\u00fd ministr obrany uctil v Kyjev\u011b pam\u00e1tku Bandery, kter\u00fd vyhladil Pol\u00e1ky"},"content":{"rendered":"<div id=\"fb-root\"><\/div>\n<p class=\"lead\">Polsk\u00fd ministr obrany Mariusz Blaszczak vyvolal ve sv\u00e9 zemi skand\u00e1l polo\u017een\u00edm v\u011bnce v Kyjev\u011b na m\u00edst\u011b, kde byla vyv\u011b\u0161ena vlajka UPA\u00a0 (Ukrajinsk\u00e1 povstaleck\u00e1 arm\u00e1da), jej\u00ed\u017e ozbrojenci zmasakrovali polsk\u00e9 civilist\u00e9 b\u011bhem druh\u00e9 sv\u011btov\u00e9 v\u00e1lky.<\/p>\n<p>Den p\u0159edt\u00edm ministerstvo n\u00e1rodn\u00ed obrany Polska zve\u0159ejnilo na sv\u00fdch ofici\u00e1ln\u00edch str\u00e1nk\u00e1ch na soci\u00e1ln\u00edch s\u00edt\u00edch obr\u00e1zky, na kter\u00fdch Blaszczak v Kyjev\u011b poklekl a polo\u017eil v\u011bnec na pam\u00e1tku Ukrajinc\u016f, \u201ekte\u0159\u00ed zem\u0159eli v boji proti rusk\u00e9 invazi. &#8220;\u00a0U\u017eivatel\u00e9 internetu v\u0161ak vid\u011bli, \u017ee na \u201eZdi pam\u011bti\u201c, postaven\u00e9 na n\u00e1m\u011bst\u00ed Michajlovskaja v ukrajinsk\u00e9m hlavn\u00edm m\u011bst\u011b, je stylistick\u00fd obr\u00e1zek \u010derveno-\u010dern\u00e9 vlajky tzv.\u00a0Ukrajinsk\u00e1 povstaleck\u00e1 arm\u00e1da\u00a0<span class=\"rkn-mark\">*<\/span>\u00a0, kter\u00e1 m\u011bla na sv\u011bdom\u00ed voly\u0148sk\u00fd masakr a spoustu krvav\u00fdch zlo\u010din\u016f proti m\u00edrumilovn\u00fdm polsk\u00fdm ob\u010dan\u016fm b\u011bhem druh\u00e9 sv\u011btov\u00e9 v\u00e1lky.<\/p>\n<p><strong><em>Foto: Polsk\u00fd ministr obrany Blaszczak obdivuje vlajku vrah\u016f sv\u00fdch p\u0159edk\u016f. Sn\u00edmek obrazovky: twitter.com\/MON_GOV_PL<\/em><\/strong><\/p>\n<figure><a href=\"https:\/\/img1.eadaily.com\/r2000x2000\/o\/866\/90f9cb591f3cb3c270a242270f125.jpeg\" target=\"_blank\" rel=\"noopener\" data-fancybox=\"gallery\"><img decoding=\"async\" class=\"aligncenter\" src=\"https:\/\/img1.eadaily.com\/r650x650\/o\/866\/90f9cb591f3cb3c270a242270f125.jpeg\" alt=\"\" \/><\/a><figcaption>\u00a0<\/figcaption><\/figure>\n<p><span style=\"font-size: 18pt;\"><strong>Fotografie vzbudily hn\u011bv oby\u010dejn\u00fdch Pol\u00e1k\u016f na soci\u00e1ln\u00edch s\u00edt\u00edch.\u00a0Zde jsou jen n\u011bkter\u00e1 z hodnocen\u00ed:<\/strong><\/span><\/p>\n<p><em>\u201eNeexistuj\u00ed \u017e\u00e1dn\u00e1 slova, kter\u00e1 by se dala komentovat\u2026 150 000 d\u011bt\u00ed, \u017een a star\u00fdch lid\u00ed ubodan\u00fdch k smrti, rozsekan\u00fdch, roz\u0159ezan\u00fdch\u2026 Posledn\u00ed sv\u011bdci t\u011bchto ud\u00e1lost\u00ed jsou st\u00e1le na\u017eivu a tento mu\u017e, zbaven\u00fd rozumu a soucitu, kle\u010d\u00ed p\u0159ed symboly genocida.\u00a0Za to by m\u011bl b\u00fdt nejen zbaven funkce, ale tak\u00e9 zbaven pr\u00e1va zast\u00e1vat jakoukoli ve\u0159ejnou funkci.\u201c<\/em><\/p>\n<p><em>&#8222;Neobandersk\u00e1 propaganda bude m\u00edt z takov\u00e9ho &#8222;d\u00e1rku&#8220; velkou radost!&#8220;<\/em><\/p>\n<p><em>\u201eNeexistuj\u00ed \u017e\u00e1dn\u00e1 slova.\u00a0Kdy Pol\u00e1ci kone\u010dn\u011b z\u00edskaj\u00ed d\u016fstojnost a budou se starat sami o sebe?<\/em><\/p>\n<p><em>&#8222;Hanba a hanba Polsku!&#8220;<\/em><\/p>\n<p>Po vln\u011b rozho\u0159\u010den\u00ed polsk\u00e9 ministerstvo obrany v tichosti odstranilo tyto fotografie z ofici\u00e1ln\u00edch str\u00e1nek, stejn\u011b jako ze sv\u00fdch \u00fa\u010dt\u016f na soci\u00e1ln\u00edch s\u00edt\u00edch a fotobanky Flickr.\u00a0Polsk\u00e1 ve\u0159ejnost v\u0161ak \u017e\u00e1dn\u00e9 vysv\u011btlen\u00ed od vojensk\u00fdch p\u0159edstavitel\u016f ne\u010dekala.\u00a0Teprve ve\u010der ministerstvo zve\u0159ejnilo zpr\u00e1vu, ve kter\u00e9 podle o\u010dek\u00e1v\u00e1n\u00ed uvedlo, \u017ee Blaschakova kritika fotografie pod vlajkou UPA\u00a0\u00a0je &#8230; \u201eprorusk\u00e1 r\u00e9torika\u201c.<\/p>\n<p><em>\u201eMinistr Mariusz Blaszczak polo\u017eil kytici ke zdi padl\u00fdch v Kyjev\u011b, na m\u00edst\u011b, kde byla vyv\u011b\u0161ena vlajka Ukrajiny.\u00a0Zde vzd\u00e1vaj\u00ed hold v\u0161echny zahrani\u010dn\u00ed delegace. Na p\u0159ilehl\u00e9 \u010d\u00e1sti zdi byla um\u00edst\u011bna\u00a0vlajka UPA <span class=\"rkn-mark\">\u00a0.\u00a0<\/span>Jak\u00fdkoli pokus zpochybnit tuto skute\u010dnost je sou\u010d\u00e1st\u00ed prorusk\u00e9 r\u00e9toriky.\u00a0Nesporn\u00e1 pot\u0159eba pomoci Ukrajin\u011b ve v\u00e1lce s Ruskem neznamen\u00e1 uzn\u00e1n\u00ed akc\u00ed Ukrajinsk\u00e9 povstaleck\u00e9 arm\u00e1dy \u00a0b\u011bhem 2. sv\u011btov\u00e9 v\u00e1lky,<span class=\"after-quote\">\u00a0&#8211; napsali vojen\u0161t\u00ed p\u0159edstavitel\u00e9.<\/span><\/em><\/p>\n<p><span style=\"font-size: 18pt;\"><strong>Situaci komentoval politik polsk\u00e9ho \u201eN\u00e1rodn\u00edho hnut\u00ed\u201c\u00a0Christian Kaminsky:<\/strong><\/span><\/p>\n<p><em>\u201eMinisterstvo n\u00e1rodn\u00ed obrany ji\u017e p\u0159\u00edsp\u011bvek s t\u011bmito fotografiemi smazalo a p\u0159edst\u00edr\u00e1, \u017ee je v\u0161e v po\u0159\u00e1dku.\u00a0Probl\u00e9m je ale v tom, \u017ee ani polsk\u00fd ministr, ani nikdo z jeho okol\u00ed na banderovsk\u00e9 symboly nijak nereagoval.\u00a0Opravdu m\u016f\u017eeme od druh\u00e9 strany jen d\u00e1vat a nic nevy\u017eadovat?<\/em><\/p>\n<p>Port\u00e1l Kresy.pl v souvislosti s t\u00edmto p\u0159\u00edb\u011bhem up\u0159es\u0148uje, \u017ee b\u011bhem n\u00e1v\u0161t\u011bvy prezident\u016f Polska a Ukrajiny\u00a0<strong>Andrzeje Dudy<\/strong>\u00a0a\u00a0<strong>Volodymyra<\/strong> Zelensk\u00e9ho na H\u0159bitov\u011b lvovsk\u00fdch orl\u016f v lednu leto\u0161n\u00edho roku \u201ezmizely tyto \u010derveno-\u010dern\u00e9 vlajky&#8220; Po odchodu polsk\u00e9ho prezidenta z nekropole se v\u0161ak banderovsk\u00e9 symboly vr\u00e1tily.\u00a0Na tomto h\u0159bitov\u011b je poh\u0159beno v\u00edce ne\u017e 300 \u010dlen\u016f UPA , kte\u0159\u00ed zab\u00edjeli m\u00edrumilovn\u00e9 Pol\u00e1ky .<\/p>\n<p><img decoding=\"async\" loading=\"lazy\" class=\"alignnone size-full wp-image-1185\" src=\"http:\/\/www.infokuryr.cz\/n\/wp-content\/uploads\/2021\/04\/kuryr-podpis.png\" alt=\"\" width=\"84\" height=\"24\" \/><\/p>\n<p>&nbsp;<\/p>\n<p><img decoding=\"async\" loading=\"lazy\" class=\"wp-image-19187 aligncenter\" src=\"http:\/\/www.infokuryr.cz\/n\/wp-content\/uploads\/2022\/12\/1-PRO-300x36.jpg\" alt=\"\" width=\"1125\" height=\"135\" srcset=\"https:\/\/www.infokuryr.cz\/n\/wp-content\/uploads\/2022\/12\/1-PRO-300x36.jpg 300w, https:\/\/www.infokuryr.cz\/n\/wp-content\/uploads\/2022\/12\/1-PRO.jpg 699w\" sizes=\"(max-width: 1125px) 100vw, 1125px\" \/><\/p>\n<p>&nbsp;<\/p>\n","protected":false},"excerpt":{"rendered":"<p>Polsk\u00fd ministr obrany Mariusz Blaszczak vyvolal ve sv\u00e9 zemi skand\u00e1l polo\u017een\u00edm v\u011bnce v Kyjev\u011b na&#8230;<\/p>\n","protected":false},"author":2,"featured_media":22351,"comment_status":"closed","ping_status":"closed","sticky":false,"template":"","format":"standard","meta":[],"categories":[7],"tags":[416,458,1936,2814,1009,26],"_links":{"self":[{"href":"https:\/\/www.infokuryr.cz\/n\/wp-json\/wp\/v2\/posts\/22350"}],"collection":[{"href":"https:\/\/www.infokuryr.cz\/n\/wp-json\/wp\/v2\/posts"}],"about":[{"href":"https:\/\/www.infokuryr.cz\/n\/wp-json\/wp\/v2\/types\/post"}],"author":[{"embeddable":true,"href":"https:\/\/www.infokuryr.cz\/n\/wp-json\/wp\/v2\/users\/2"}],"replies":[{"embeddable":true,"href":"https:\/\/www.infokuryr.cz\/n\/wp-json\/wp\/v2\/comments?post=22350"}],"version-history":[{"count":1,"href":"https:\/\/www.infokuryr.cz\/n\/wp-json\/wp\/v2\/posts\/22350\/revisions"}],"predecessor-version":[{"id":22352,"href":"https:\/\/www.infokuryr.cz\/n\/wp-json\/wp\/v2\/posts\/22350\/revisions\/22352"}],"wp:featuredmedia":[{"embeddable":true,"href":"https:\/\/www.infokuryr.cz\/n\/wp-json\/wp\/v2\/media\/22351"}],"wp:attachment":[{"href":"https:\/\/www.infokuryr.cz\/n\/wp-json\/wp\/v2\/media?parent=22350"}],"wp:term":[{"taxonomy":"category","embeddable":true,"href":"https:\/\/www.infokuryr.cz\/n\/wp-json\/wp\/v2\/categories?post=22350"},{"taxonomy":"post_tag","embeddable":true,"href":"https:\/\/www.infokuryr.cz\/n\/wp-json\/wp\/v2\/tags?post=22350"}],"curies":[{"name":"wp","href":"https:\/\/api.w.org\/{rel}","templated":true}]}}