{"id":22343,"date":"2023-02-06T01:02:05","date_gmt":"2023-02-06T00:02:05","guid":{"rendered":"http:\/\/www.infokuryr.cz\/n\/?p=22343"},"modified":"2023-02-05T16:22:32","modified_gmt":"2023-02-05T15:22:32","slug":"nepripraveny-ukrajinsky-vojak-prezije-v-artomovsku-ctyri-hodiny","status":"publish","type":"post","link":"https:\/\/www.infokuryr.cz\/n\/2023\/02\/06\/nepripraveny-ukrajinsky-vojak-prezije-v-artomovsku-ctyri-hodiny\/","title":{"rendered":"Nep\u0159ipraven\u00fd ukrajinsk\u00fd voj\u00e1k p\u0159e\u017eije v Ar\u0165omovsku \u010dty\u0159i hodiny"},"content":{"rendered":"<div id=\"fb-root\"><\/div>\n<p><span style=\"font-size: 18pt;\"><strong>Ukrajinsk\u00e1 v\u00e1le\u010dn\u00e1 korespondentka zji\u0161\u0165ovala, jak dlouho p\u0159e\u017eije v Ar\u0165omovsku nevycvi\u010den\u00fd zmobilizovan\u00fd ukrajinsk\u00fd ob\u010dan.<\/strong><\/span><\/p>\n<p>\u201eMluvila jsem s bojovn\u00edky, kte\u0159\u00ed vytahuj\u00ed na\u0161e mrtv\u00e9 a zran\u011bn\u00e9.\u00a0\u0158ekli, \u017ee podle jejich odhadu nep\u0159ipraven\u00fd chlap p\u0159e\u017eije v Ar\u0165omovsku \u010dty\u0159i hodiny,\u201c sd\u011blila v\u00e1le\u010dn\u00e1 korespondentka.<\/p>\n<p>\u201eV prvn\u00ed linii?\u201c zeptal se j\u00ed voj\u00e1k.<\/p>\n<p>\u201eAno,\u201c potvrdila.<\/p>\n<p>\u201eNo\u2026 Toto je n\u011bjak\u00e1 negativn\u00ed statistika, zd\u00e1 se mi to trochu v\u00edc,\u201c odpov\u011bd\u011bl voj\u00e1k na ot\u00e1zku.<\/p>\n<p>&nbsp;<\/p>\n<div style=\"width: 560px;\" class=\"wp-video\"><!--[if lt IE 9]><script>document.createElement('video');<\/script><![endif]-->\n<video class=\"wp-video-shortcode\" id=\"video-22343-1\" width=\"560\" height=\"480\" preload=\"metadata\" controls=\"controls\"><source type=\"video\/mp4\" src=\"http:\/\/www.infokuryr.cz\/n\/wp-content\/uploads\/2023\/02\/4-hodiny.mp4?_=1\" \/><a href=\"http:\/\/www.infokuryr.cz\/n\/wp-content\/uploads\/2023\/02\/4-hodiny.mp4\">http:\/\/www.infokuryr.cz\/n\/wp-content\/uploads\/2023\/02\/4-hodiny.mp4<\/a><\/video><\/div>\n<p>&nbsp;<\/p>\n<p><img decoding=\"async\" loading=\"lazy\" class=\"alignnone size-full wp-image-1185\" src=\"http:\/\/www.infokuryr.cz\/n\/wp-content\/uploads\/2021\/04\/kuryr-podpis.png\" alt=\"\" width=\"84\" height=\"24\" \/><\/p>\n<p>&nbsp;<\/p>\n<p><img decoding=\"async\" loading=\"lazy\" class=\"wp-image-19187 aligncenter\" src=\"http:\/\/www.infokuryr.cz\/n\/wp-content\/uploads\/2022\/12\/1-PRO-300x36.jpg\" alt=\"\" width=\"1133\" height=\"136\" srcset=\"https:\/\/www.infokuryr.cz\/n\/wp-content\/uploads\/2022\/12\/1-PRO-300x36.jpg 300w, https:\/\/www.infokuryr.cz\/n\/wp-content\/uploads\/2022\/12\/1-PRO.jpg 699w\" sizes=\"(max-width: 1133px) 100vw, 1133px\" \/><\/p>\n<p>&nbsp;<\/p>\n<p>&nbsp;<\/p>\n<p>&nbsp;<\/p>\n","protected":false},"excerpt":{"rendered":"<p>Ukrajinsk\u00e1 v\u00e1le\u010dn\u00e1 korespondentka zji\u0161\u0165ovala, jak dlouho p\u0159e\u017eije v Ar\u0165omovsku nevycvi\u010den\u00fd zmobilizovan\u00fd ukrajinsk\u00fd ob\u010dan. \u201eMluvila jsem&#8230;<\/p>\n","protected":false},"author":2,"featured_media":22345,"comment_status":"closed","ping_status":"closed","sticky":false,"template":"","format":"standard","meta":[],"categories":[7],"tags":[2821,26,889,1600],"_links":{"self":[{"href":"https:\/\/www.infokuryr.cz\/n\/wp-json\/wp\/v2\/posts\/22343"}],"collection":[{"href":"https:\/\/www.infokuryr.cz\/n\/wp-json\/wp\/v2\/posts"}],"about":[{"href":"https:\/\/www.infokuryr.cz\/n\/wp-json\/wp\/v2\/types\/post"}],"author":[{"embeddable":true,"href":"https:\/\/www.infokuryr.cz\/n\/wp-json\/wp\/v2\/users\/2"}],"replies":[{"embeddable":true,"href":"https:\/\/www.infokuryr.cz\/n\/wp-json\/wp\/v2\/comments?post=22343"}],"version-history":[{"count":1,"href":"https:\/\/www.infokuryr.cz\/n\/wp-json\/wp\/v2\/posts\/22343\/revisions"}],"predecessor-version":[{"id":22346,"href":"https:\/\/www.infokuryr.cz\/n\/wp-json\/wp\/v2\/posts\/22343\/revisions\/22346"}],"wp:featuredmedia":[{"embeddable":true,"href":"https:\/\/www.infokuryr.cz\/n\/wp-json\/wp\/v2\/media\/22345"}],"wp:attachment":[{"href":"https:\/\/www.infokuryr.cz\/n\/wp-json\/wp\/v2\/media?parent=22343"}],"wp:term":[{"taxonomy":"category","embeddable":true,"href":"https:\/\/www.infokuryr.cz\/n\/wp-json\/wp\/v2\/categories?post=22343"},{"taxonomy":"post_tag","embeddable":true,"href":"https:\/\/www.infokuryr.cz\/n\/wp-json\/wp\/v2\/tags?post=22343"}],"curies":[{"name":"wp","href":"https:\/\/api.w.org\/{rel}","templated":true}]}}