{"id":22340,"date":"2023-02-06T00:58:51","date_gmt":"2023-02-05T23:58:51","guid":{"rendered":"http:\/\/www.infokuryr.cz\/n\/?p=22340"},"modified":"2023-02-05T16:15:45","modified_gmt":"2023-02-05T15:15:45","slug":"trio-pavel-fiala-a-cernochova-predstavuji-pohromu-pro-cr","status":"publish","type":"post","link":"https:\/\/www.infokuryr.cz\/n\/2023\/02\/06\/trio-pavel-fiala-a-cernochova-predstavuji-pohromu-pro-cr\/","title":{"rendered":"Trio Pavel, Fiala a \u010cernochov\u00e1 p\u0159edstavuj\u00ed  pohromu pro \u010cR"},"content":{"rendered":"<div id=\"fb-root\"><\/div>\n<p><span style=\"font-size: 18pt;\"><strong>Trio Pavel, Fiala a \u010cernochov\u00e1 p\u0159edstavuj\u00ed\u00a0 pohromu pro \u010cR<\/strong><\/span><\/p>\n<p>Mnoz\u00ed ob\u010dan\u00e9 d\u00e1vno rezignovali na sou\u010dasn\u00e9 pom\u011bry zem\u011b spojen\u00e9 s\u00a0\u00fapadkem jednotliv\u00fdch vl\u00e1dn\u00edch resort\u016f \u00a0vy\u00fast\u011bn\u00e9 \u00a0bezb\u0159ehou\u00a0 podporou v\u00e1lky \u00a0na Ukrajin\u011b p\u0159esahuj\u00edc\u00ed ekonomick\u00e9 mo\u017enosti \u010cR. Sou\u010dasn\u00fdm v\u00fdsledkem je\u00a0 skute\u010dnost , \u017ee n\u00e1m media v\u00a0ned\u00e1vno skon\u010den\u00fdch prezidentsk\u00fdch volb\u00e1ch \u00a0dosadila\u00a0 na Pra\u017esk\u00fd hrad prezidenta\u00a0 mnoh\u00fdch p\u0159\u00edvlastk\u016f\u00a0 (stejn\u011b jako na Slovensku \u010caputovou).<\/p>\n<p>Nav\u00edc se stalo m\u00f3dou, \u017ee politici od sv\u00fdch v\u00fdrok\u016f se distancuj\u00ed je\u0161t\u011b d\u0159\u00edve, ne\u017e je vyslov\u00ed. Nap\u0159\u00edklad Mark\u00e9ta Pekarov\u00e1 Adamov\u00e1 na sv\u00e9m facebook\u00e9m profilu sd\u011bluje \u201e Kdyby se k V\u00e1m n\u00e1hodou dostala tato \u0159et\u011bzov\u00e1 zpr\u00e1va s \u201em\u00fdmi\u201c v\u00fdroky, nenechte se nachytat. \u017d\u00e1dn\u00fd z nich toti\u017e nen\u00ed pravdiv\u00fd\u201c. Jako p\u0159\u00edklad uv\u00e1d\u00ed,\u017ee\u00a0 nikdy ne\u0159ekla \u201eOpozice m\u00e1 \u0161oupat nohama a ml\u010det v\u00a0kout\u011b\u201c Pr\u00fd reagovala jen na konkr\u00e9tn\u00ed v\u00fdroky politik\u016f z\u00a0ANO a \u0159ekla doslova toto :<strong>\u00a0<\/strong><em>\u201eJe\u0161t\u011b p\u0159ed rokem b\u00fdval\u00fd ministr Havl\u00ed\u010dek usiloval o to, aby v tendru na Dukovany byl i rusk\u00fd Rosatom. Jemu i v\u0161em podobn\u00fdm, kte\u0159\u00ed n\u00e1m te\u010f cokoliv vzkazuj\u00ed a rad\u00ed, doporu\u010duji, aby rad\u0161i \u0161oupali nohama a ml\u010deli v kout\u011b.\u201c<\/em><\/p>\n<p>Zaj\u00edmav\u00e1 je tak\u00e9 informace t\u00fdkaj\u00edc\u00ed se zodpov\u011bzen\u00ed dotaz\u016f \u010dlen\u016f vl\u00e1dy na jejich profilech z\u0159\u00edzen\u00fdch na Parlamentn\u00edch listech od \u010dten\u00e1\u0159\u016f tohoto media, kter\u00e1 je v\u00edce ne\u017e \u017ealostn\u00e1.\u00a0<strong>Premi\u00e9rovi vl\u00e1dy Petru Fialovi (ODS) bylo zasl\u00e1no k\u00a0dne\u0161n\u00edmu dni 715 dotaz\u016f, nula odpov\u011bd\u00ed ! Podobn\u011b je na tom V\u00edt Raku\u0161an (STAN) 236\/0, \u010di lidoveck\u00fd ministr Mari\u00e1n Jure\u010dka (KDU-\u010cSL) 519\/191.<\/strong><\/p>\n<p>Dovolil jsem si v\u00a0souladu se z\u00e1konem o svobodn\u00e9m p\u0159\u00edstupu k\u00a0informac\u00edm \u010d.106\/1999 Sb. oslovit v\u00a0prosinci minul\u00e9ho roku ministryni obrany \u010cR Janu \u010cernochovou se \u017e\u00e1dost\u00ed o odpov\u011b\u010f n\u00e1sleduj\u00edc\u00edho zn\u011bn\u00ed:<\/p>\n<p>Z\u00a0kulo\u00e1r\u016f ob\u010dan\u016f Klatov je zn\u00e1mo, \u017ee ned\u00e1vno klatovsk\u00fd \u00fatvar nav\u0161t\u00edvila spole\u010dn\u00e1 delegace z\u00e1stupc\u016f MO A\u010cR a n\u011bmeck\u00e9ho Bundeswehru. V\u00fdsledkem m\u00e1 b\u00fdt mimo jin\u00e9 zapojen\u00ed zdej\u0161\u00edho \u00fatvaru do oprav tank\u016f n\u011bmeck\u00e9 arm\u00e1dy Leopard.<\/p>\n<p><span style=\"font-size: 18pt;\">\u00a0\u00a0<strong>V\u00a0 t\u00e9to souvislosti uv\u00e1d\u00edm n\u00e1sleduj\u00edc\u00ed dotazy:<\/strong><\/span><\/p>\n<ol type=\"1\">\n<li><strong>M\u016f\u017eete\u00a0 potvrdit uvedenou informaci t\u00fdkaj\u00edc\u00ed se zapo\u010dat\u00ed oprav\u00a0 tank\u016f n\u011bmeck\u00e9 arm\u00e1dy Leopard \u00a0u \u00fatvaru v\u00a0Klatovech ?<\/strong><\/li>\n<li><strong>Jak dlouho se po\u010d\u00edt\u00e1 s\u00a0prov\u00e1d\u011bn\u00edm oprav uveden\u00e9 vojensk\u00e9 techniky n\u011bmeck\u00e9 techniky v\u00a0na\u0161\u00ed pos\u00e1dce.<\/strong><\/li>\n<li><strong>Komu budou opraven\u00e9 tanky Leopard n\u00e1sledn\u011b slou\u017eit.\u00a0\u00a0 A \u010cR\u00a0 pro\u00a0 jej\u00ed pot\u0159eby, nebo se bude jednat o dal\u0161\u00ed dar\u00a0 Ukrajin\u011b?<\/strong><\/li>\n<li><strong>Vzhledem k\u00a0tomu, \u017ee \u010cR nen\u00ed ve v\u00e1le\u010dn\u00e9m konfliktu, pro\u010d sv\u00fdmi dal\u0161\u00edmi kroky, stejn\u011b jako\u00a0 r\u016fzn\u00fdmi\u00a0 opat\u0159en\u00edmi \u010dlen\u016f sou\u010dasn\u00e9 vl\u00e1dy, zatahujete\u00a0 n\u00e1\u0161 st\u00e1t do eskalace boj\u016f mezi\u00a0 Ukrajinou a RF ?\u00a0 Nebo se snad jedn\u00e1 ji\u017e o konflikt mezi \u00a0NATO a RF ?<\/strong><\/li>\n<li><strong>Vl\u00e1d\u011b \u010cR v\u00a0sou\u010dasn\u00e9 dob\u011b d\u016fv\u011b\u0159uje necel\u00fdch 30% ob\u010dan\u016f \u010cR, v\u00edce ne\u017e polovina ob\u010dan\u016f dle pr\u016fzkum\u016f je v\u00a0sou\u010dasn\u00e9 dob\u011b proti tak nep\u0159im\u011b\u0159en\u011b obs\u00e1hl\u00e9 pomoci \u010cR Ukrajin\u011b. Nep\u0159ekra\u010dujete\u00a0 sv\u016fj\u00a0 mand\u00e1t, nejedn\u00e1te proti z\u00e1jm\u016fm \u010cR\u00a0<\/strong>?<\/li>\n<\/ol>\n<p>Dne 27.12.2022 \u00a0jsem obdr\u017eel vyrozum\u011bn\u00ed o prodlou\u017een\u00ed lh\u016fty k vy\u0159\u00edzen\u00ed \u017e\u00e1dosti, vzhledem k tomu, \u017ee vy\u0159\u00edzen\u00ed \u017e\u00e1dosti si vy\u017e\u00e1d\u00e1 konzultaci s v\u00edce slo\u017ekami ministerstva, kter\u00e9 maj\u00ed z\u00e1va\u017en\u00fd z\u00e1jem na p\u0159edm\u011btu \u017e\u00e1dosti. \u00a0Ve sl\u00edben\u00e9m term\u00ednu, konkr\u00e9tn\u011b 5. ledna 2023 jsem skute\u010dn\u011b obdr\u017eel odpov\u011b\u010f n\u00e1sleduj\u00edc\u00edho zn\u011bn\u00ed:<\/p>\n<p><em>Ministerstvo obrany obdr\u017eelo dne 12. prosince 2022 Va\u0161i \u017e\u00e1dost o poskytnut\u00ed informac\u00ed t\u00fdkaj\u00edc\u00edch se tank\u016f Leopard. K va\u0161im dotaz\u016fm 1 a\u017e 3 sd\u011blujeme, \u017ee opravy tank\u016f LEOPARD 2A4 budou do roku 2025 zabezpe\u010deny smluvn\u011b dodavatelem. V sou\u010dasn\u00e9 dob\u011b prob\u00edhaj\u00ed konzultace k po\u0159\u00edzen\u00ed dal\u0161\u00edho vybaven\u00ed k prov\u00e1d\u011bn\u00ed \u00fadr\u017eby a oprav 2. \u00farovn\u011b, kter\u00e9 bude zabezpe\u010deno silami a prost\u0159edky \u00fatvar\u016f Pozemn\u00edch sil Arm\u00e1dy \u010cesk\u00e9 republiky od roku 2026. Tanky LEOPARD 2A4, kter\u00e9 jsou \u010cR darov\u00e1ny ze strany SRN, budou zavedeny do v\u00fdzbroje Arm\u00e1dy \u010cesk\u00e9 republiky a budou vyu\u017eity pro \u00fa\u010dely v\u00fdcviku jej\u00edch p\u0159\u00edslu\u0161n\u00edk\u016f.<\/em><\/p>\n<p><em>Ve 4. a 5. ot\u00e1zce vyjad\u0159ujete sv\u016fj n\u00e1zor, \u017ee vl\u00e1da sv\u00fdmi kroky zatahuje \u010ceskou republiku do eskalace boj\u016f mezi Ukrajinou a Ruskou federac\u00ed, a pt\u00e1te se na d\u016fvody tohoto postupu. D\u00e1le uv\u00e1d\u00edte sv\u016fj n\u00e1zor, \u017ee pomoc \u010cesk\u00e9 republiky Ukrajin\u011b je nep\u0159im\u011b\u0159en\u011b obs\u00e1hl\u00e1, a dotazujete se, zda t\u00edm nen\u00ed vl\u00e1dou p\u0159ekra\u010dov\u00e1n jej\u00ed mand\u00e1t a nejedn\u00e1 proti z\u00e1jm\u016fm \u010cesk\u00e9 republiky. V obou ot\u00e1zk\u00e1ch se dotazujete na n\u00e1zor povinn\u00e9ho subjektu. Povinnost poskytovat informace se net\u00fdk\u00e1 dotaz\u016f na n\u00e1zory, budouc\u00ed rozhodnut\u00ed a vytv\u00e1\u0159en\u00ed nov\u00fdch informac\u00ed (viz \u00a7 2 odst. 4 z\u00e1kona \u010d. 106\/1999 Sb., o svobodn\u00e9m p\u0159\u00edstupu k informac\u00edm, ve zn\u011bn\u00ed pozd\u011bj\u0161\u00edch p\u0159edpis\u016f), a proto k Va\u0161im dotaz\u016fm 4 a 5 nesd\u011blujeme \u017e\u00e1dn\u00e9 n\u00e1zory, d\u016fvody \u010di vysv\u011btlen\u00ed.<\/em><\/p>\n<p>V \u00a0dob\u011b, kdy prioritou na\u0161\u00ed vl\u00e1dy je v\u0161estrann\u00e1 pomoc Ukrajin\u011b, respektive jednotliv\u00fdmi \u00a0kroky rozdm\u00fdch\u00e1vat dlouhodob\u00fd tento v\u00e1le\u010dn\u00fd konflikt, jsem \u017e\u00e1dn\u00e9 z\u00e1zraky ani ne\u010dekal.<\/p>\n<p>Je d\u016fle\u017eit\u00e9, aby ob\u010dan\u00e9 ani v\u00a0dob\u011b novodob\u00e9ho temna skom\u00edraj\u00edc\u00ed republiky nerezignovali na sou\u010dasn\u00fd stav, ba naopak. Vl\u00e1dn\u00ed minist\u0159i a poslanci vl\u00e1dn\u00ed koalice v\u00edce ne\u017e kr\u00e1lovsky placeni z\u00a0dan\u00ed ob\u010dan\u016f jsou zde pro n\u011b a m\u011bli by sv\u00fdm ob\u010dan\u016fm ka\u017edodenn\u011b skl\u00e1dat\u00a0 \u00fa\u010dty za jejich zvolen\u00ed, nikoliv je pouze oblbovat\u00a0 p\u00e1r dn\u016f p\u0159ed\u00a0 volbami sliby, kterak budou makat v\u00a0jejich z\u00e1jmu ! \u00a0Neb\u00fdt \u00a0otroky,\u00a0 jak se o n\u011bkter\u00fdch\u00a0 voli\u010d\u00edch ANO\u00a0 vyj\u00e1d\u0159ila\u00a0 Jana \u010cernochov\u00e1! \u00a0Podle\u00a0 sou\u010dasn\u00e9\u00a0 ministryn\u011b v\u00e1lky, b\u00fdval\u00fd premi\u00e9r Andrej Babi\u0161 \u00a0sv\u00fdmi p\u0159edvolebn\u00edmi billboardy stra\u0161\u00ed d\u011bti a star\u00e9 lidi v\u00e1lkou. A to v\u0161e za potlesku \u201eotrok\u016f z\u00a0ANO \u201c!<\/p>\n<p>Nehroz\u00ed ale daleko v\u011bt\u0161\u00ed nebezpe\u010d\u00ed, \u017ee m\u00edsto stra\u0161en\u00ed se nejen podporovatel\u00e9 krvela\u010dn\u00e9 vl\u00e1dn\u00ed koalice do\u010dkaj\u00ed\u00a0 v\u00a0\u201ebrzk\u00e9m\u201c obdob\u00ed \u201epovol\u00e1vac\u00edho rozkazu\u201c sm\u011br hranice Ukrajiny?<\/p>\n<p><strong>Miroslav Kavij<\/strong><\/p>\n<p>&nbsp;<\/p>\n<p><img decoding=\"async\" loading=\"lazy\" class=\"wp-image-19187 aligncenter\" src=\"http:\/\/www.infokuryr.cz\/n\/wp-content\/uploads\/2022\/12\/1-PRO-300x36.jpg\" alt=\"\" width=\"1125\" height=\"135\" srcset=\"https:\/\/www.infokuryr.cz\/n\/wp-content\/uploads\/2022\/12\/1-PRO-300x36.jpg 300w, https:\/\/www.infokuryr.cz\/n\/wp-content\/uploads\/2022\/12\/1-PRO.jpg 699w\" sizes=\"(max-width: 1125px) 100vw, 1125px\" \/><\/p>\n<p>&nbsp;<\/p>\n","protected":false},"excerpt":{"rendered":"<p>Trio Pavel, Fiala a \u010cernochov\u00e1 p\u0159edstavuj\u00ed\u00a0 pohromu pro \u010cR Mnoz\u00ed ob\u010dan\u00e9 d\u00e1vno rezignovali na sou\u010dasn\u00e9&#8230;<\/p>\n","protected":false},"author":2,"featured_media":22341,"comment_status":"closed","ping_status":"closed","sticky":false,"template":"","format":"standard","meta":[],"categories":[6],"tags":[29,869,122,99],"_links":{"self":[{"href":"https:\/\/www.infokuryr.cz\/n\/wp-json\/wp\/v2\/posts\/22340"}],"collection":[{"href":"https:\/\/www.infokuryr.cz\/n\/wp-json\/wp\/v2\/posts"}],"about":[{"href":"https:\/\/www.infokuryr.cz\/n\/wp-json\/wp\/v2\/types\/post"}],"author":[{"embeddable":true,"href":"https:\/\/www.infokuryr.cz\/n\/wp-json\/wp\/v2\/users\/2"}],"replies":[{"embeddable":true,"href":"https:\/\/www.infokuryr.cz\/n\/wp-json\/wp\/v2\/comments?post=22340"}],"version-history":[{"count":1,"href":"https:\/\/www.infokuryr.cz\/n\/wp-json\/wp\/v2\/posts\/22340\/revisions"}],"predecessor-version":[{"id":22342,"href":"https:\/\/www.infokuryr.cz\/n\/wp-json\/wp\/v2\/posts\/22340\/revisions\/22342"}],"wp:featuredmedia":[{"embeddable":true,"href":"https:\/\/www.infokuryr.cz\/n\/wp-json\/wp\/v2\/media\/22341"}],"wp:attachment":[{"href":"https:\/\/www.infokuryr.cz\/n\/wp-json\/wp\/v2\/media?parent=22340"}],"wp:term":[{"taxonomy":"category","embeddable":true,"href":"https:\/\/www.infokuryr.cz\/n\/wp-json\/wp\/v2\/categories?post=22340"},{"taxonomy":"post_tag","embeddable":true,"href":"https:\/\/www.infokuryr.cz\/n\/wp-json\/wp\/v2\/tags?post=22340"}],"curies":[{"name":"wp","href":"https:\/\/api.w.org\/{rel}","templated":true}]}}