{"id":2234,"date":"2021-06-04T02:42:46","date_gmt":"2021-06-04T00:42:46","guid":{"rendered":"http:\/\/www.infokuryr.cz\/n\/?p=2234"},"modified":"2021-06-04T02:42:46","modified_gmt":"2021-06-04T00:42:46","slug":"vyzva-vsem-obcanum-cr-hnutim-stranam-a-obcanskym-iniciativam","status":"publish","type":"post","link":"https:\/\/www.infokuryr.cz\/n\/2021\/06\/04\/vyzva-vsem-obcanum-cr-hnutim-stranam-a-obcanskym-iniciativam\/","title":{"rendered":"V\u00fdzva v\u0161em ob\u010dan\u016fm \u010cR, hnut\u00edm, stran\u00e1m a ob\u010dansk\u00fdm iniciativ\u00e1m."},"content":{"rendered":"<div id=\"fb-root\"><\/div>\n<p>Po dne\u0161n\u00edm divadlu ve sn\u011bmovn\u011b, kde v\u0161ichni zcela rozkryli karty a sv\u00e9 \u00famysly, je zcela jasn\u00e9, \u017ee nikomu ve sn\u011bmovn\u011b nejde o ob\u010dany, ale o sv\u00e1 koryta. Tito lid\u00e9, poslanci, rok zcela ostudn\u011b p\u0159ihl\u00ed\u017eeli, jak Babi\u0161ova vl\u00e1da zlo\u010dinecky a bez skrupul\u00ed poru\u0161uje \u00dastavu \u010cR, demokracii a likviduje \u010deskou ekonomiku.<\/p>\n<p>Od revoluce \u010del\u00edme nejvy\u0161\u0161\u00edmu ohro\u017een\u00ed demokracie srovnatelnou s rokem 1948. Mnoho lid\u00ed ob\u011btovalo svoje svobody a ekonomickou nez\u00e1vislost za blahobyt, plnou lednici a p\u00e1r tis\u00edcovek na v\u00edc. Zemi ovl\u00e1daj\u00ed nadn\u00e1rodn\u00ed \u0159et\u011bzce napojen\u00e9 na babi\u0161ovy z\u00e1vody a firmy k\u0161eftuj\u00edc\u00ed se strachem. \u017d\u00e1dn\u00fd kapr si dobrovoln\u011b nevypust\u00ed rybn\u00edk, \u017e\u00e1dn\u00fd politik s totalitn\u00ed moc\u00ed a s podporou policejn\u00edch slo\u017eek se nikdy dobrovoln\u011b nevzd\u00e1 sv\u00e9ho postaven\u00ed. V\u0161em zachutnaly tu\u010dn\u00e9 \u00faplatky od firem k\u0161eftuj\u00edc\u00ed s rou\u0161kami a testy.<\/p>\n<p>Hnut\u00ed Otev\u0159eme \u010cesko- Chc\u00edpl PES je otev\u0159en\u00e1 platforma, kter\u00e1 v\u00edt\u00e1 v\u0161echny ob\u010dany, kte\u0159\u00ed nejsou napojeni na dne\u0161n\u00ed politickou garnituru a Sn\u011bmovnu \u010cR. Kdokoliv m\u016f\u017ee u n\u00e1s kandidovat, kdokoliv se m\u016f\u017ee zapojit do na\u0161eho boje za svobodu a demokracii. Soudy n\u00e1m pomalu d\u00e1vaj\u00ed za pravdu, a to n\u00e1s napl\u0148uje dal\u0161\u00ed energii k boji proti totalitn\u00ed vl\u00e1d\u011b \u010cR. V<\/p>\n<p>P\u00e1tek v 10:00 prob\u011bhne tiskov\u00e1 konference v restauraci \u0160eber\u00e1k, kde chceme p\u0159edstavit partnery, kte\u0159\u00ed n\u00e1s podporuj\u00ed a budovu s n\u00e1mi i na ned\u011bln\u00ed demonstraci od 14:00 na V\u00e1clavsk\u00e9m n\u00e1m\u011bst\u00ed.<\/p>\n<p>Vyu\u017eijte tuto mimo\u0159\u00e1dnou mo\u017enost se zapojit a vystoupit na ned\u011bln\u00ed demonstraci a tak\u00e9 na p\u00e1te\u010dn\u00ed tiskov\u00e9 konferenci.<\/p>\n<p>Kdy\u017e ne te\u010f, tak kdy?<\/p>\n<p><img decoding=\"async\" loading=\"lazy\" class=\"alignnone size-full wp-image-1185\" src=\"http:\/\/www.infokuryr.cz\/n\/wp-content\/uploads\/2021\/04\/kuryr-podpis.png\" alt=\"\" width=\"84\" height=\"24\" \/><\/p>\n<p>&nbsp;<\/p>\n","protected":false},"excerpt":{"rendered":"<p>Po dne\u0161n\u00edm divadlu ve sn\u011bmovn\u011b, kde v\u0161ichni zcela rozkryli karty a sv\u00e9 \u00famysly, je zcela&#8230;<\/p>\n","protected":false},"author":2,"featured_media":2235,"comment_status":"closed","ping_status":"closed","sticky":false,"template":"","format":"standard","meta":[],"categories":[6],"tags":[243,370,538],"_links":{"self":[{"href":"https:\/\/www.infokuryr.cz\/n\/wp-json\/wp\/v2\/posts\/2234"}],"collection":[{"href":"https:\/\/www.infokuryr.cz\/n\/wp-json\/wp\/v2\/posts"}],"about":[{"href":"https:\/\/www.infokuryr.cz\/n\/wp-json\/wp\/v2\/types\/post"}],"author":[{"embeddable":true,"href":"https:\/\/www.infokuryr.cz\/n\/wp-json\/wp\/v2\/users\/2"}],"replies":[{"embeddable":true,"href":"https:\/\/www.infokuryr.cz\/n\/wp-json\/wp\/v2\/comments?post=2234"}],"version-history":[{"count":0,"href":"https:\/\/www.infokuryr.cz\/n\/wp-json\/wp\/v2\/posts\/2234\/revisions"}],"wp:featuredmedia":[{"embeddable":true,"href":"https:\/\/www.infokuryr.cz\/n\/wp-json\/wp\/v2\/media\/2235"}],"wp:attachment":[{"href":"https:\/\/www.infokuryr.cz\/n\/wp-json\/wp\/v2\/media?parent=2234"}],"wp:term":[{"taxonomy":"category","embeddable":true,"href":"https:\/\/www.infokuryr.cz\/n\/wp-json\/wp\/v2\/categories?post=2234"},{"taxonomy":"post_tag","embeddable":true,"href":"https:\/\/www.infokuryr.cz\/n\/wp-json\/wp\/v2\/tags?post=2234"}],"curies":[{"name":"wp","href":"https:\/\/api.w.org\/{rel}","templated":true}]}}