{"id":2232,"date":"2021-06-04T02:39:54","date_gmt":"2021-06-04T00:39:54","guid":{"rendered":"http:\/\/www.infokuryr.cz\/n\/?p=2232"},"modified":"2021-06-04T02:39:54","modified_gmt":"2021-06-04T00:39:54","slug":"strana-trikolora-svobodni-soukromnici-bojuje-za-zachovani-ceske-koruny","status":"publish","type":"post","link":"https:\/\/www.infokuryr.cz\/n\/2021\/06\/04\/strana-trikolora-svobodni-soukromnici-bojuje-za-zachovani-ceske-koruny\/","title":{"rendered":"Strana \u201eTrikolora Svobodn\u00ed Soukromn\u00edci\u201c bojuje za zachov\u00e1n\u00ed \u010desk\u00e9 koruny"},"content":{"rendered":"<div id=\"fb-root\"><\/div>\n<p><strong>Praha, 3. \u010dervna2021 &#8211; Strana \u201eTrikolora Svobodn\u00ed Soukromn\u00edci\u201c vyraz\u00ed nap\u0159\u00ed\u010d \u010ceskou republikou za zachov\u00e1n\u00ed \u010desk\u00e9 koruny. Reaguje tak na vyj\u00e1d\u0159en\u00ed a odhodl\u00e1n\u00ed n\u011bkter\u00fdch vl\u00e1dn\u00edch i opozi\u010dn\u00edch stran, kter\u00e9 cht\u011bj\u00ed prosadit zaveden\u00ed eura. Na sv\u00e9 \u201etour\u201c nav\u0161t\u00edv\u00ed dvacet osm m\u011bst, kde \u00a0budou sb\u00edrat podpisy pod petici\u00a0<\/strong><a href=\"http:\/\/za-korunu.cz\/\"><strong>za-korunu.cz<\/strong><\/a><strong><u>. <\/u><\/strong><\/p>\n<p>Prvn\u00ed zastaven\u00ed se uskute\u010dn\u00ed u\u017e <strong>v\u00a0p\u00e1tek 4.6. v\u00a0M\u011bln\u00edku<\/strong>. \u201eTour\u201c bude zavr\u0161ena <strong>ve \u010dtvrtek 24.6. v Praze \u2013 Florenc<\/strong>. Ve\u0159ejnost se tak m\u016f\u017ee s\u00a0touto problematikou v\u00edce sezn\u00e1mit, osobn\u011b se setkat s\u00a0l\u00eddry uskupen\u00ed a spole\u010dn\u011b podpo\u0159it petici. Lid\u00e9 na m\u00edst\u011b obdr\u017e\u00ed za podpis 1 korunu \u00a0\u00a0\u00a0\u00a0\u00a0\u00a0\u00a0\u00a0\u00a0\u00a0\u00a0\u00a0\u00a0\u00a0\u00a0\u00a0\u00a0\u00a0\u00a0\u00a0\u00a0\u00a0\u00a0\u00a0\u00a0\u00a0\u00a0\u00a0\u00a0\u00a0\u00a0\u00a0\u00a0\u00a0\u00a0\u00a0\u00a0\u00a0\u00a0\u00a0\u00a0a ocen\u011bn\u00ed &#8222;hrdina \u010desk\u00e9 koruny&#8220;.<\/p>\n<p><strong>Stanovisko strany \u201eTrikolora Svobodn\u00ed Soukromn\u00edci\u201c je toti\u017e v\u00a0t\u00e9to v\u011bci jednozna\u010dn\u00e9: <\/strong>Koruna pat\u0159\u00ed k \u010cesk\u00e9 republice, stejn\u011b jako pat\u0159\u00ed koruna na hlavu \u010desk\u00e9ho lva &#8211; naopak na hlavu lva nepat\u0159\u00ed ani rud\u00e1 hv\u011bzda, ani 12 hv\u011bzd \u017elut\u00fdch.<\/p>\n<p><em>\u201eChceme zachovat m\u011bnovou konkurenci, aby si lid\u00e9 mohli vyb\u00edrat, \u010d\u00edm budou platit, tak\u017ee je nutn\u00e9 zachovat \u010deskou korunu, kter\u00e1 je pro n\u00e1s nav\u00edc v\u00fdhodn\u00e1 i makroekonomicky. \u010c\u00edm v\u011bt\u0161\u00ed v\u00fdb\u011br, t\u00edm v\u011bt\u0161\u00ed svoboda, a proto vn\u00edm\u00e1me zav\u00e1d\u011bn\u00ed mo\u017enosti platit kryptom\u011bnami, jako je t\u0159eba i Bitcoin, za pozitivn\u00ed. Chceme rozvolnit z\u00e1kony, kter\u00e9 nut\u00ed lidi nap\u0159. platit nejnutn\u011bj\u0161\u00ed polo\u017eky jen v\u00a0korun\u00e1ch. To chceme nechat na domluv\u011b soukrom\u00fdch osob. Z\u00e1rove\u0148 podporujeme \u00fastavn\u00ed ochranu platby v\u00a0hotovosti,\u201c<\/em> uvedl <strong>Libor <\/strong><strong>Vondr\u00e1\u010dek, <\/strong><strong>p\u0159edseda strany Svobodn\u00fdch. <\/strong><\/p>\n<p><strong>V\u00a0p\u0159\u00edpad\u011b p\u0159ijet\u00ed eura hroz\u00ed s\u00a0velkou pravd\u011bpodobnost\u00ed v\u00fdrazn\u00e9 zdra\u017een\u00ed.\u00a0 <\/strong><\/p>\n<p><em>\u201ePokud ud\u011bl\u00e1me opak sv\u011b\u0159\u00edme dal\u0161\u00ed v\u00fdznamnou \u010d\u00e1st na\u0161\u00ed suverenity do rukou nik\u00fdm nevolen\u00fdch \u00fa\u0159edn\u00edk\u016f v Bruselu. Dnes si sice znehodnocujeme m\u011bnu sami, ale pokud bychom to cht\u011bli p\u0159estat d\u011blat, m\u016f\u017eeme, po p\u0159ijeti eura u\u017e to nebudeme moci p\u0159ehodnotit. Zku\u0161enost Slov\u00e1k\u016f je takov\u00e1, \u017ee po p\u0159ijet\u00ed eura se v\u00fdrazn\u011b podra\u017eilo. Fixovan\u00fd kurz t\u011bsn\u011b p\u0159ed v\u00fdm\u011bnou pro n\u011b byl nev\u00fdhodn\u00fd, lze p\u0159edpokl\u00e1dat, \u017ee podobn\u011b by to mohlo b\u00fdt u n\u00e1s. Ka\u017ed\u00fd si dnes m\u016f\u017ee vybrat, co je pro n\u011bj lep\u0161\u00ed m\u011bna a t\u00edmto krokem by byla zmen\u0161ena mo\u017enost volby a sn\u00ed\u017eena m\u011bnov\u00e1 konkurence,\u201c<\/em> doplnil <strong>Libor <\/strong><strong>Vondr\u00e1\u010dek, <\/strong><strong>p\u0159edseda strany Svobodn\u00fdch.<\/strong><\/p>\n<p><img decoding=\"async\" loading=\"lazy\" class=\"alignnone size-full wp-image-1185\" src=\"http:\/\/www.infokuryr.cz\/n\/wp-content\/uploads\/2021\/04\/kuryr-podpis.png\" alt=\"\" width=\"84\" height=\"24\" \/><\/p>\n<p>&nbsp;<\/p>\n","protected":false},"excerpt":{"rendered":"<p>Praha, 3. \u010dervna2021 &#8211; Strana \u201eTrikolora Svobodn\u00ed Soukromn\u00edci\u201c vyraz\u00ed nap\u0159\u00ed\u010d \u010ceskou republikou za zachov\u00e1n\u00ed \u010desk\u00e9&#8230;<\/p>\n","protected":false},"author":2,"featured_media":2233,"comment_status":"closed","ping_status":"closed","sticky":false,"template":"","format":"standard","meta":[],"categories":[6],"tags":[204,466,462,465],"_links":{"self":[{"href":"https:\/\/www.infokuryr.cz\/n\/wp-json\/wp\/v2\/posts\/2232"}],"collection":[{"href":"https:\/\/www.infokuryr.cz\/n\/wp-json\/wp\/v2\/posts"}],"about":[{"href":"https:\/\/www.infokuryr.cz\/n\/wp-json\/wp\/v2\/types\/post"}],"author":[{"embeddable":true,"href":"https:\/\/www.infokuryr.cz\/n\/wp-json\/wp\/v2\/users\/2"}],"replies":[{"embeddable":true,"href":"https:\/\/www.infokuryr.cz\/n\/wp-json\/wp\/v2\/comments?post=2232"}],"version-history":[{"count":0,"href":"https:\/\/www.infokuryr.cz\/n\/wp-json\/wp\/v2\/posts\/2232\/revisions"}],"wp:featuredmedia":[{"embeddable":true,"href":"https:\/\/www.infokuryr.cz\/n\/wp-json\/wp\/v2\/media\/2233"}],"wp:attachment":[{"href":"https:\/\/www.infokuryr.cz\/n\/wp-json\/wp\/v2\/media?parent=2232"}],"wp:term":[{"taxonomy":"category","embeddable":true,"href":"https:\/\/www.infokuryr.cz\/n\/wp-json\/wp\/v2\/categories?post=2232"},{"taxonomy":"post_tag","embeddable":true,"href":"https:\/\/www.infokuryr.cz\/n\/wp-json\/wp\/v2\/tags?post=2232"}],"curies":[{"name":"wp","href":"https:\/\/api.w.org\/{rel}","templated":true}]}}