{"id":22316,"date":"2023-02-05T01:19:43","date_gmt":"2023-02-05T00:19:43","guid":{"rendered":"http:\/\/www.infokuryr.cz\/n\/?p=22316"},"modified":"2023-02-04T19:36:17","modified_gmt":"2023-02-04T18:36:17","slug":"general-z-kancelare-pavel-se-vali-v-duchodu-od-56-let-tem-kteri-drou-ordinuje-odchod-v-68-letech","status":"publish","type":"post","link":"https:\/\/www.infokuryr.cz\/n\/2023\/02\/05\/general-z-kancelare-pavel-se-vali-v-duchodu-od-56-let-tem-kteri-drou-ordinuje-odchod-v-68-letech\/","title":{"rendered":"Gener\u00e1l z kancel\u00e1\u0159e Pavel se v\u00e1l\u00ed v d\u016fchodu od 56 let, t\u011bm, kte\u0159\u00ed d\u0159ou, ordinuje odchod v 68 l\u00e9tech!"},"content":{"rendered":"<div id=\"fb-root\"><\/div>\n<div class=\"introtext\">\n<p><strong>A v kolika \u0161la do d\u016fchodu jeho politru\u010dka soudru\u017eka man\u017eelka Eva? Jak\u00fd p\u0159\u00ednos byla jej\u00ed politruck\u00e1 anga\u017eovanost pro \u010desk\u00e9ho ob\u010dana? Nebo snad gener\u00e1l otev\u0159en\u011b pos\u00edl\u00e1 v\u00fdsluhy na pomoc Ukrajin\u011b, kdy\u017e to vynucuje od t\u011bch nejchud\u0161\u00edch p\u0159es st\u00e1tn\u00ed \u00fa\u010det?<\/strong><\/p>\n<\/div>\n<div class=\"fulltext\">\n<p>Co kdyby \u0161el p\u0159\u00edkladem a co si nahrabal, poslal na Ukrajinu jako\u00a0<span style=\"color: #ff0000;\"><strong>VELK\u00dd V\u016eDCE<\/strong>?<\/span> Ptaj\u00ed se lid\u00e9 v \u010cernou\u0161ku?<\/p>\n<h3><span style=\"font-size: 18pt; color: #ff0000;\">Do roku 2018 byl pouze \u00fa\u0159edn\u00edk v kanclu.<\/span><\/h3>\n<table>\n<tbody>\n<tr>\n<td>\u00a0V letech 2007\u20132009 byl z\u00e1stupcem vojensk\u00e9ho p\u0159edstavitele \u010cesk\u00e9 republiky p\u0159i\u00a0<a title=\"Evropsk\u00e1 unie\" href=\"https:\/\/cs.wikipedia.org\/wiki\/Evropsk%C3%A1_unie\">Evropsk\u00e9 unii<\/a>\u00a0v\u00a0Bruselu a n\u00e1sledn\u011b v letech 2010\u20132011 z\u00e1stupcem \u010cesk\u00e9 republiky na\u00a0<a title=\"Vrchn\u00ed velitelstv\u00ed spojeneck\u00fdch sil v Evrop\u011b\" href=\"https:\/\/cs.wikipedia.org\/wiki\/Vrchn%C3%AD_velitelstv%C3%AD_spojeneck%C3%BDch_sil_v_Evrop%C4%9B\">Vrchn\u00edm velitelstv\u00ed spojeneck\u00fdch sil v Evrop\u011b<\/a>\u00a0u belgick\u00e9ho\u00a0<a title=\"Mons\" href=\"https:\/\/cs.wikipedia.org\/wiki\/Mons\">Monsu<\/a>. A stal se prvn\u00edm odborn\u00fdm poradcem gener\u00e1ln\u00edho tajemn\u00edka\u00a0<a title=\"Jens Stoltenberg\" href=\"https:\/\/cs.wikipedia.org\/wiki\/Jens_Stoltenberg\">Jense Stoltenberga<\/a>. Do roku 2018. V 56 l\u00e9tech (rok 2018) byl prac\u00ed stra\u0161n\u011b unaven.<\/td>\n<\/tr>\n<\/tbody>\n<\/table>\n<div class=\"row-main in-viewport\" data-uniqid=\"inv5\">\n<div class=\"col col-1-12 grid-12-12\">\n<div class=\"block block-inline block-key-value\" data-lb=\"region\" data-lb-id=\"sections.0.rows.3.columns.0.regions.0\">\n<p>Datum narozen\u00ed: 1. listopadu 1961<\/p>\n<\/div>\n<\/div>\n<\/div>\n<h3>13. 9. 2018 na Aktu\u00e1ln\u011b.cz<\/h3>\n<h2><span style=\"color: #ff0000;\"><strong>Petr Pavel (56) odch\u00e1z\u00ed do d\u016fchodu<\/strong><\/span><\/h2>\n<p>\u010cesk\u00fd\u00a0voj\u00e1k, hodnost\u00ed arm\u00e1dn\u00ed gener\u00e1l. Do \u010dervna byl p\u0159edsedou vojensk\u00e9ho v\u00fdboru v NATO, co\u017e je nejvy\u0161\u0161\u00ed vojensk\u00fd post v alianci. P\u0159edt\u00edm byl v letech 2012 a\u017e 2015\u00a0n\u00e1\u010deln\u00edkem\u00a0Gener\u00e1ln\u00edho \u0161t\u00e1bu Arm\u00e1dy \u010cesk\u00e9 republiky.<\/p>\n<p><em><a href=\"https:\/\/zpravy.aktualne.cz\/petr-pavel\/l~i:keyword:122821\/\" type=\"tag\">Petr Pavel<\/a>:\u00a0<\/em>T\u00edmto dnem odch\u00e1z\u00edm nejenom do vojensk\u00e9ho, ale jak jsem se dozv\u011bd\u011bl, tak i starobn\u00edho d\u016fchodu.<\/p>\n<div class=\"article-meta\"><strong><span class=\"article-meta-created\"><time class=\"article-meta-value\"><span class=\"timestamp-before-js\" data-datetime=\"1435769880\">1. 7. 2015<\/span><\/time><\/span><\/strong><\/div>\n<div>\n<h3 class=\"heading article-title view-main\"><strong><span style=\"font-size: 18pt;\">Voj\u00e1ci maj\u00ed nov\u00fd syst\u00e9m plat\u016f, gener\u00e1l m\u00e1 z\u00e1klad 100 tis\u00edc<\/span><\/strong><\/h3>\n<\/div>\n<p>D\u00e1le v\u00fd\u0161e p\u0159\u00edsp\u011bvk\u016f byla od 9000 do 21 000 korun m\u011bs\u00ed\u010dn\u011b, nejvy\u0161\u0161\u00ed p\u0159ipad\u00e1 n\u00e1\u010deln\u00edkovi gener\u00e1ln\u00edho \u0161t\u00e1bu a p\u0159edsedovi Vojensk\u00e9ho v\u00fdboru NATO.<\/p>\n<p><span class=\"c_dA\">Podle arm\u00e1dn\u00edch regul\u00ed nav\u00edc ka\u017ed\u00fd, kdo odejde z\u00a0arm\u00e1dy nejm\u00e9n\u011b po patn\u00e1cti letech a nebyl vyhozen, z\u00edsk\u00e1 odchodn\u00e9 a\u017e \u0161estin\u00e1sobek hrub\u00e9ho platu. U\u00a0gener\u00e1l\u016f tak m\u016f\u017ee odchodn\u00e9 dosahovat a\u017e 200 tis\u00edc korun.<\/span><\/p>\n<p><strong><span style=\"color: #ff0000; font-size: 18pt;\">Tak\u017ee tento gener\u00e1l, co se l\u00e9ta v\u00e1lel ve \u0161t\u00e1bu, je hrdinou chud\u00fdch \u010desk\u00fdch ob\u010dan\u016f, kter\u00fdm vykl\u00e1d\u00e1, jak je spr\u00e1vn\u00e9 utrhovat si od \u00fast a j\u00edt do d\u016fchodu v 68 l\u00e9tech. Ten \u010desk\u00fd a moravsk\u00fd voli\u010d je geni\u00e1ln\u00ed&#8230;<\/span><br \/>\n<\/strong><\/p>\n<h2><b>Plat budouc\u00edho prezidenta<br \/>\n<\/b><\/h2>\n<p>Prezident v\u00a0sou\u010dasn\u00e9 dob\u011b pob\u00edr\u00e1 m\u011bs\u00ed\u010dn\u011b 341 200 korun. To je o t\u00e9m\u011b\u0159 39 tis\u00edc v\u00edce ne\u017e loni, od ledna toti\u017e politik\u016fm v\u00a0\u010cesku platy vzrostly. To ale nen\u00ed v\u0161echno, n\u00e1rok m\u00e1 i na v\u00edce\u00fa\u010delovou pau\u0161\u00e1ln\u00ed n\u00e1hradu. Ta letos dosahuje 235 200 korun m\u011bs\u00ed\u010dn\u011b a pou\u017e\u00edt ji m\u016f\u017ee nap\u0159\u00edklad na reprezentaci, administrativn\u00ed pr\u00e1ce nebo odbornou literaturu. Plat hlavy st\u00e1tu p\u0159itom sice podl\u00e9h\u00e1 zdan\u011bn\u00ed, neodv\u00e1d\u00ed se z n\u011bj ale zdravotn\u00ed a soci\u00e1ln\u00ed poji\u0161t\u011bn\u00ed.<\/p>\n<p>Pak za\u010dne pob\u00edrat m\u011bs\u00ed\u010dn\u00ed rentu, kter\u00e1 je 50 tis\u00edc korun. Ty mu bude st\u00e1t vypl\u00e1cet pravideln\u011b a\u017e do konce jeho \u017eivota. Do\u017eivotn\u00ed renta ale nen\u00ed z\u00a0finan\u010dn\u00ed str\u00e1nky jedin\u00e9, na co m\u00e1 prezident po odchodu z\u00a0funkce n\u00e1rok. Krom\u011b toho je\u0161t\u011b m\u011bs\u00ed\u010dn\u011b pob\u00edr\u00e1 dal\u0161\u00edch 50 tis\u00edc korun jako v\u00edce\u00fa\u010delovou pau\u0161\u00e1ln\u00ed n\u00e1hradu, kter\u00e1 kryje zejm\u00e9na n\u00e1jemn\u00e9 kancel\u00e1\u0159e nebo odm\u011bnu pro asistenta.<\/p>\n<div>\n<div class=\"\" dir=\"auto\">\n<div id=\"jsc_c_2m\" class=\"x1iorvi4 x1pi30zi x1swvt13 xjkvuk6\" data-ad-comet-preview=\"message\" data-ad-preview=\"message\">\n<div class=\"x78zum5 xdt5ytf xz62fqu x16ldp7u\">\n<div class=\"xu06os2 x1ok221b\">\n<div class=\"x11i5rnm xat24cr x1mh8g0r x1vvkbs xdj266r x126k92a\">\n<p dir=\"auto\"><span style=\"font-size: 18pt;\"><strong>Mat\u011bj Stropnick\u00fd:<\/strong><\/span><\/p>\n<\/div>\n<div class=\"x11i5rnm xat24cr x1mh8g0r x1vvkbs xtlvy1s x126k92a\">\n<p dir=\"auto\">prezident Eskal\u00e1tor. Petr Pavel, &#8222;sv\u011btov\u00fd diplomat&#8220;, je\u0161t\u011b neslo\u017eil slib a u\u017e stihl na\u0161tvat \u010c\u00ednu (potlesk v liber\u00e1ln\u00edch kruz\u00edch). Vz\u00e1p\u011bt\u00ed ozn\u00e1mil, \u017ee Ukrajina pat\u0159\u00ed do NATO (liber\u00e1ln\u00ed kruhy vst\u00e1vaj\u00ed nad\u0161en\u00edm ze \u017eidl\u00ed), pokra\u010doval t\u00edm, \u017ee pro n\u011bj nejsou tabu ani dod\u00e1vky st\u00edha\u010dek (p\u0159itom to v\u010dera odm\u00edtl i prezident Biden, liber\u00e1ln\u00ed kruhy skanduj\u00ed st\u0159\u00eddav\u011b diplomat a hrdina) a uzav\u0159el, \u017ee vlastn\u011b pro zbrojn\u00ed dod\u00e1vky z jeho pohledu neexistuj\u00ed &#8222;t\u00e9m\u011b\u0159 \u017e\u00e1dn\u00e9 limity&#8220; (prvn\u00ed \u0159ady omdl\u00e9vaj\u00ed blahem, zvl\u00e1\u0161t\u011b &#8222;novin\u00e1\u0159i&#8220;). Na\u0161t\u011bst\u00ed neum\u00ed tu v\u00e1lku vyeskalovat s\u00e1m. Bude na ni ale tla\u010dit a z\u0159ejm\u011b bude eskal\u00e1torem-pr\u016fzkumn\u00edkem i tehdy, kdy\u017e budou Spojen\u00e9 st\u00e1ty je\u0161t\u011b zdr\u017eenliv\u00e9. Billboardy nelhaly.<\/p>\n<div>\u00a0<img decoding=\"async\" loading=\"lazy\" class=\"aligncenter\" src=\"https:\/\/www.skrytapravda.cz\/images\/blogy\/2951\/2023\/2unor\/327174823_711416873842411_1001659284533686501_n_72d35.webp\" alt=\"327174823 711416873842411 1001659284533686501 n 72d35\" width=\"648\" height=\"915\" \/><\/div>\n<div><strong>Prost\u011b pan gener\u00e1l a vojensk\u00e1 \u010dest je n\u011bco tak vzd\u00e1len\u00e9ho, jako slune\u010dn\u00ed soustavy pro obyvatele planety Zem\u011b.<\/strong><\/div>\n<div>\n<h2 class=\"c_aC c_aE e_aC\">Jedin\u00ed v\u00a0NATO<\/h2>\n<div class=\"e_di\" data-lqormjrqsjoosmkrnlm=\"mol-paragraph\">\n<p class=\"c_di\"><span class=\"c_dA\"><strong>Z d\u0159\u00edv\u011bj\u0161ka lze dohledat a to byly polovi\u010dn\u00ed platy:<\/strong>\u00a0podle analytika Jana Eichlera, kter\u00fd pracuje v\u00a0\u00dastavu mezin\u00e1rodn\u00edch vztah\u016f, je \u010desk\u00e1 arm\u00e1da jedinou z\u00a0evropsk\u00fdch zem\u00ed Severoatlantick\u00e9 aliance, kde odchod z\u00a0arm\u00e1dy je tak lukrativn\u00ed. &#8222;V evropsk\u00fdch arm\u00e1d\u00e1ch NATO je to tak, \u017ee voj\u00e1k m\u00e1 n\u00e1rok na v\u00fdsluhov\u00fd p\u0159\u00edsp\u011bvek, ale v\u00a0pln\u00e9m rozsahu jenom potud, pokud jde do soukrom\u00e9ho prostoru. Pokud odch\u00e1z\u00ed do st\u00e1tn\u00edho sektoru, nesm\u00ed jeho v\u00fdsluhov\u00fd p\u0159\u00edsp\u011bvek a nov\u00fd plat p\u0159es\u00e1hnout plat kter\u00fd m\u011bl, kdy\u017e opou\u0161t\u011bl arm\u00e1du,&#8220; \u0159ekl Pr\u00e1vu Eichler. Dodal, \u017ee pokud m\u00e1 b\u00fdval\u00fd voj\u00e1k na nov\u00e9m m\u00edst\u011b ve st\u00e1tn\u00ed sf\u00e9\u0159e men\u0161\u00ed plat ne\u017e m\u011bl, tak se mu srovn\u00e1v\u00e1 do v\u00fd\u0161e jeho p\u016fvodn\u00edho platu z\u00a0pen\u011bz na v\u00fdsluhov\u00fd p\u0159\u00edsp\u011bvek.<\/span><\/p>\n<\/div>\n<\/div>\n<\/div>\n<\/div>\n<\/div>\n<\/div>\n<\/div>\n<\/div>\n<p><span style=\"font-size: 18pt; color: #ff0000;\"><strong>Ale co jste si zvolili, to m\u00e1te. Bohu\u017eel za &#8222;inteligentn\u00ed voli\u010de&#8220; budeme trp\u011bt v\u0161ichni.<\/strong><\/span><\/p>\n<p><span style=\"font-size: 18pt;\"><strong><em>Souvisej\u00edc\u00ed d\u016fkazy:<\/em> <\/strong><em><a href=\"https:\/\/www.google.com\/url?sa=t&amp;rct=j&amp;q=&amp;esrc=s&amp;source=web&amp;cd=&amp;ved=2ahUKEwjTj7aOp_z8AhXWgSoKHYYQBEEQFnoECA8QAQ&amp;url=https%3A%2F%2Farchiv.hn.cz%2Fc1-67166820-duchody-podle-prezidenta-za-pavlem-stoji-matador-bezdek-chce-zvysit-vek-a-naucit-se-sporit&amp;usg=AOvVaw38dCgLnlxzo_cFd3_UI4hG\" target=\"_blank\" rel=\"noopener\" data-jsarwt=\"1\" data-usg=\"AOvVaw38dCgLnlxzo_cFd3_UI4hG\" data-ved=\"2ahUKEwjTj7aOp_z8AhXWgSoKHYYQBEEQFnoECA8QAQ\" data-ctbtn=\"0\" data-cthref=\"\/url?sa=t&amp;rct=j&amp;q=&amp;esrc=s&amp;source=web&amp;cd=&amp;ved=2ahUKEwjTj7aOp_z8AhXWgSoKHYYQBEEQFnoECA8QAQ&amp;url=https%3A%2F%2Farchiv.hn.cz%2Fc1-67166820-duchody-podle-prezidenta-za-pavlem-stoji-matador-bezdek-chce-zvysit-vek-a-naucit-se-sporit&amp;usg=AOvVaw38dCgLnlxzo_cFd3_UI4hG\" data-jrwt=\"1\">Penze podle prezidenta. Za Pavlem stoj\u00ed matador Bezd\u011bk &#8230;<\/a><\/em><\/span><\/p>\n<p><a href=\"https:\/\/www.skrytapravda.cz\/z-domova\/1057-general-z-kancelare-pavel-se-vali-v-duchodu-od-56-let-tem-kteri-drou-ordinuje-odchod-v-68-letech\">Petr Pokorn\u00fd<\/a><\/p>\n<\/div>\n<p>&nbsp;<\/p>\n<p><img decoding=\"async\" loading=\"lazy\" class=\"wp-image-19187 aligncenter\" src=\"http:\/\/www.infokuryr.cz\/n\/wp-content\/uploads\/2022\/12\/1-PRO-300x36.jpg\" alt=\"\" width=\"1117\" height=\"134\" srcset=\"https:\/\/www.infokuryr.cz\/n\/wp-content\/uploads\/2022\/12\/1-PRO-300x36.jpg 300w, https:\/\/www.infokuryr.cz\/n\/wp-content\/uploads\/2022\/12\/1-PRO.jpg 699w\" sizes=\"(max-width: 1117px) 100vw, 1117px\" \/><\/p>\n<p>&nbsp;<\/p>\n","protected":false},"excerpt":{"rendered":"<p>A v kolika \u0161la do d\u016fchodu jeho politru\u010dka soudru\u017eka man\u017eelka Eva? Jak\u00fd p\u0159\u00ednos byla jej\u00ed&#8230;<\/p>\n","protected":false},"author":2,"featured_media":22317,"comment_status":"closed","ping_status":"closed","sticky":false,"template":"","format":"standard","meta":[],"categories":[6],"tags":[562,1803,3989,1173,165,180],"_links":{"self":[{"href":"https:\/\/www.infokuryr.cz\/n\/wp-json\/wp\/v2\/posts\/22316"}],"collection":[{"href":"https:\/\/www.infokuryr.cz\/n\/wp-json\/wp\/v2\/posts"}],"about":[{"href":"https:\/\/www.infokuryr.cz\/n\/wp-json\/wp\/v2\/types\/post"}],"author":[{"embeddable":true,"href":"https:\/\/www.infokuryr.cz\/n\/wp-json\/wp\/v2\/users\/2"}],"replies":[{"embeddable":true,"href":"https:\/\/www.infokuryr.cz\/n\/wp-json\/wp\/v2\/comments?post=22316"}],"version-history":[{"count":1,"href":"https:\/\/www.infokuryr.cz\/n\/wp-json\/wp\/v2\/posts\/22316\/revisions"}],"predecessor-version":[{"id":22318,"href":"https:\/\/www.infokuryr.cz\/n\/wp-json\/wp\/v2\/posts\/22316\/revisions\/22318"}],"wp:featuredmedia":[{"embeddable":true,"href":"https:\/\/www.infokuryr.cz\/n\/wp-json\/wp\/v2\/media\/22317"}],"wp:attachment":[{"href":"https:\/\/www.infokuryr.cz\/n\/wp-json\/wp\/v2\/media?parent=22316"}],"wp:term":[{"taxonomy":"category","embeddable":true,"href":"https:\/\/www.infokuryr.cz\/n\/wp-json\/wp\/v2\/categories?post=22316"},{"taxonomy":"post_tag","embeddable":true,"href":"https:\/\/www.infokuryr.cz\/n\/wp-json\/wp\/v2\/tags?post=22316"}],"curies":[{"name":"wp","href":"https:\/\/api.w.org\/{rel}","templated":true}]}}