{"id":22313,"date":"2023-02-05T01:17:00","date_gmt":"2023-02-05T00:17:00","guid":{"rendered":"http:\/\/www.infokuryr.cz\/n\/?p=22313"},"modified":"2023-02-04T19:16:48","modified_gmt":"2023-02-04T18:16:48","slug":"stanislav-a-hosek-zadumani-nad-vojenskou-cti-generala-pavla","status":"publish","type":"post","link":"https:\/\/www.infokuryr.cz\/n\/2023\/02\/05\/stanislav-a-hosek-zadumani-nad-vojenskou-cti-generala-pavla\/","title":{"rendered":"Stanislav A. Ho\u0161ek: Zadum\u00e1n\u00ed nad vojenskou ct\u00ed gener\u00e1la Pavla"},"content":{"rendered":"<div id=\"fb-root\"><\/div>\n<p><span style=\"font-size: 18pt;\"><strong>O p\u0159\u00edslu\u0161nost k\u00a0\u010deskoslovensk\u00e9 lidov\u00e9 arm\u00e1d\u011b.<\/strong><\/span><\/p>\n<p>Gener\u00e1l Petr Pavel, dnes u\u017e zvolen\u00fd kandid\u00e1t prezidentsk\u00e9ho \u00fa\u0159adu nejen\u017ee poch\u00e1z\u00ed z\u00a0vojensk\u00e9 rodiny, ale jeho otec to dot\u00e1hl ve funkci zpravodajce, konkr\u00e9tn\u011b velitele elektronick\u00e9ho pr\u016fzkumu, a\u017e na hodnost plukovn\u00edka. Ta je v\u0161eobecn\u011b pova\u017eov\u00e1na za nejvy\u0161\u0161\u00ed \u010dist\u011b vojenskou hodnot, proto\u017ee gener\u00e1lov\u00e9 u\u017e nejsou pouze vojenskou hodnost\u00ed, ale p\u0159edev\u0161\u00edm moci oddanou politickou osobnost\u00ed. P.P. za\u010dal svou vojenskou kari\u00e9ru u\u017e ve sv\u00fdch 14ti letech studiem vojensk\u00e9ho gymn\u00e1zia. Z\u00a0n\u011bho bezprost\u0159edn\u011b za\u010dal studovat na Vysok\u00e9 vojensk\u00e9 \u0161kole ve Vy\u0161kov\u011b. Posledn\u00ed jeho hodnost\u00ed v\u00a0\u010ceskoslovensk\u00e9 lidov\u00e9 arm\u00e1d\u011b byla hodnost kapit\u00e1na a funkce velitele v\u00fdsadkov\u00e9 pr\u016fzkumn\u00e9 roty. V\u00a0roce 1983 podal p\u0159ihl\u00e1\u0161ku do KS\u010c a po dvoulet\u00e9 kandid\u00e1tsk\u00e9 lh\u016ft\u011b se 13. \u00fanora stal jej\u00edm \u010dlenem a hned funkcion\u00e1\u0159em u \u00fatvaru. Je\u0161t\u011b za nadvl\u00e1dy KS\u010c se za\u010dal p\u0159ipravovat ve speci\u00e1ln\u00edm kurzu na dr\u00e1hu p\u0159\u00edslu\u0161n\u00edka vojensk\u00e9 rozv\u011bdky pracuj\u00edc\u00edho v\u00a0zahrani\u010d\u00ed. Co\u017e p\u0159edstavuje exkluzivitu trojn\u00e1sobn\u00e9ho \u0159\u00e1du. Byl jako voj\u00e1k exkluzivn\u00edm ob\u010danem, jako rozv\u011bd\u010d\u00edk exkluzivn\u00edm voj\u00e1kem a jako zahrani\u010dn\u00ed \u0161pion m\u011bl b\u00fdt exkluzivn\u00edm rozv\u011bd\u010d\u00edkem. Ona exkluzivita spo\u010d\u00edvala nejen ve v\u011brnosti, ale i naprost\u00e9 d\u016fv\u011bryhodnosti a v\u00a0neposledn\u00ed \u0159ad\u011b v aktivn\u00edm pot\u00edr\u00e1n\u00ed nep\u0159\u00e1tel KS\u010c, socialistick\u00e9ho re\u017eimu a t\u00e1bora Var\u0161avsk\u00e9 smlouvy.<\/p>\n<p><span style=\"font-size: 18pt;\"><strong>Pro m\u011b jsou z uveden\u00e9ho obdob\u00ed d\u016fle\u017eit\u00e9 tyto prvky:<\/strong><\/span><\/p>\n<ol>\n<li>Po cel\u00e9 d\u011btstv\u00ed vojensk\u00e1 rodinn\u00e1 v\u00fdchova,<\/li>\n<li>cel\u00e9 ml\u00e1d\u00ed \u017eivot ve vojensk\u00e9m prost\u0159ed\u00ed,<\/li>\n<li>studium na profesi d\u016fstojn\u00edka,<\/li>\n<li>vstup do KS\u010c v\u00a0obdob\u00ed normalizace, \u010dti z\u00a0kari\u00e9rn\u00edch, a ne ideov\u00fdch d\u016fvod\u016f.<\/li>\n<\/ol>\n<p>D\u016fstojn\u00edk je v\u00a0m\u00fdch p\u0159edstav\u00e1ch \u010dlov\u011bk pevn\u00e9ho charakteru s\u00a0dominanc\u00ed odvahy, disciplinovanosti, \u010destnosti \u010dili v\u011brnosti sv\u00fdm slib\u016fm, p\u0159edev\u0161\u00edm vojensk\u00e9 p\u0159\u00edsaze. Co\u017e jsou atributy jeho chlouby, j\u00ed\u017e se \u0159\u00edk\u00e1 \u201ed\u016fstojnick\u00e1 \u010dest\u201c.<\/p>\n<p>Pan gener\u00e1l P.P. p\u0159\u00edsahal jako p\u0159\u00edslu\u0161n\u00edk \u010ceskoslovensk\u00e9 lidov\u00e9 arm\u00e1dy (\u010cSLA). Doslovn\u00fd text p\u0159\u00edsahy si lze dohledat kup\u0159\u00edkladu na webu <strong><a href=\"http:\/\/www.csla.cz\/vojenskasluzba\/vzs\/prisaha.htm\">ZDE<\/a> <\/strong>.<\/p>\n<p><span style=\"font-size: 18pt;\"><strong>Pro tento text je d\u016fle\u017eit\u00e9 \u017ee p\u0159\u00edsahal:<\/strong><\/span><\/p>\n<ol>\n<li>v\u011brnost pracuj\u00edc\u00edmu lidu veden\u00e9mu KS\u010c,<\/li>\n<li>br\u00e1nit svou vlast a jej\u00ed socialistick\u00fd \u0159\u00e1d proti ka\u017ed\u00e9mu nep\u0159\u00edteli,<\/li>\n<li>nasadit i sv\u016fj \u017eivot v\u00a0boji proti nep\u0159\u00e1tel\u016fm socialismu i v\u00a0ostatn\u00edch socialistick\u00fdch zem\u00edch.<\/li>\n<\/ol>\n<p>V\u00a0m\u00fdch o\u010d\u00edch je obecn\u011b p\u0159\u00edsaha mor\u00e1ln\u011b siln\u011bj\u0161\u00edm slibem i ne\u017e p\u00edsemn\u00fd z\u00e1vazek. Ne nadarmo kup\u0159\u00edkladu vybran\u00ed \u00fastavn\u00ed \u010dinitel\u00e9 USA p\u0159\u00edsahaj\u00ed na posv\u00e1tn\u00fd text, jako by si brali za sv\u011bdka sv\u00e9ho slibu samotn\u00e9ho Boha. P\u0159\u00edsaha voj\u00e1ka je p\u0159\u00edsahou exkluzivn\u00edho ob\u010danstv\u00ed. P\u0159\u00edsaha profesion\u00e1ln\u00edho d\u016fstojn\u00edka, kter\u00fd se pro sv\u00e9 povol\u00e1n\u00ed rozhodl dobrovoln\u011b, ba dokonce ze sv\u00e9ho bytostn\u00e9ho p\u0159esv\u011bd\u010den\u00ed je dle\u00a0m\u00e9ho my\u0161lenkov\u00e9ho procesu absolutn\u011b nezru\u0161itelnou. Chov\u00e1n\u00ed pana gener\u00e1la P.P. pro m\u011b nen\u00ed pouhou charakterovou vadou spo\u010d\u00edvaj\u00edc\u00ed v \u201ep\u0159ekab\u00e1t\u011bn\u00ed\u201c, le\u010d hned n\u011bkolikan\u00e1sobnou zradou. Dvojitou zradou subjekt\u016fm, jim\u017e p\u0159\u00edsahal, zradou instituci, alias ur\u010dit\u00e9 politick\u00e9 form\u011b st\u00e1tu, zradou vojensk\u00e9 p\u0159\u00edslu\u0161nosti \u010cSSR k\u00a0vy\u0161\u0161\u00edmu celku \u010dili vlastizradou a kone\u010dn\u011b zradou sama sebe.<\/p>\n<p><em>Na tomto m\u00edst\u011b si dovol\u00edm pozn\u00e1mku na okraj. Kdo si p\u0159e\u010dte p\u0159\u00edsahu pozorn\u011b, toho logicky m\u016f\u017ee taky napadnout, \u017ee v\u0161ichni profesion\u00e1ln\u00ed podd\u016fstojn\u00edci, d\u016fstojn\u00edci a gener\u00e1lov\u00e9 \u010cSLA v\u00a0listopadu 1989 poru\u0161ili svou p\u0159\u00edsahu v\u011brnosti KS\u010c. Zd\u016fraz\u0148uji profesion\u00e1ln\u00ed voj\u00e1ci. V\u00a0t\u00e9 dob\u011b byla toti\u017e pro mu\u017ee vojensk\u00e1 slu\u017eba povinn\u00e1, tak\u017ee v\u0161ichni neprofesion\u00e1ln\u00ed voj\u00e1ci p\u0159\u00edsahali d\u00edky donucovac\u00ed funkci st\u00e1tu, co\u017e je z\u00a0hlediska jejich mravnosti omlouv\u00e1. I kdy\u017e. Kdo si skute\u010dn\u011b cht\u011bl i tehdy zachovat integritu sv\u00e9ho charakteru a sv\u011bdom\u00ed, vojenskou slu\u017ebu brance absolvovat nemusel a mohl m\u00edsto toho odpracovat deset let v\u00a0hornictv\u00ed.<\/em><\/p>\n<p>Z\u00a0p\u0159ede\u0161le napsan\u00e9ho m\u011b plyne, \u017ee \u010destn\u00fd, bytostn\u00fd d\u016fstojn\u00edk, dokonce ji\u017e potomek d\u016fstojn\u00edka, d\u00edky pevn\u00e9 mravn\u00ed v\u00fdchov\u011b a vojensk\u00e9 mor\u00e1lce nedok\u00e1\u017ee svou p\u0159\u00edsahu poru\u0161it. Pokud ano, pak pro m\u011b z\u00a0toho vyplynuly ur\u010dit\u00e9 z\u00e1v\u011bry o jeho osobnosti.<\/p>\n<p><span style=\"font-size: 18pt;\"><strong>Zamy\u0161len\u00ed nad spoluob\u010dany pana profesion\u00e1ln\u00edho voj\u00e1ka Petra Pavla. <\/strong><\/span><\/p>\n<p>Po listopadu 1989 se v\u011bt\u0161ina ob\u010dan\u016f \u0159\u00eddila, mimo jin\u00e9 dv\u011bma mravn\u00edmi v\u00fdroky. Za prv\u00e9 \u201ejednou komunista, v\u017edycky komunista\u201c a za druh\u00e9 \u201ezr\u00e1dci nejsou hodni d\u016fv\u011bry\u201c, jeliko\u017e jejich chov\u00e1n\u00ed logicky odporuje hlavn\u00edmu heslu politick\u00e9 zm\u011bny, je\u017e zd\u016fraz\u0148ovalo \u201ev\u00edt\u011bzstv\u00ed pravdy a l\u00e1sky nad l\u017e\u00ed a nen\u00e1vist\u00ed\u201c.<\/p>\n<p>Od t\u00e9 doby u\u017e ub\u011bhlo dlouh\u00fdch 32 let v\u00a0porovn\u00e1n\u00ed srovnateln\u00fdch s obdob\u00edm nadvl\u00e1dy KS\u010c. Dostate\u010dn\u011b dlouh\u00fdch rovn\u011b\u017e pro tot\u00e1ln\u00ed genera\u010dn\u00ed v\u00fdm\u011bnu elektor\u00e1tu \u010dili obyvatel s\u00a0pr\u00e1vem voli\u010de. U n\u00e1s je jako voli\u010dsk\u00fd v\u011bk uz\u00e1kon\u011bno dovr\u0161en\u00ed 18ti let. P\u0159edpokl\u00e1dejme, \u017ee \u010dlov\u011bk si, alespo\u0148 podle m\u011b za\u010d\u00edn\u00e1 tvo\u0159it ob\u010dansk\u00fd n\u00e1hled na sv\u011bt u\u017e od vstupu do \u0161koly. Ti, kte\u0159\u00ed m\u011bli v\u00a0roce 1989 \u0161est let maj\u00ed u\u017e dneska a\u017e 34 let. Co\u017e jsou ji\u017e skoro dv\u011b generace ob\u010dan\u016f. Konkr\u00e9tn\u011b to znamen\u00e1 dva a p\u016fl milionu voli\u010d\u016f, pro kter\u00e9 je doba nadvl\u00e1dy KS\u010c jakousi divnou a\u017e nepochopitelnou histori\u00ed, ale p\u0159edev\u0161\u00edm nepro\u017eitou realitou. Vn\u00edmaj\u00ed sv\u011bt naprosto jinak ne\u017e ti, kdo za\u017eili mimo mnoh\u00e9 jin\u00e9, \u010dinnost StB, povinn\u00e9 \u010dlenstv\u00ed v odborech, autocenzuru, a dokonce trestn\u00ed postihy za neloajalitu k\u00a0vl\u00e1dnouc\u00edm mocn\u00e1\u0159\u016fm. Ale rovn\u011b\u017e nemaj\u00ed vojenskou v\u00fdchovu, \u010dti ten zvl\u00e1\u0161tn\u00ed vztah k vlasti a u profesion\u00e1ln\u00edch voj\u00e1k\u016f dokonce v\u011bdom\u00ed povinnosti k\u00a0n\u00ed, ba a\u017e d\u016fstojnick\u00e9 cti. To je dva a p\u016fl milionu v\u00a0t\u00e9to sf\u00e9\u0159e lidsk\u00e9ho pozn\u00e1n\u00ed nepopsan\u00fdch list\u016f.<\/p>\n<p>Na opa\u010dn\u00e9 genera\u010dn\u00ed stran\u011b za 32 let zem\u0159elo zhruba stejn\u00fd po\u010det voli\u010d\u016f s\u00a0\u017eivotn\u00ed zku\u0161enost\u00ed podobn\u00e9 t\u00e9, ji\u017e popisuji v\u00a0prvn\u00ed \u010d\u00e1sti tohoto textu. Nepokou\u0161\u00edm se v n\u011bm o jak\u00fdkoliv hodnotov\u00fd soud t\u00e9to v\u00fdm\u011bny poloviny cel\u00e9ho elektor\u00e1tu. Jenom su\u0161e konstatuji, \u017ee dneska nastupuj\u00edc\u00edm generac\u00edm ob\u010dan\u016f u\u017e asi z\u00a0velk\u00e9 \u010d\u00e1sti nevad\u00ed nejenom b\u00fdval\u00e9 \u010dlenstv\u00ed v\u00a0KS\u010c, spolupr\u00e1ce s\u00a0tajn\u00fdmi protiob\u010dansk\u00fdmi slu\u017ebami mocn\u00fdch, \u0161pionstv\u00ed, ale i zrada sv\u00e9ho ob\u010dansky exkluzivn\u00edho slibu a profesion\u00e1ln\u00ed cti. Jak zd\u016fraz\u0148uji, nehodl\u00e1m ani n\u00e1znakem tuto v\u00fdvojovou tendenci hodnotit, ani nazna\u010dovat, jak\u00fd se t\u00edm vytv\u00e1\u0159\u00ed p\u0159edpoklad budouc\u00ed spole\u010dnosti. Jedno v\u00edm ale naprosto jist\u011b. Slibu pana P.P., kter\u00fdm mu bude na dobu ur\u010ditou prop\u016fj\u010den \u201eob\u010dansk\u00fd pr\u016fkaz \u010d\u00edslo jedna\u201c nebudu schopen d\u016fv\u011b\u0159ovat.<\/p>\n<p><strong>Stanislav A. Ho\u0161ek<\/strong><\/p>\n<p><img decoding=\"async\" loading=\"lazy\" class=\"wp-image-19187 aligncenter\" src=\"http:\/\/www.infokuryr.cz\/n\/wp-content\/uploads\/2022\/12\/1-PRO-300x36.jpg\" alt=\"\" width=\"1142\" height=\"137\" srcset=\"https:\/\/www.infokuryr.cz\/n\/wp-content\/uploads\/2022\/12\/1-PRO-300x36.jpg 300w, https:\/\/www.infokuryr.cz\/n\/wp-content\/uploads\/2022\/12\/1-PRO.jpg 699w\" sizes=\"(max-width: 1142px) 100vw, 1142px\" \/><\/p>\n<p>&nbsp;<\/p>\n","protected":false},"excerpt":{"rendered":"<p>O p\u0159\u00edslu\u0161nost k\u00a0\u010deskoslovensk\u00e9 lidov\u00e9 arm\u00e1d\u011b. Gener\u00e1l Petr Pavel, dnes u\u017e zvolen\u00fd kandid\u00e1t prezidentsk\u00e9ho \u00fa\u0159adu nejen\u017ee&#8230;<\/p>\n","protected":false},"author":2,"featured_media":17335,"comment_status":"closed","ping_status":"closed","sticky":false,"template":"","format":"standard","meta":[],"categories":[6],"tags":[1042,1110,29,4378,165],"_links":{"self":[{"href":"https:\/\/www.infokuryr.cz\/n\/wp-json\/wp\/v2\/posts\/22313"}],"collection":[{"href":"https:\/\/www.infokuryr.cz\/n\/wp-json\/wp\/v2\/posts"}],"about":[{"href":"https:\/\/www.infokuryr.cz\/n\/wp-json\/wp\/v2\/types\/post"}],"author":[{"embeddable":true,"href":"https:\/\/www.infokuryr.cz\/n\/wp-json\/wp\/v2\/users\/2"}],"replies":[{"embeddable":true,"href":"https:\/\/www.infokuryr.cz\/n\/wp-json\/wp\/v2\/comments?post=22313"}],"version-history":[{"count":1,"href":"https:\/\/www.infokuryr.cz\/n\/wp-json\/wp\/v2\/posts\/22313\/revisions"}],"predecessor-version":[{"id":22314,"href":"https:\/\/www.infokuryr.cz\/n\/wp-json\/wp\/v2\/posts\/22313\/revisions\/22314"}],"wp:featuredmedia":[{"embeddable":true,"href":"https:\/\/www.infokuryr.cz\/n\/wp-json\/wp\/v2\/media\/17335"}],"wp:attachment":[{"href":"https:\/\/www.infokuryr.cz\/n\/wp-json\/wp\/v2\/media?parent=22313"}],"wp:term":[{"taxonomy":"category","embeddable":true,"href":"https:\/\/www.infokuryr.cz\/n\/wp-json\/wp\/v2\/categories?post=22313"},{"taxonomy":"post_tag","embeddable":true,"href":"https:\/\/www.infokuryr.cz\/n\/wp-json\/wp\/v2\/tags?post=22313"}],"curies":[{"name":"wp","href":"https:\/\/api.w.org\/{rel}","templated":true}]}}