{"id":22280,"date":"2023-02-04T09:50:51","date_gmt":"2023-02-04T08:50:51","guid":{"rendered":"http:\/\/www.infokuryr.cz\/n\/?p=22280"},"modified":"2023-02-04T09:50:51","modified_gmt":"2023-02-04T08:50:51","slug":"ukrajina-opet-vyhlasila-leteckou-pohotovost","status":"publish","type":"post","link":"https:\/\/www.infokuryr.cz\/n\/2023\/02\/04\/ukrajina-opet-vyhlasila-leteckou-pohotovost\/","title":{"rendered":"Ukrajina op\u011bt vyhl\u00e1sila leteckou pohotovost"},"content":{"rendered":"<div id=\"fb-root\"><\/div>\n<p class=\"lead\"><span>Leteck\u00fd poplach byl vyhl\u00e1\u0161en po cel\u00e9 Ukrajin\u011b ji\u017e podruh\u00e9 za den.\u00a0Dokl\u00e1daj\u00ed to \u00fadaje\u00a0<\/span><a href=\"https:\/\/map.ukrainealarm.com\/?__cf_chl_tk=4mPBDC3arIbRgtCPQYbKlWqfKXEYsFJ_4EufD1EVItM-1670512250-0-gaNycGzNCVE\" target=\"_blank\" rel=\"noopener\"><span>ofici\u00e1ln\u00edho zdroje<\/span><\/a><span>\u00a0pro varov\u00e1n\u00ed obyvatelstva.<\/span><\/p>\n<p><span>N\u00e1letov\u00e9 v\u00fdstrahy za\u010daly p\u0159ich\u00e1zet v 09:05 m\u00edstn\u00edho \u010dasu (10:05 moskevsk\u00e9ho \u010dasu).\u00a0Prvn\u00edm m\u00edstem, kde se rozezn\u011bly sir\u00e9ny, byl Kyjev.\u00a0Po p\u00e1r minut\u00e1ch v\u0161ak z\u00f3na leteck\u00e9ho varov\u00e1n\u00ed pokryla cel\u00e9 \u00fazem\u00ed zem\u011b.<\/span><\/p>\n<p><span>P\u0159ipome\u0148me, \u017ee naposledy byl n\u00e1let po cel\u00e9 Ukrajin\u011b ohl\u00e1\u0161en na p\u00e1tek 3. \u00fanora.\u00a0To se stalo dvakr\u00e1t &#8211; r\u00e1no a ve\u010der.<\/span><\/p>\n<p><img decoding=\"async\" loading=\"lazy\" class=\"alignnone size-full wp-image-1185\" src=\"http:\/\/www.infokuryr.cz\/n\/wp-content\/uploads\/2021\/04\/kuryr-podpis.png\" alt=\"\" width=\"84\" height=\"24\" \/><\/p>\n<p>&nbsp;<\/p>\n<p><img decoding=\"async\" loading=\"lazy\" class=\"wp-image-19187 aligncenter\" src=\"http:\/\/www.infokuryr.cz\/n\/wp-content\/uploads\/2022\/12\/1-PRO-300x36.jpg\" alt=\"\" width=\"1125\" height=\"135\" srcset=\"https:\/\/www.infokuryr.cz\/n\/wp-content\/uploads\/2022\/12\/1-PRO-300x36.jpg 300w, https:\/\/www.infokuryr.cz\/n\/wp-content\/uploads\/2022\/12\/1-PRO.jpg 699w\" sizes=\"(max-width: 1125px) 100vw, 1125px\" \/><\/p>\n<p>&nbsp;<\/p>\n","protected":false},"excerpt":{"rendered":"<p>Leteck\u00fd poplach byl vyhl\u00e1\u0161en po cel\u00e9 Ukrajin\u011b ji\u017e podruh\u00e9 za den.\u00a0Dokl\u00e1daj\u00ed to \u00fadaje\u00a0ofici\u00e1ln\u00edho zdroje\u00a0pro varov\u00e1n\u00ed&#8230;<\/p>\n","protected":false},"author":2,"featured_media":22281,"comment_status":"closed","ping_status":"closed","sticky":false,"template":"","format":"standard","meta":[],"categories":[7],"tags":[4375,3535,26],"_links":{"self":[{"href":"https:\/\/www.infokuryr.cz\/n\/wp-json\/wp\/v2\/posts\/22280"}],"collection":[{"href":"https:\/\/www.infokuryr.cz\/n\/wp-json\/wp\/v2\/posts"}],"about":[{"href":"https:\/\/www.infokuryr.cz\/n\/wp-json\/wp\/v2\/types\/post"}],"author":[{"embeddable":true,"href":"https:\/\/www.infokuryr.cz\/n\/wp-json\/wp\/v2\/users\/2"}],"replies":[{"embeddable":true,"href":"https:\/\/www.infokuryr.cz\/n\/wp-json\/wp\/v2\/comments?post=22280"}],"version-history":[{"count":0,"href":"https:\/\/www.infokuryr.cz\/n\/wp-json\/wp\/v2\/posts\/22280\/revisions"}],"wp:featuredmedia":[{"embeddable":true,"href":"https:\/\/www.infokuryr.cz\/n\/wp-json\/wp\/v2\/media\/22281"}],"wp:attachment":[{"href":"https:\/\/www.infokuryr.cz\/n\/wp-json\/wp\/v2\/media?parent=22280"}],"wp:term":[{"taxonomy":"category","embeddable":true,"href":"https:\/\/www.infokuryr.cz\/n\/wp-json\/wp\/v2\/categories?post=22280"},{"taxonomy":"post_tag","embeddable":true,"href":"https:\/\/www.infokuryr.cz\/n\/wp-json\/wp\/v2\/tags?post=22280"}],"curies":[{"name":"wp","href":"https:\/\/api.w.org\/{rel}","templated":true}]}}