{"id":22279,"date":"2023-02-04T09:43:15","date_gmt":"2023-02-04T08:43:15","guid":{"rendered":"http:\/\/www.infokuryr.cz\/n\/?p=22279"},"modified":"2023-02-04T09:54:16","modified_gmt":"2023-02-04T08:54:16","slug":"mezi-ruskem-a-ukrajinou-probehla-nova-vymena-zajatcu-zprostredkovana-sae","status":"publish","type":"post","link":"https:\/\/www.infokuryr.cz\/n\/2023\/02\/04\/mezi-ruskem-a-ukrajinou-probehla-nova-vymena-zajatcu-zprostredkovana-sae\/","title":{"rendered":"Mezi Ruskem a Ukrajinou prob\u011bhla nov\u00e1 v\u00fdm\u011bna zajatc\u016f zprost\u0159edkovan\u00e1 SAE"},"content":{"rendered":"<div id=\"fb-root\"><\/div>\n<p class=\"lead\">V d\u016fsledku v\u00fdm\u011bny v\u00e1le\u010dn\u00fdch zajatc\u016f se do Ruska vr\u00e1tilo 63 voj\u00e1k\u016f.\u00a0Ozn\u00e1milo to dnes 4. \u00fanora rusk\u00e9 ministerstvo obrany.<\/p>\n<p>Ministerstvo obrany uvedlo v prohl\u00e1\u0161en\u00ed:<\/p>\n<p><em><strong>\u201eV d\u016fsledku slo\u017eit\u00e9ho vyjedn\u00e1vac\u00edho procesu bylo z \u00fazem\u00ed Ukrajiny kontrolovan\u00e9ho kyjevsk\u00fdm re\u017eimem vr\u00e1ceno 63 voj\u00e1k\u016f ozbrojen\u00fdch sil Rusk\u00e9 federace.<\/strong><\/em><\/p>\n<p>V prohl\u00e1\u0161en\u00ed se tak\u00e9 uv\u00e1d\u00ed:<\/p>\n<p><em><strong>\u201eSkupina propu\u0161t\u011bn\u00fdch rusk\u00fdch voj\u00e1k\u016f zahrnuje osoby \u201ecitliv\u00e9 kategorie\u201c, jejich\u017e v\u00fdm\u011bna byla mo\u017en\u00e1 d\u00edky zprost\u0159edkovatelsk\u00e9mu \u00fasil\u00ed veden\u00ed Spojen\u00fdch arabsk\u00fdch emir\u00e1t\u016f.<\/strong><\/em><\/p>\n<p><strong>Infokur\u00fdr<\/strong> p\u0159ipom\u00edn\u00e1, \u017ee SAE spolu se Sa\u00fadskou Ar\u00e1bi\u00ed tak\u00e9 d\u0159\u00edve hr\u00e1ly roli prost\u0159edn\u00edka p\u0159i v\u00fdm\u011bn\u011b v\u00e1le\u010dn\u00fdch zajatc\u016f mezi Ruskem a Ukrajinou.<\/p>\n<p><img decoding=\"async\" loading=\"lazy\" class=\"alignnone size-full wp-image-1185\" src=\"http:\/\/www.infokuryr.cz\/n\/wp-content\/uploads\/2021\/04\/kuryr-podpis.png\" alt=\"\" width=\"84\" height=\"24\" \/><\/p>\n<p>&nbsp;<\/p>\n<p><img decoding=\"async\" loading=\"lazy\" class=\"wp-image-19187 aligncenter\" src=\"http:\/\/www.infokuryr.cz\/n\/wp-content\/uploads\/2022\/12\/1-PRO-300x36.jpg\" alt=\"\" width=\"1125\" height=\"135\" srcset=\"https:\/\/www.infokuryr.cz\/n\/wp-content\/uploads\/2022\/12\/1-PRO-300x36.jpg 300w, https:\/\/www.infokuryr.cz\/n\/wp-content\/uploads\/2022\/12\/1-PRO.jpg 699w\" sizes=\"(max-width: 1125px) 100vw, 1125px\" \/><\/p>\n<p>&nbsp;<\/p>\n","protected":false},"excerpt":{"rendered":"<p>V d\u016fsledku v\u00fdm\u011bny v\u00e1le\u010dn\u00fdch zajatc\u016f se do Ruska vr\u00e1tilo 63 voj\u00e1k\u016f.\u00a0Ozn\u00e1milo to dnes 4. \u00fanora&#8230;<\/p>\n","protected":false},"author":2,"featured_media":17764,"comment_status":"closed","ping_status":"closed","sticky":false,"template":"","format":"standard","meta":[],"categories":[7],"tags":[22,2031,26,2228,2415],"_links":{"self":[{"href":"https:\/\/www.infokuryr.cz\/n\/wp-json\/wp\/v2\/posts\/22279"}],"collection":[{"href":"https:\/\/www.infokuryr.cz\/n\/wp-json\/wp\/v2\/posts"}],"about":[{"href":"https:\/\/www.infokuryr.cz\/n\/wp-json\/wp\/v2\/types\/post"}],"author":[{"embeddable":true,"href":"https:\/\/www.infokuryr.cz\/n\/wp-json\/wp\/v2\/users\/2"}],"replies":[{"embeddable":true,"href":"https:\/\/www.infokuryr.cz\/n\/wp-json\/wp\/v2\/comments?post=22279"}],"version-history":[{"count":0,"href":"https:\/\/www.infokuryr.cz\/n\/wp-json\/wp\/v2\/posts\/22279\/revisions"}],"wp:featuredmedia":[{"embeddable":true,"href":"https:\/\/www.infokuryr.cz\/n\/wp-json\/wp\/v2\/media\/17764"}],"wp:attachment":[{"href":"https:\/\/www.infokuryr.cz\/n\/wp-json\/wp\/v2\/media?parent=22279"}],"wp:term":[{"taxonomy":"category","embeddable":true,"href":"https:\/\/www.infokuryr.cz\/n\/wp-json\/wp\/v2\/categories?post=22279"},{"taxonomy":"post_tag","embeddable":true,"href":"https:\/\/www.infokuryr.cz\/n\/wp-json\/wp\/v2\/tags?post=22279"}],"curies":[{"name":"wp","href":"https:\/\/api.w.org\/{rel}","templated":true}]}}