{"id":22274,"date":"2023-02-04T09:24:51","date_gmt":"2023-02-04T08:24:51","guid":{"rendered":"http:\/\/www.infokuryr.cz\/n\/?p=22274"},"modified":"2023-02-04T09:24:51","modified_gmt":"2023-02-04T08:24:51","slug":"dansko-planuje-koupit-sto-starych-tanku-z-nemecka-a-prevezt-je-do-kyjeva","status":"publish","type":"post","link":"https:\/\/www.infokuryr.cz\/n\/2023\/02\/04\/dansko-planuje-koupit-sto-starych-tanku-z-nemecka-a-prevezt-je-do-kyjeva\/","title":{"rendered":"D\u00e1nsko pl\u00e1nuje koupit sto star\u00fdch tank\u016f z N\u011bmecka a p\u0159ev\u00e9zt je do Kyjeva"},"content":{"rendered":"<div id=\"fb-root\"><\/div>\n<p><strong>D\u00e1nsko zva\u017euje n\u00e1kup stovky vy\u0159azen\u00fdch tank\u016f z N\u011bmecka a jejich p\u0159ed\u00e1n\u00ed Kyjevu, uv\u00e1d\u00ed ABC Nyheter.\u00a0D\u0159\u00edve byla t\u011b\u017ek\u00e1 vojensk\u00e1 technika v bilanci ministerstva obrany skandin\u00e1vsk\u00e9 zem\u011b.\u00a0Prvn\u00edch 20 star\u00fdch tank\u016f modelu Leopard-1 lze podle publikace opravit do t\u0159\u00ed m\u011bs\u00edc\u016f.<\/strong><\/p>\n<p>Minul\u00fd t\u00fdden N\u011bmecko schv\u00e1lilo vysl\u00e1n\u00ed tank\u016f Leopard-2 na Ukrajinu.\u00a0Ve stejn\u00e9 dob\u011b dostaly dal\u0161\u00ed zem\u011b povolen\u00ed k dod\u00e1vk\u00e1m t\u011b\u017ek\u00e9 vojensk\u00e9 techniky n\u011bmeck\u00e9 v\u00fdroby.\u00a0K dne\u0161n\u00edmu dni bylo Kyjevu p\u0159isl\u00edbeno celkem 321 tank\u016f, ale bude chv\u00edli trvat, ne\u017e budou p\u0159ipraveny k transportu a nasazen\u00ed na boji\u0161t\u011b, uv\u00e1d\u00ed ABC Nyheter.<\/p>\n<p>D\u00e1nsk\u00e1 vl\u00e1da zva\u017euje po\u0159\u00edzen\u00ed 99 star\u00fdch tank\u016f Leopard-1, kter\u00e9 ji\u017e d\u0159\u00edve d\u00e1nsk\u00e9 ministerstvo obrany vy\u0159adilo z provozu a prodalo je n\u011bmeck\u00e9 vojensk\u00e9 spole\u010dnosti Flensburger Fahrzeugbau Gesellschaft (FFG), kter\u00e1 je po deseti letech vlastnictv\u00ed nemohla d\u00e1le prodat.<\/p>\n<p>Nyn\u00ed jsou nepou\u017eiteln\u00e1 obrn\u011bn\u00e1 vozidla ulo\u017eena ve skladu v Belgii, a to i p\u0159esto, \u017ee Leopard-1 je pova\u017eov\u00e1n za snadno ovladateln\u00fd a snadno udr\u017eovateln\u00fd pln\u011b bojeschopn\u00fd tank.\u00a0Prvn\u00ed model je nav\u00edc o deset tun leh\u010d\u00ed ne\u017e Leopard-2.\u00a0V\u00fd\u0161e obchodu na n\u00e1kup 99 tank\u016f a jejich p\u0159\u00edpravu na bitvu nen\u00ed zn\u00e1ma, p\u00ed\u0161e ABC Nyheter.<\/p>\n<p>FFG odhaduje, \u017ee do t\u0159\u00ed m\u011bs\u00edc\u016f bude opraveno asi 20 tank\u016f a dal\u0161\u00edch 40 by mohlo b\u00fdt p\u0159ipraveno k boji do \u0161esti m\u011bs\u00edc\u016f.\u00a0Publikace poznamen\u00e1v\u00e1, \u017ee v boji proti modern\u00edm rusk\u00fdm tank\u016fm tyto tanky sel\u017eou.<\/p>\n<p><img decoding=\"async\" loading=\"lazy\" class=\"alignnone size-full wp-image-1185\" src=\"http:\/\/www.infokuryr.cz\/n\/wp-content\/uploads\/2021\/04\/kuryr-podpis.png\" alt=\"\" width=\"84\" height=\"24\" \/><\/p>\n<p><img decoding=\"async\" loading=\"lazy\" class=\"alignnone  wp-image-19187\" src=\"http:\/\/www.infokuryr.cz\/n\/wp-content\/uploads\/2022\/12\/1-PRO-300x36.jpg\" alt=\"\" width=\"1083\" height=\"130\" srcset=\"https:\/\/www.infokuryr.cz\/n\/wp-content\/uploads\/2022\/12\/1-PRO-300x36.jpg 300w, https:\/\/www.infokuryr.cz\/n\/wp-content\/uploads\/2022\/12\/1-PRO.jpg 699w\" sizes=\"(max-width: 1083px) 100vw, 1083px\" \/><\/p>\n<p>&nbsp;<\/p>\n<p>&nbsp;<\/p>\n","protected":false},"excerpt":{"rendered":"<p>D\u00e1nsko zva\u017euje n\u00e1kup stovky vy\u0159azen\u00fdch tank\u016f z N\u011bmecka a jejich p\u0159ed\u00e1n\u00ed Kyjevu, uv\u00e1d\u00ed ABC Nyheter.\u00a0D\u0159\u00edve&#8230;<\/p>\n","protected":false},"author":2,"featured_media":22275,"comment_status":"closed","ping_status":"closed","sticky":false,"template":"","format":"standard","meta":[],"categories":[7],"tags":[500,84,1549,26],"_links":{"self":[{"href":"https:\/\/www.infokuryr.cz\/n\/wp-json\/wp\/v2\/posts\/22274"}],"collection":[{"href":"https:\/\/www.infokuryr.cz\/n\/wp-json\/wp\/v2\/posts"}],"about":[{"href":"https:\/\/www.infokuryr.cz\/n\/wp-json\/wp\/v2\/types\/post"}],"author":[{"embeddable":true,"href":"https:\/\/www.infokuryr.cz\/n\/wp-json\/wp\/v2\/users\/2"}],"replies":[{"embeddable":true,"href":"https:\/\/www.infokuryr.cz\/n\/wp-json\/wp\/v2\/comments?post=22274"}],"version-history":[{"count":0,"href":"https:\/\/www.infokuryr.cz\/n\/wp-json\/wp\/v2\/posts\/22274\/revisions"}],"wp:featuredmedia":[{"embeddable":true,"href":"https:\/\/www.infokuryr.cz\/n\/wp-json\/wp\/v2\/media\/22275"}],"wp:attachment":[{"href":"https:\/\/www.infokuryr.cz\/n\/wp-json\/wp\/v2\/media?parent=22274"}],"wp:term":[{"taxonomy":"category","embeddable":true,"href":"https:\/\/www.infokuryr.cz\/n\/wp-json\/wp\/v2\/categories?post=22274"},{"taxonomy":"post_tag","embeddable":true,"href":"https:\/\/www.infokuryr.cz\/n\/wp-json\/wp\/v2\/tags?post=22274"}],"curies":[{"name":"wp","href":"https:\/\/api.w.org\/{rel}","templated":true}]}}