{"id":22273,"date":"2023-02-04T09:21:35","date_gmt":"2023-02-04T08:21:35","guid":{"rendered":"http:\/\/www.infokuryr.cz\/n\/?p=22273"},"modified":"2023-02-04T09:21:35","modified_gmt":"2023-02-04T08:21:35","slug":"usa-zaregistrovaly-dalsi-cinsky-pruzkumny-balon-tentokrat-nad-latinskou-amerikou","status":"publish","type":"post","link":"https:\/\/www.infokuryr.cz\/n\/2023\/02\/04\/usa-zaregistrovaly-dalsi-cinsky-pruzkumny-balon-tentokrat-nad-latinskou-amerikou\/","title":{"rendered":"USA zaregistrovaly dal\u0161\u00ed \u010d\u00ednsk\u00fd pr\u016fzkumn\u00fd bal\u00f3n &#8211; tentokr\u00e1t nad Latinskou Amerikou"},"content":{"rendered":"<div id=\"fb-root\"><\/div>\n<p><strong>Americk\u00e9 ministerstvo obrany potvrdilo pozorov\u00e1n\u00ed dal\u0161\u00edho \u010d\u00ednsk\u00e9ho pr\u016fzkumn\u00e9ho bal\u00f3nu, kter\u00fd v sou\u010dasnosti let\u00ed nad Latinskou Amerikou, uv\u00e1d\u00ed The Hill.\u00a0U\u017e d\u0159\u00edve americk\u00e9 \u00fa\u0159ady objevily podobn\u00fd bal\u00f3n nad \u00fazem\u00edm Spojen\u00fdch st\u00e1t\u016f.<\/strong><\/p>\n<p>Pentagon ozn\u00e1mil objev druh\u00e9ho \u010d\u00ednsk\u00e9ho pr\u016fzkumn\u00e9ho bal\u00f3nu nad Latinskou Amerikou, uv\u00e1d\u00ed The Hill.\u00a0Jak p\u0159ipom\u00edn\u00e1 publikace, prvn\u00ed \u010d\u00ednsk\u00fd bal\u00f3n byl d\u0159\u00edve objeven nad kontinent\u00e1ln\u00edmi Spojen\u00fdmi st\u00e1ty.<\/p>\n<p>\u201e\u00a0<em>Dost\u00e1v\u00e1me zpr\u00e1vy o bal\u00f3nu prol\u00e9taj\u00edc\u00edm Latinskou Amerikou.\u00a0V tuto chv\u00edli odhadujeme, \u017ee se jedn\u00e1 o dal\u0161\u00ed \u010d\u00ednsk\u00fd pr\u016fzkumn\u00fd bal\u00f3n<\/em>\u00a0,\u201c \u0159ekl mluv\u010d\u00ed Pentagonu brig\u00e1dn\u00ed gener\u00e1l Pat Ryder.<\/p>\n<p>\u010c\u00ednsk\u00e9 ministerstvo zahrani\u010d\u00ed ve sv\u00e9m p\u00e1te\u010dn\u00edm prohl\u00e1\u0161en\u00ed potvrdilo, \u017ee vysokohorsk\u00fd bal\u00f3n, kter\u00fd byl poprv\u00e9 spat\u0159en nad st\u00e1tem Montana ve st\u0159edu, pat\u0159\u00ed Pekingu.\u00a0\u010c\u00ednsk\u00e9 ministerstvo zahrani\u010d\u00ed v\u0161ak uvedlo, \u017ee \u0161lo o meteorologick\u00fd bal\u00f3n, kter\u00fd kv\u016fli v\u011btru ztratil sm\u011br.<\/p>\n<p>Ameri\u010dt\u00ed p\u0159edstavitel\u00e9 s t\u00edmto koment\u00e1\u0159em nesouhlasili s t\u00edm, \u017ee \u0161lo o pr\u016fzkumn\u00fd bal\u00f3n.\u00a0Americk\u00e9 \u00fa\u0159ady ho nesest\u0159elily kv\u016fli obav\u00e1m, \u017ee by mohl ohrozit ve\u0159ejnou bezpe\u010dnost.<\/p>\n<p>Po objeven\u00ed prvn\u00edho bal\u00f3nu ministr zahrani\u010d\u00ed Anthony Blinken odlo\u017eil pl\u00e1novanou cestu do \u010c\u00edny.\u00a0Jeden mluv\u010d\u00ed ministerstva zahrani\u010d\u00ed hovo\u0159il o \u201e\u00a0<em>nevhodn\u00fdch<\/em> \u201c podm\u00ednk\u00e1ch pro n\u00e1v\u0161t\u011bvu \u0158\u00ed\u0161e st\u0159edu a poznamenal, \u017ee tento bal\u00f3n je poru\u0161en\u00edm mezin\u00e1rodn\u00edho pr\u00e1va a suverenity USA.<\/p>\n<p><img decoding=\"async\" loading=\"lazy\" class=\"alignnone size-full wp-image-1185\" src=\"http:\/\/www.infokuryr.cz\/n\/wp-content\/uploads\/2021\/04\/kuryr-podpis.png\" alt=\"\" width=\"84\" height=\"24\" \/><\/p>\n<p>&nbsp;<\/p>\n<p><img decoding=\"async\" loading=\"lazy\" class=\"wp-image-19187 aligncenter\" src=\"http:\/\/www.infokuryr.cz\/n\/wp-content\/uploads\/2022\/12\/1-PRO-300x36.jpg\" alt=\"\" width=\"1125\" height=\"135\" srcset=\"https:\/\/www.infokuryr.cz\/n\/wp-content\/uploads\/2022\/12\/1-PRO-300x36.jpg 300w, https:\/\/www.infokuryr.cz\/n\/wp-content\/uploads\/2022\/12\/1-PRO.jpg 699w\" sizes=\"(max-width: 1125px) 100vw, 1125px\" \/><\/p>\n<p>&nbsp;<\/p>\n","protected":false},"excerpt":{"rendered":"<p>Americk\u00e9 ministerstvo obrany potvrdilo pozorov\u00e1n\u00ed dal\u0161\u00edho \u010d\u00ednsk\u00e9ho pr\u016fzkumn\u00e9ho bal\u00f3nu, kter\u00fd v sou\u010dasnosti let\u00ed nad Latinskou&#8230;<\/p>\n","protected":false},"author":2,"featured_media":20355,"comment_status":"closed","ping_status":"closed","sticky":false,"template":"","format":"standard","meta":[],"categories":[7],"tags":[4364,30,37],"_links":{"self":[{"href":"https:\/\/www.infokuryr.cz\/n\/wp-json\/wp\/v2\/posts\/22273"}],"collection":[{"href":"https:\/\/www.infokuryr.cz\/n\/wp-json\/wp\/v2\/posts"}],"about":[{"href":"https:\/\/www.infokuryr.cz\/n\/wp-json\/wp\/v2\/types\/post"}],"author":[{"embeddable":true,"href":"https:\/\/www.infokuryr.cz\/n\/wp-json\/wp\/v2\/users\/2"}],"replies":[{"embeddable":true,"href":"https:\/\/www.infokuryr.cz\/n\/wp-json\/wp\/v2\/comments?post=22273"}],"version-history":[{"count":0,"href":"https:\/\/www.infokuryr.cz\/n\/wp-json\/wp\/v2\/posts\/22273\/revisions"}],"wp:featuredmedia":[{"embeddable":true,"href":"https:\/\/www.infokuryr.cz\/n\/wp-json\/wp\/v2\/media\/20355"}],"wp:attachment":[{"href":"https:\/\/www.infokuryr.cz\/n\/wp-json\/wp\/v2\/media?parent=22273"}],"wp:term":[{"taxonomy":"category","embeddable":true,"href":"https:\/\/www.infokuryr.cz\/n\/wp-json\/wp\/v2\/categories?post=22273"},{"taxonomy":"post_tag","embeddable":true,"href":"https:\/\/www.infokuryr.cz\/n\/wp-json\/wp\/v2\/tags?post=22273"}],"curies":[{"name":"wp","href":"https:\/\/api.w.org\/{rel}","templated":true}]}}