{"id":22270,"date":"2023-02-04T09:15:29","date_gmt":"2023-02-04T08:15:29","guid":{"rendered":"http:\/\/www.infokuryr.cz\/n\/?p=22270"},"modified":"2023-02-04T09:15:29","modified_gmt":"2023-02-04T08:15:29","slug":"general-prozradil-co-se-stane-s-britskou-armadou-v-pripade-valky-s-ruskem","status":"publish","type":"post","link":"https:\/\/www.infokuryr.cz\/n\/2023\/02\/04\/general-prozradil-co-se-stane-s-britskou-armadou-v-pripade-valky-s-ruskem\/","title":{"rendered":"Gener\u00e1l prozradil, co se stane s britskou arm\u00e1dou v p\u0159\u00edpad\u011b v\u00e1lky s Ruskem"},"content":{"rendered":"<div id=\"fb-root\"><\/div>\n<p><strong>V p\u0159\u00edpad\u011b p\u0159\u00edm\u00e9ho vojensk\u00e9ho st\u0159etu s Ruskem z\u00e1soby st\u0159el v britsk\u00e9 arm\u00e1d\u011b skon\u010d\u00ed za den, prohl\u00e1sil gener\u00e1l Sir Richard Barrons ve sv\u00e9m \u010dl\u00e1nku pro den\u00edk The Sun.<\/strong><\/p>\n<p>B\u00fdval\u00fd velitel spojen\u00fdch ozbrojen\u00fdch sil Velk\u00e9 Brit\u00e1nie\u00a0<a href=\"https:\/\/jppx.azurewebsites.net\/browse.php?u=https%3A%2F%2Fwww.thesun.co.uk%2Fnews%2F21256202%2Fmilitary-expert-worrried-britain-no-longer-secure%2F&amp;b=8\">je<\/a>\u00a0p\u0159esv\u011bd\u010den, \u017ee k podobn\u00e9mu stavu p\u0159ivedlo rozd\u011blen\u00ed st\u00e1tn\u00edho rozpo\u010dtu nikoli ve prosp\u011bch ministerstva obrany.<\/p>\n<p>\u201eNa p\u0159estavbu arm\u00e1dy, aby mohla \u010delit n\u00e1hl\u00e9mu \u00fatoku Ruska, pot\u0159ebujeme nav\u00edc t\u0159i miliardy liber \u0161terlink\u016f v tomto roce a ro\u010dn\u011b v pr\u016fb\u011bhu n\u00e1sleduj\u00edc\u00ed deseti let,\u201c post\u011b\u017eoval si Barrons.<\/p>\n<p>Gener\u00e1l krom\u011b toho poznamenal, \u017ee britsk\u00e1 arm\u00e1da poci\u0165uje tak\u00e9 nedostatek k\u00e1dr\u016f. V minul\u00e9m roce jen polovina vojensk\u00e9ho person\u00e1lu prod\u011blala z\u00e1kladn\u00ed cvi\u010den\u00ed na \u00farovni roty v jednotk\u00e1ch \u010d\u00edtaj\u00edc\u00edch kolem jednoho sta lid\u00ed, a skoro nikdo neprod\u011blal cvi\u010den\u00ed na vy\u0161\u0161\u00edch \u00farovn\u00edch, \u0159ekl v z\u00e1v\u011bru gener\u00e1l.<\/p>\n<p>P\u0159ed n\u011bkolika dny ministr obrany Velk\u00e9 Brit\u00e1nie uznal, \u017ee ozbrojen\u00e9 s\u00edly zem\u011b zaost\u00e1vaj\u00ed za srovnateln\u00fdmi arm\u00e1dami jin\u00fdch st\u00e1t\u016f a pot\u0159ebuj\u00ed investice. P\u0159edseda parlamentn\u00edho v\u00fdboru pro obranu Tobias Ellwood ze sv\u00e9 strany potvrdil, \u017ee arm\u00e1da je skute\u010dn\u011b v b\u00eddn\u00e9m stavu a mor\u00e1ln\u011b zastarala.<\/p>\n<p><img decoding=\"async\" loading=\"lazy\" class=\"alignnone size-full wp-image-1185\" src=\"http:\/\/www.infokuryr.cz\/n\/wp-content\/uploads\/2021\/04\/kuryr-podpis.png\" alt=\"\" width=\"84\" height=\"24\" \/><\/p>\n<p>&nbsp;<\/p>\n<p><img decoding=\"async\" loading=\"lazy\" class=\"wp-image-19187 aligncenter\" src=\"http:\/\/www.infokuryr.cz\/n\/wp-content\/uploads\/2022\/12\/1-PRO-300x36.jpg\" alt=\"\" width=\"1125\" height=\"135\" srcset=\"https:\/\/www.infokuryr.cz\/n\/wp-content\/uploads\/2022\/12\/1-PRO-300x36.jpg 300w, https:\/\/www.infokuryr.cz\/n\/wp-content\/uploads\/2022\/12\/1-PRO.jpg 699w\" sizes=\"(max-width: 1125px) 100vw, 1125px\" \/><\/p>\n<p>&nbsp;<\/p>\n","protected":false},"excerpt":{"rendered":"<p>V p\u0159\u00edpad\u011b p\u0159\u00edm\u00e9ho vojensk\u00e9ho st\u0159etu s Ruskem z\u00e1soby st\u0159el v britsk\u00e9 arm\u00e1d\u011b skon\u010d\u00ed za den,&#8230;<\/p>\n","protected":false},"author":2,"featured_media":22271,"comment_status":"closed","ping_status":"closed","sticky":false,"template":"","format":"standard","meta":[],"categories":[7],"tags":[80,1110,303],"_links":{"self":[{"href":"https:\/\/www.infokuryr.cz\/n\/wp-json\/wp\/v2\/posts\/22270"}],"collection":[{"href":"https:\/\/www.infokuryr.cz\/n\/wp-json\/wp\/v2\/posts"}],"about":[{"href":"https:\/\/www.infokuryr.cz\/n\/wp-json\/wp\/v2\/types\/post"}],"author":[{"embeddable":true,"href":"https:\/\/www.infokuryr.cz\/n\/wp-json\/wp\/v2\/users\/2"}],"replies":[{"embeddable":true,"href":"https:\/\/www.infokuryr.cz\/n\/wp-json\/wp\/v2\/comments?post=22270"}],"version-history":[{"count":0,"href":"https:\/\/www.infokuryr.cz\/n\/wp-json\/wp\/v2\/posts\/22270\/revisions"}],"wp:featuredmedia":[{"embeddable":true,"href":"https:\/\/www.infokuryr.cz\/n\/wp-json\/wp\/v2\/media\/22271"}],"wp:attachment":[{"href":"https:\/\/www.infokuryr.cz\/n\/wp-json\/wp\/v2\/media?parent=22270"}],"wp:term":[{"taxonomy":"category","embeddable":true,"href":"https:\/\/www.infokuryr.cz\/n\/wp-json\/wp\/v2\/categories?post=22270"},{"taxonomy":"post_tag","embeddable":true,"href":"https:\/\/www.infokuryr.cz\/n\/wp-json\/wp\/v2\/tags?post=22270"}],"curies":[{"name":"wp","href":"https:\/\/api.w.org\/{rel}","templated":true}]}}