{"id":22266,"date":"2023-02-04T06:54:38","date_gmt":"2023-02-04T05:54:38","guid":{"rendered":"http:\/\/www.infokuryr.cz\/n\/?p=22266"},"modified":"2023-02-04T06:54:38","modified_gmt":"2023-02-04T05:54:38","slug":"dokumentarni-film-nikdy-vic-poukazuje-na-znepokojujici-paralely-mezi-obdobim-pred-holocaustem-a-covidovou-propagandou","status":"publish","type":"post","link":"https:\/\/www.infokuryr.cz\/n\/2023\/02\/04\/dokumentarni-film-nikdy-vic-poukazuje-na-znepokojujici-paralely-mezi-obdobim-pred-holocaustem-a-covidovou-propagandou\/","title":{"rendered":"Dokument\u00e1rn\u00ed film \u201eNikdy v\u00edc\u201c poukazuje na znepokojuj\u00edc\u00ed paralely mezi obdob\u00edm p\u0159ed holocaustem a covidovou propagandou"},"content":{"rendered":"<div id=\"fb-root\"><\/div>\n<p><span>V pond\u011bl\u00ed 30. ledna 2023 byl zve\u0159ejn\u011bn dokument\u00e1rn\u00ed film na str\u00e1nce\u00a0<\/span><a href=\"https:\/\/live.childrenshealthdefense.org\/chd-tv\/events\/never-again-is-now-global\/Never-Again-Is-Now-Global-Part-1\/\" target=\"_blank\" rel=\"noopener\"><span>Children&#8217;s Health Defence<\/span><\/a><span>\u00a0, kter\u00fd p\u0159in\u00e1\u0161\u00ed znepokojiv\u00e9 paralely mezi propagandistick\u00fdm n\u00e1tlakem nacist\u016f b\u011bhem p\u0159\u00edpravy na holocaust a dne\u0161n\u00ed psychologickou manipulac\u00ed mas b\u011bhem pandemie.<\/span><\/p>\n<p><em><span>\u201eTo, co zde jasn\u011b vid\u00edme, je opakov\u00e1n\u00ed t\u00fdch\u017e v\u00fdmluvn\u00fdch znak\u016f toho, co urychlilo holocaust ve t\u0159ic\u00e1t\u00fdch letech minul\u00e9ho stolet\u00ed,\u201c<\/span><\/em><span>\u00a0\u0159ekl ortodoxn\u00ed rab\u00edn Michoel Green v prvn\u00ed \u010d\u00e1sti p\u011btid\u00edln\u00e9ho dokument\u00e1rn\u00edho seri\u00e1lu \u201eNikdy v\u00edc\u201c od\u00a0<\/span><a href=\"https:\/\/www.badatel.net\/prezivsia-holokaust-varuje-obyvatelov-zapadu-aby-vzdorovali-nastupujucej-tyranii\/\"><span>Very Sharavov\u00e9<\/span><\/a><span>\u00a0, kter\u00e1 p\u0159e\u017eila holokaust.<\/span><\/p>\n<p><span>Rab\u00edn Green odhodlan\u011b ponechal svou synagogu otev\u0159enou b\u011bhem masov\u00fdch ve\u0159ejn\u00fdch lockdown\u016f \u201epandemie covidu\u201c.<\/span><\/p>\n<p><span>Dnes neochv\u011bjn\u011b poukazuje na to, co vid\u00ed jako n\u00e1padnou podobnost mezi nacistick\u00fdm modus operandi p\u0159i d\u00e9monizaci \u017did\u016f a dne\u0161n\u00edm vyh\u00fdb\u00e1n\u00edm se neo\u010dkovan\u00fdm.<\/span><\/p>\n<h2><span>Paralely mezi lockdowny a p\u0159edv\u00e1le\u010dn\u00fdm nacistick\u00fdm N\u011bmeckem<\/span><\/h2>\n<p><span>Rab\u00edn Green d\u00e1le pouk\u00e1zal na to, \u017ee v nacistick\u00e9m N\u011bmecku, podobn\u011b jako b\u011bhem \u201epandemie covidu\u201c, se \u00fa\u0159ady zapojily do marginalizace stigmatizovan\u00e9 men\u0161iny, p\u0159i\u010dem\u017e men\u0161inu ozna\u010dily za hrozbu pro ve\u0159ejn\u00e9 zdrav\u00ed nebo jako riziko pro ve\u0159ejn\u00e9 zdrav\u00ed.<\/span><\/p>\n<p><em><span>\u201eP\u0159esn\u011b to ud\u011blal Goebbels,\u201c<\/span><\/em><span>\u00a0\u0159ekl rab\u00edn Green s odkazem na hlavn\u00edho propagandistu nacistick\u00e9ho N\u011bmecka Josepha Goebbelse.\u00a0<\/span><em><span>\u201eTohle bylo p\u0159\u00edmo z knihy nacist\u016f.\u201c<\/span><\/em><\/p>\n<p><em><span>\u201eNen\u00ed nic v\u00edc mor\u00e1ln\u011b odsouzen\u00edhodn\u00e9ho ne\u017e vl\u00e1da nebo \u00fa\u0159ad jak\u00e9hokoli druhu, kter\u00fd prohla\u0161uje jin\u00e9 nevinn\u00e9 lidsk\u00e9 bytosti za riziko pro ve\u0159ejn\u00e9 zdrav\u00ed.\u00a0A nez\u00e1le\u017e\u00ed na tom, jestli tito lid\u00e9 tvrd\u00ed, \u017ee to d\u011blaj\u00ed nevinn\u011b, pro v\u011bt\u0161\u00ed dobro, proto\u017ee tot\u00e9\u017e d\u011blali i nacist\u00e9,\u201c<\/span><\/em><span>\u00a0pokra\u010doval Green.<\/span><\/p>\n<p><em><span>\u201eTo v\u0161ak neomlouv\u00e1 marginalizaci, pron\u00e1sledov\u00e1n\u00ed a apartheid\u2026 To, co dnes vid\u00edme, je p\u0159esn\u011b tohle,\u201c<\/span><\/em><span>\u00a0dodal v nar\u00e1\u017ece na z\u00e1kaz vstupu lid\u00ed, kte\u0159\u00ed nejsou o\u010dkov\u00e1ni proti Covid-19, na mnoh\u00e1 ve\u0159ejn\u00e1 m\u00edsta b\u011bhem vrchol\u016f pandemick\u00fdch vln.<\/span><\/p>\n<p><span>Aby zd\u016fraznil historickou paralelu, vypr\u00e1v\u011bl p\u0159\u00edb\u011bh o tom, jak byla \u017eidovsk\u00e1 osoba, kter\u00e1 p\u0159e\u017eila holocaust, pozv\u00e1na vystoupit na ortodoxn\u00ed \u017eidovsk\u00e9 vysok\u00e9 \u0161kole a nakonec p\u0159edn\u00e1\u0161ku zru\u0161ili, \u201eproto\u017ee nedok\u00e1zala prok\u00e1zat sv\u00e9 o\u010dkovac\u00ed pap\u00edry\u201c.<\/span><\/p>\n<p><em><span>&#8222;A stali se z nich novodob\u00ed zav\u00e1d\u011btel\u00e9 tyranie, pron\u00e1sledov\u00e1n\u00ed a marginalizace men\u0161iny,&#8220;<\/span><\/em><span> \u0159ekl Green.<\/span><\/p>\n<h2><span>Genocida jm\u00e9nem \u201ebezpe\u010dnosti\u201c<\/span><\/h2>\n<p><span>Rab\u00edn Green tak\u00e9 odsoudil \u201egenocidu\u201c ve jm\u00e9nu bezpe\u010dnosti, kter\u00e1 byla sp\u00e1ch\u00e1na na m\u00edstech jako \u010d\u00ednsk\u00fd \u0160anghaj, p\u0159i\u010dem\u017e pouk\u00e1zal na to, \u017ee \u201elid\u00e9 byli doslova ponech\u00e1ni k smrti\u201c.<\/span><\/p>\n<p><span>Lid\u00e9 v \u0160anghaji byli zav\u00edr\u00e1ni do sv\u00fdch domov\u016f, byla jim odep\u00edr\u00e1na strava, hydratace \u010di p\u0159\u00edstup k l\u00e9ka\u0159sk\u00e9 p\u00e9\u010di.\u00a0To v\u0161e ve jm\u00e9nu boje proti neviditeln\u00e9 amorfn\u00ed nemoci.\u00a0P\u0159esn\u011b to d\u011blali i nacist\u00e9.<\/span><\/p>\n<p><span>Historick\u00e9 zdroje skute\u010dn\u011b uv\u00e1d\u011bj\u00ed, jak b\u011bhem nacistick\u00e9ho re\u017eimu v N\u011bmecku l\u00e9ka\u0159i opakovan\u011b prosazovali fale\u0161n\u00e9 tvrzen\u00ed, \u017ee \u201e\u017did\u00e9 jsou zodpov\u011bdn\u00ed za propuknut\u00ed tyfu \u2013 smrteln\u00e9 naka\u017eliv\u00e9 nemoci, kterou \u0161\u00ed\u0159\u00ed v\u0161i\u201c.<\/span><\/p>\n<p><span>Rab\u00edn Green tak\u00e9 nazna\u010dil, \u017ee k takov\u00fdm nespravedlnostem m\u016f\u017ee doj\u00edt jen tehdy, kdy\u017e se bezpe\u010dnost a jistota pov\u00fd\u0161\u00ed jako nejvy\u0161\u0161\u00ed hodnoty spole\u010dnosti.\u00a0Tvrd\u00ed, \u017ee i bezpe\u010dnost mus\u00ed b\u00fdt pod\u0159\u00edzena svobod\u011b, co\u017e je \u201ehodnota, pro kterou se vyplat\u00ed zem\u0159\u00edt\u201c.<\/span><\/p>\n<p><span>Rab\u00edn se t\u00edmto principem i s\u00e1m \u0159\u00edd\u00ed.\u00a0\u0158ekl, \u017ee kdy\u017e guvern\u00e9r jeho st\u00e1tu rozhodl, \u017ee ve\u0159ejn\u00e9 bohoslu\u017eby \u201enejsou nezbytn\u00e9\u201c, p\u0159esn\u011b tehdy u\u010dinil rozhodnut\u00ed a \u0159ekl sv\u00e9 \u017een\u011b:\u00a0<\/span><em><span>\u201eNezav\u0159eme dve\u0159e na\u0161\u00ed synagogy ani na jeden den.\u201c<\/span><\/em><\/p>\n<p><span>Jeho \u017eena na to \u0159ekla:\u00a0<\/span><em><span>\u201eCo kdy\u017e n\u011bkdo onemocn\u00ed?\u00a0Co kdy\u017e onemocn\u00edme a zem\u0159eme?\u201c<\/span><\/em><\/p>\n<p><span>Green j\u00ed na to odpov\u011bd\u011bl:\u00a0<\/span><em><span>\u201eMus\u00edme b\u00fdt p\u0159ipraveni zem\u0159\u00edt.\u00a0Mus\u00edme b\u00fdt p\u0159ipraveni zem\u0159\u00edt d\u0159\u00edve, ne\u017e dovol\u00edme vl\u00e1d\u011b zru\u0161it na\u0161e n\u00e1bo\u017eensk\u00e9 ob\u0159ady, na\u0161e pr\u00e1vo \u017e\u00edt.\u00a0Pr\u00e1vo \u017e\u00edt svobodn\u011b\u2026\u201c<\/span><\/em><\/p>\n<h2><span>Z\u00e1v\u011br<\/span><\/h2>\n<p><span>Poslechn\u011bte si v\u00edce o\u010di otev\u00edraj\u00edc\u00edch, ohromuj\u00edc\u00edch p\u0159\u00edb\u011bh\u016f a \u00favah o paralel\u00e1ch mezi nacistick\u00fdm N\u011bmeckem a sv\u011btem z \u00e9ry covidov\u00e9.<\/span><\/p>\n<p><span>V dokument\u00e1rn\u00edm filmu se d\u00e1le dozv\u00edte m\u00e1lo diskutovan\u00e9 informace o p\u011bti velk\u00fdch spole\u010dnostech, kter\u00e9 umo\u017enily realizovat holocaust v jeho obrovsk\u00e9m rozsahu.\u00a0Film naleznete na<strong><span style=\"font-size: 18pt;\">\u00a0<\/span><\/strong><\/span><strong><span style=\"font-size: 18pt;\"><a href=\"https:\/\/live.childrenshealthdefense.org\/chd-tv\/events\/never-again-is-now-global\/Never-Again-Is-Now-Global-Part-1\/\" target=\"_blank\" rel=\"noopener\">tomto odkazu<\/a><\/span><\/strong><span> .<\/span><\/p>\n<p><span>Autor: Emily Mangiaracina, Zdroj:\u00a0<\/span><a href=\"https:\/\/www.lifesitenews.com\/news\/never-again-documentary-draws-disturbing-parallels-between-pre-holocaust-and-covid-era-propaganda\/\" target=\"_blank\" rel=\"noopener\"><span>lifesitenews.com<\/span><\/a><\/p>\n<p>&nbsp;<\/p>\n<p><img decoding=\"async\" loading=\"lazy\" class=\"wp-image-19187 aligncenter\" src=\"http:\/\/www.infokuryr.cz\/n\/wp-content\/uploads\/2022\/12\/1-PRO-300x36.jpg\" alt=\"\" width=\"1125\" height=\"135\" srcset=\"https:\/\/www.infokuryr.cz\/n\/wp-content\/uploads\/2022\/12\/1-PRO-300x36.jpg 300w, https:\/\/www.infokuryr.cz\/n\/wp-content\/uploads\/2022\/12\/1-PRO.jpg 699w\" sizes=\"(max-width: 1125px) 100vw, 1125px\" \/><\/p>\n<p>&nbsp;<\/p>\n","protected":false},"excerpt":{"rendered":"<p>V pond\u011bl\u00ed 30. ledna 2023 byl zve\u0159ejn\u011bn dokument\u00e1rn\u00ed film na str\u00e1nce\u00a0Children&#8217;s Health Defence\u00a0, kter\u00fd p\u0159in\u00e1\u0161\u00ed&#8230;<\/p>\n","protected":false},"author":2,"featured_media":22267,"comment_status":"closed","ping_status":"closed","sticky":false,"template":"","format":"standard","meta":[],"categories":[7],"tags":[23,178,810,1051],"_links":{"self":[{"href":"https:\/\/www.infokuryr.cz\/n\/wp-json\/wp\/v2\/posts\/22266"}],"collection":[{"href":"https:\/\/www.infokuryr.cz\/n\/wp-json\/wp\/v2\/posts"}],"about":[{"href":"https:\/\/www.infokuryr.cz\/n\/wp-json\/wp\/v2\/types\/post"}],"author":[{"embeddable":true,"href":"https:\/\/www.infokuryr.cz\/n\/wp-json\/wp\/v2\/users\/2"}],"replies":[{"embeddable":true,"href":"https:\/\/www.infokuryr.cz\/n\/wp-json\/wp\/v2\/comments?post=22266"}],"version-history":[{"count":0,"href":"https:\/\/www.infokuryr.cz\/n\/wp-json\/wp\/v2\/posts\/22266\/revisions"}],"wp:featuredmedia":[{"embeddable":true,"href":"https:\/\/www.infokuryr.cz\/n\/wp-json\/wp\/v2\/media\/22267"}],"wp:attachment":[{"href":"https:\/\/www.infokuryr.cz\/n\/wp-json\/wp\/v2\/media?parent=22266"}],"wp:term":[{"taxonomy":"category","embeddable":true,"href":"https:\/\/www.infokuryr.cz\/n\/wp-json\/wp\/v2\/categories?post=22266"},{"taxonomy":"post_tag","embeddable":true,"href":"https:\/\/www.infokuryr.cz\/n\/wp-json\/wp\/v2\/tags?post=22266"}],"curies":[{"name":"wp","href":"https:\/\/api.w.org\/{rel}","templated":true}]}}