{"id":22263,"date":"2023-02-04T06:42:29","date_gmt":"2023-02-04T05:42:29","guid":{"rendered":"http:\/\/www.infokuryr.cz\/n\/?p=22263"},"modified":"2023-02-04T06:42:29","modified_gmt":"2023-02-04T05:42:29","slug":"jindrich-kulhavy-uz-si-toho-vsimnuli-vsichni","status":"publish","type":"post","link":"https:\/\/www.infokuryr.cz\/n\/2023\/02\/04\/jindrich-kulhavy-uz-si-toho-vsimnuli-vsichni\/","title":{"rendered":"Jind\u0159ich Kulhav\u00fd: U\u017e si toho v\u0161imnuli v\u0161ichni"},"content":{"rendered":"<div id=\"fb-root\"><\/div>\n<p><span class=\"anotation\">Je\u0161t\u011b p\u0159ed t\u00fddnem obrazn\u011b \u017emoulal nerv\u00f3zn\u011b v\u00a0ruk\u00e1ch \u010depici a \u010dekal, poda\u0159\u00ed li se t\u00fdmu kolem n\u011bj vyhov\u011bt sponzor\u016fm a dosadit ho do s\u00eddla \u010desk\u00fdch kr\u00e1l\u016f. Nyn\u00ed u\u017e se rozmachuje a vykon\u00e1v\u00e1 \u010dinnost, kter\u00e1 mu ze z\u00e1kona st\u00e1le nep\u0159\u00edslu\u0161\u00ed. Dokonce si toho v\u0161imnula i takov\u00e1 propagandistick\u00e1 esa, jak\u00fdmi jsou Kmenta a \u0160afr, p\u0159i\u010dem\u017e i od nich p\u0159i\u0161la kritika. Petr Pavel za\u010dal \u0159\u00e1dit jako \u010dern\u00e1 ruka, a dokonce riskuje trestn\u00ed st\u00edhan\u00ed za p\u0159isvojov\u00e1n\u00ed si ne\u00fam\u011brn\u00fdch pravomoc\u00ed je\u0161t\u011b p\u0159ed p\u0159evzet\u00edm \u00fa\u0159adu. Pravd\u011bpodobn\u011b se nakazil stejnou infekc\u00ed, jako ji\u017e p\u0159ed t\u00edm jeho spolustolovn\u00edci ze v\u010derej\u0161\u00edho setk\u00e1n\u00ed. Fiala, Pekarov\u00e1 Adamov\u00e1 i Vytr\u010dil (v z\u00e1krytu \u010cernochov\u00e1 a N\u011bmcov\u00e1) maj\u00ed toti\u017e f\u00f3bii z\u00a0Ruska a pocit, \u017ee na\u0161e mal\u00e1 zem\u011b m\u00e1 pr\u00e1vo a moc m\u011bnit sv\u011bt a oni zase \u010ceskou republiku k\u00a0obrazu sv\u00e9mu.<\/span><\/p>\n<div id=\"pagetext\">\n<p>\u00a0 Fialu v\u00a0EU nikdo nijak moc kladn\u011b nevn\u00edm\u00e1, sp\u00ed\u0161e p\u0159ipom\u00edn\u00e1 \u0161prta, kter\u00fd se sna\u017e\u00ed zal\u00edbit sv\u00fdm extr\u00e9mn\u00edm podl\u00e9z\u00e1n\u00edm. I p\u0159es zcela zjevnou \u0161kodlivost vytv\u00e1\u0159\u00ed jeho vl\u00e1da c\u00edle, kter\u00fdch by dle t\u011bchto st\u00e1tn\u00edch \u00fa\u0159edn\u00edk\u016f m\u011bla EU dos\u00e1hnout. Jak jinak se lze d\u00edvat na n\u00e1vrhy drsn\u00fdch opat\u0159en\u00ed, kter\u00e1 jsou sou\u010d\u00e1st\u00ed Green Dealu a stala se pape\u017e\u0161t\u011bj\u0161\u00edmi ne\u017e pape\u017e s\u00e1m. To i p\u0159esto, \u017ee jsou likvida\u010dn\u00ed pro zbytky na\u0161eho pr\u016fmyslu. P\u0159esto se Fiala s\u00a0Jure\u010dkou holedbaj\u00ed \u00fasp\u011bchem v\u00a0podob\u011b jejich prosazen\u00ed. P\u0159i vn\u00edm\u00e1n\u00ed ,,\u00fasp\u011bch\u016f\u201c t\u00e9to vl\u00e1dy, jak\u00fdmi jsou nejvy\u0161\u0161\u00ed inflace, nekon\u010d\u00edc\u00ed zdra\u017eov\u00e1n\u00ed potravin a neschopnost stanovit hranice okr\u00e1d\u00e1n\u00ed \u010desk\u00e9ho n\u00e1roda, neochota vzep\u0159\u00edt se potravinov\u00e9 strategii Bruselu v\u010detn\u011b zaveden\u00ed hmyzu do evropsk\u00e9ho j\u00eddeln\u00ed\u010dku, mus\u00edme konstatovat, \u017ee takov\u00e9 lh\u00e1\u0159e jsme ve veden\u00ed st\u00e1tu\u00a0dosud nem\u011bli.<\/p>\n<p>Abychom byli konkr\u00e9tn\u00ed. Skon\u010dil dovoz ropy z\u00a0Ruska (aspo\u0148 v\u00a0\u010d\u00e1sti Evropy) a platby za PHM let\u00ed vzh\u016fru. Cenov\u00e1 politika\u00a0zahrani\u010dn\u00edch majitel\u016f supermarket\u016f \u0161ponuje ceny nahoru. U\u017e nyn\u00ed si na oby\u010dejn\u00fd rohl\u00edk p\u0159id\u00e1vaj\u00ed mar\u017ei cca ve v\u00fd\u0161i 120%. P\u0159itom b\u011b\u017en\u00fd rabat b\u00fdval do 20% u spot\u0159ebn\u00edho zbo\u017e\u00ed (elektronika, \u017eelez\u00e1\u0159stv\u00ed), u potravin by nem\u011bl b\u00fdt o moc vy\u0161\u0161\u00ed. Doty\u010dn\u00fd rohl\u00edk dod\u00e1van\u00fd za 1.70 K\u010d prod\u00e1vaj\u00ed supermarkety za 3.70 K\u010d. Dalo by se pokra\u010dovat, ov\u0161em co plat\u00ed dnes, z\u00edtra bude jinak. V\u00a0leto\u0161n\u00edm roce budou ceny potravin nad\u00e1le stoupat. K\u00a0nim se dost mo\u017en\u00e1 p\u0159idaj\u00ed vy\u0161\u0161\u00ed dan\u011b. Nejv\u011bt\u0161\u00edm l\u00e1kadlem jsou majetkov\u00e9. U dan\u011b z\u00a0nemovitosti si hraj\u00ed s\u00a0my\u0161lenkou na 25n\u00e1sobn\u00e9 nav\u00fd\u0161en\u00ed. Je to zlo\u010din, kter\u00fd nelze nechat jen tak proj\u00edt. Dal\u0161\u00ed prostor maj\u00ed vl\u00e1dn\u00ed v\u00fdb\u011br\u010d\u00ed u automobil\u016f, dost mo\u017en\u00e1 vymysl\u00ed zp\u016fsob, jak lidi obrat o pen\u00edze a z\u00e1rove\u0148 je v\u00a0r\u00e1mci Green Dealu zbavit i vozidel. Za\u010dnou \u0159e\u010dmi o klimatu a s\u00e1hnou po t\u011bch star\u0161\u00edch, brzy zp\u0159\u00edsn\u00ed po\u017eadavky a za \u0161kodliv\u00e9 ur\u010d\u00ed i ty nov\u00e1 spl\u0148uj\u00edc\u00ed p\u0159\u00edsn\u00e9 normy.\u00a0 Naprosto nepraktick\u00e1 a l\u017eiv\u011b uv\u00e1d\u011bn\u00e1 bezemisn\u00ed elektroauta zdra\u017e\u00ed a budou jedinou variantou. A kdyby se i p\u0159esto roz\u0161\u00ed\u0159ila, dojde na n\u011b zdan\u011bn\u00ed tak\u00e9. To je pl\u00e1n EU, Fialy a podporuje ho i Pavel. Zapadl perfektn\u011b do strategie. Ov\u0161em nejen evropsk\u00e9. Vzhledem k\u00a0nadstandardn\u00edm vztah\u016fm sv\u00e9ho loutkovodi\u010de Kol\u00e1\u0159e se Spojen\u00fdmi st\u00e1ty a vlastn\u00ed minulost\u00ed ve veden\u00ed NATO bude napl\u0148ovat p\u0159edev\u0161\u00edm p\u0159edstavy Ameri\u010dan\u016f. To sam\u00e9 u\u017e d\u011bl\u00e1 Fialova klika, i proto nen\u00ed nijak zvl\u00e1\u0161t\u011b obl\u00edben\u00e1 v\u00a0\u0161ir\u0161\u00ed Evrop\u011b.<\/p>\n<p>Dal\u0161\u00edmi spolused\u00edc\u00edmi byli Taiwanec Vystr\u010dil a na podobnou cestu se p\u0159ipravuj\u00edc\u00ed Pekarov\u00e1-Adamov\u00e1. Vystr\u010dil sv\u00fdm chov\u00e1n\u00edm zazdil \u0159adu funguj\u00edc\u00edch obchod\u016f s\u00a0\u010c\u00ednou a p\u0159ipravil tak n\u00e1\u0161 st\u00e1t o mnoho pen\u011bz a zbytky dobr\u00e9ho jm\u00e9na v\u00a0t\u00e9to oblasti. Vystr\u010dil pat\u0159\u00ed do skupiny politik\u016f up\u0159ednost\u0148uj\u00edc\u00edch pseudodemokratickou ideologii p\u0159ed z\u00e1jmy zem\u011b, ve kter\u00e9 zast\u00e1v\u00e1 vysokou funkci. Pekarov\u00e1 je na tom \u00fapln\u011b stejn\u011b, jen je t\u0159eba je\u0161t\u011b p\u0159idat nesm\u00edrnou d\u00e1vku drzosti, arogance a neschopnosti. Tato b\u00fdval\u00e1 zam\u011bstnankyn\u011b callcentra si p\u0159i\u010dichla k\u00a0moci a jej\u00ed od\u00e9r ji pohltil. Nelze se pot\u00e9 divit jej\u00edm katastrof\u00e1ln\u00edm v\u00fdrok\u016fm potla\u010duj\u00edc\u00edm jakoukoliv logiku. Nulov\u00e1 politick\u00e1 a diplomatick\u00e1 schopnost ji tak p\u0159edur\u010duje b\u00fdt skute\u010dnou \u0161kodnou. Je na to podobn\u011b, jako ministr zahrani\u010d\u00ed Lipavsk\u00fd. Toho v\u0161ak do party ke stolu nep\u0159ibrali. Podobn\u011b ani Raku\u0161ana. Ministr vnitra v\u0161ak d\u011bl\u00e1 tu nej\u0161pinav\u011bj\u0161\u00ed pr\u00e1ci, tedy se sv\u00fdm nov\u011b utv\u00e1\u0159en\u00fdm \u00fatvarem na pot\u00edr\u00e1n\u00ed svobod a voln\u00e9ho prostoru pro informace u\u017e rozes\u00edl\u00e1 bloger\u016fm a majitel\u016fm n\u011bkter\u00fdch web\u016f pozv\u00e1nky k\u00a0pod\u00e1n\u00ed vysv\u011btlen\u00ed t\u00fdkaj\u00edc\u00edch se n\u011bkter\u00fdch aktivit na internetu. Raku\u0161an byl medi\u00e1ln\u011b upozadn\u011bn, zvl\u00e1\u0161t\u011b po skand\u00e1lech STAN, ov\u0161em nad\u00e1le se soust\u0159ed\u00ed na tzv. boj s\u00a0dezinformacemi.<\/p>\n<p>Cel\u00e1 tato parti\u010dka se tetel\u00ed blahem nad svou nov\u011b z\u00edskanou moc\u00ed. Pravdou je, \u017ee zastavit je nyn\u00ed nen\u00ed re\u00e1ln\u00e9. Nav\u00edc maj\u00ed podporu zna\u010dn\u00e9 \u010d\u00e1sti p\u0159edev\u0161\u00edm modro\u017elut\u011b lad\u011bn\u00e9 spole\u010dnosti, kter\u00e1 si neuv\u011bdomuje d\u016fsledky toho, co svou naivitou dopustila. Vrac\u00edme se k\u00a0totalit\u011b podlo\u017een\u00e9 vadnou ideologi\u00ed.<\/p>\n<p><a href=\"https:\/\/www.inadhled.live\/uvaha-dne\/uz-si-toho-vsimnuli-vsichni\/\">Jind\u0159ich Kulhav\u00fd<\/a><\/p>\n<\/div>\n<p>&nbsp;<\/p>\n<p><img decoding=\"async\" loading=\"lazy\" class=\"wp-image-19187 aligncenter\" src=\"http:\/\/www.infokuryr.cz\/n\/wp-content\/uploads\/2022\/12\/1-PRO-300x36.jpg\" alt=\"\" width=\"1133\" height=\"136\" srcset=\"https:\/\/www.infokuryr.cz\/n\/wp-content\/uploads\/2022\/12\/1-PRO-300x36.jpg 300w, https:\/\/www.infokuryr.cz\/n\/wp-content\/uploads\/2022\/12\/1-PRO.jpg 699w\" sizes=\"(max-width: 1133px) 100vw, 1133px\" \/><\/p>\n<p>&nbsp;<\/p>\n","protected":false},"excerpt":{"rendered":"<p>Je\u0161t\u011b p\u0159ed t\u00fddnem obrazn\u011b \u017emoulal nerv\u00f3zn\u011b v\u00a0ruk\u00e1ch \u010depici a \u010dekal, poda\u0159\u00ed li se t\u00fdmu kolem&#8230;<\/p>\n","protected":false},"author":2,"featured_media":22264,"comment_status":"closed","ping_status":"closed","sticky":false,"template":"","format":"standard","meta":[],"categories":[6],"tags":[29,535,1173,122],"_links":{"self":[{"href":"https:\/\/www.infokuryr.cz\/n\/wp-json\/wp\/v2\/posts\/22263"}],"collection":[{"href":"https:\/\/www.infokuryr.cz\/n\/wp-json\/wp\/v2\/posts"}],"about":[{"href":"https:\/\/www.infokuryr.cz\/n\/wp-json\/wp\/v2\/types\/post"}],"author":[{"embeddable":true,"href":"https:\/\/www.infokuryr.cz\/n\/wp-json\/wp\/v2\/users\/2"}],"replies":[{"embeddable":true,"href":"https:\/\/www.infokuryr.cz\/n\/wp-json\/wp\/v2\/comments?post=22263"}],"version-history":[{"count":0,"href":"https:\/\/www.infokuryr.cz\/n\/wp-json\/wp\/v2\/posts\/22263\/revisions"}],"wp:featuredmedia":[{"embeddable":true,"href":"https:\/\/www.infokuryr.cz\/n\/wp-json\/wp\/v2\/media\/22264"}],"wp:attachment":[{"href":"https:\/\/www.infokuryr.cz\/n\/wp-json\/wp\/v2\/media?parent=22263"}],"wp:term":[{"taxonomy":"category","embeddable":true,"href":"https:\/\/www.infokuryr.cz\/n\/wp-json\/wp\/v2\/categories?post=22263"},{"taxonomy":"post_tag","embeddable":true,"href":"https:\/\/www.infokuryr.cz\/n\/wp-json\/wp\/v2\/tags?post=22263"}],"curies":[{"name":"wp","href":"https:\/\/api.w.org\/{rel}","templated":true}]}}