{"id":22260,"date":"2023-02-04T06:00:31","date_gmt":"2023-02-04T05:00:31","guid":{"rendered":"http:\/\/www.infokuryr.cz\/n\/?p=22260"},"modified":"2023-02-04T06:32:48","modified_gmt":"2023-02-04T05:32:48","slug":"jiri-paroubek-i-americane-citi-ze-valku-na-ukrajine-je-potreba-uzavrit","status":"publish","type":"post","link":"https:\/\/www.infokuryr.cz\/n\/2023\/02\/04\/jiri-paroubek-i-americane-citi-ze-valku-na-ukrajine-je-potreba-uzavrit\/","title":{"rendered":"Ji\u0159\u00ed Paroubek: I Ameri\u010dan\u00e9 c\u00edt\u00ed, \u017ee v\u00e1lku na Ukrajin\u011b je pot\u0159eba uzav\u0159\u00edt"},"content":{"rendered":"<div id=\"fb-root\"><\/div>\n<p><strong>Ostatn\u011b, zd\u00e1 se, \u017ee zbrojn\u00ed arzen\u00e1ly zem\u00ed NATO jsou dost vymeten\u00e9. A jestli n\u011bco vypl\u00fdv\u00e1 z jinak velmi neobjektivn\u00edho zpravodajstv\u00ed \u010cT z Ukrajiny, pak to, \u017ee Ukrajinci mus\u00ed \u0161et\u0159it munic\u00ed, proto\u017ee se jim j\u00ed prost\u011b nedost\u00e1v\u00e1.<\/strong><\/p>\n<p>R\u016fzn\u00e9 zbra\u0148ov\u00e9 syst\u00e9my, kter\u00e9 na Ukrajinu p\u0159ich\u00e1zej\u00ed \u017ee Z\u00e1padu, kter\u00e9 postupn\u011b nahrazuj\u00ed zni\u010denou p\u016fvodn\u00ed v\u00fdzbroj ze sov\u011btsk\u00fdch \u010das\u016f, samoz\u0159ejm\u011b jen zvy\u0161uj\u00ed n\u00e1roky na logistiku, na \u00fadr\u017ebu a opravy, ale tak\u00e9 na obsluhu zbran\u00ed. Zkr\u00e1tka, ta p\u0159\u00edli\u0161n\u00e1 diverzifikace zbran\u00ed, kter\u00e9 na Ukrajinu p\u0159ich\u00e1zej\u00ed, nen\u00ed pr\u00e1v\u011b ide\u00e1ln\u00ed pro ukrajinskou arm\u00e1du.<\/p>\n<p>Podle \u010desk\u00fdmi m\u00e9dii velmi zaml\u017eovan\u00fdch zpr\u00e1v je z\u0159ejm\u00e9, \u017ee Rusov\u00e9 jsou na v\u00fdchodn\u00ed Ukrajin\u011b na postupu. Postupuj\u00ed pomalu, ale jist\u011b a p\u0159ibli\u017euj\u00ed se ke strategick\u00fdm c\u00edl\u016fm, kter\u00e9 si p\u0159edsevzali, p\u0159edev\u0161\u00edm k Bachmutu. Na dohled u\u017e se zd\u00e1 b\u00fdt i Kramatorsk.<\/p>\n<p>Velen\u00ed ukrajinsk\u00e9 arm\u00e1dy se ob\u00e1v\u00e1 rusk\u00e9 ofenzivy, kter\u00e1 by mohla v nejbli\u017e\u0161\u00ed dob\u011b p\u0159ij\u00edt. Nemysl\u00edm, \u017ee p\u0159ijde 24. \u00fanora, tedy p\u0159i v\u00fdro\u010d\u00ed invaze rusk\u00fdch vojsk na Ukrajinu, ale p\u0159ijde v okam\u017eiku, kdy mrazy zpevn\u00ed p\u016fdu natolik, aby mohly prob\u00edhat operace s nasazen\u00edm tank\u016f a dal\u0161\u00ed t\u011b\u017ek\u00e9 techniky.<\/p>\n<p>Ukrajinsk\u00e1 infrastruktura je p\u0159itom siln\u011b naru\u0161ena a Rusov\u00e9 pokra\u010duj\u00ed v raketov\u00fdch \u00fatoc\u00edch, zejm\u00e9na na energetickou infrastrukturu. A nov\u00fdm c\u00edlem jsou v posledn\u00edch t\u00fddnech turb\u00edny tepeln\u00fdch elektr\u00e1ren. To je velmi v\u00e1\u017en\u00e9, nebo\u0165 zrekonstruovat takovou tepelnou elektr\u00e1rnu v situaci, kdy je zni\u010dena turb\u00edna, je z\u00e1le\u017eitost\u00ed nikoliv t\u00fddn\u016f \u010di m\u011bs\u00edc\u016f, ale let.<\/p>\n<p>Podle zpr\u00e1v n\u011bkter\u00fdch z\u00e1padn\u00edch m\u00e9di\u00ed v\u010detn\u011b v\u011bt\u0161inou dob\u0159e informovan\u00e9ho den\u00edku The New York Times, nav\u0161t\u00edvil v polovin\u011b ledna Moskvu a Kyjev, \u0161\u00e9f CIA, Burns, s nab\u00eddkou nebo sp\u00ed\u0161e se sond\u00e1\u017e\u00ed, za jak\u00fdch podm\u00ednek je mo\u017en\u00e9 ukon\u010dit st\u00e1vaj\u00edc\u00ed konflikt. \u00dadajn\u011b nab\u00eddl Rus\u016fm podle principu \u201em\u00edr za p\u016fdu\u201c jednu p\u011btinu ukrajinsk\u00e9ho \u00fazem\u00ed, ostatn\u011b vesm\u011bs s ruskojazy\u010dn\u00fdm obyvatelstvem na v\u00fdchod\u011b a jihu Ukrajiny. Jedna p\u011btina ukrajinsk\u00e9ho \u00fazem\u00ed ov\u0161em znamen\u00e1 zhruba rozlohu regionu Donbasu. Byl odm\u00edtnut.<\/p>\n<p>Byl odm\u00edtnut tak\u00e9 Ukrajinci, kter\u00fdm se princip \u201ep\u016fda za m\u00edr\u201c nel\u00edb\u00ed. Zelensk\u00e9ho veden\u00ed nechce vydat ani p\u00ed\u010f ukrajinsk\u00e9ho \u00fazem\u00ed. Je ot\u00e1zka, do jak\u00e9 m\u00edry je to je\u0161t\u011b realistick\u00e9.<\/p>\n<p>Ukrajinsk\u00e9 veden\u00ed p\u0159edpokl\u00e1d\u00e1, \u017ee 400 tank\u016f, kter\u00e9 b\u011bhem roku p\u0159ijdou ze Z\u00e1padu na Ukrajinu, m\u016f\u017ee z\u00e1sadn\u00edm zp\u016fsobem zm\u011bnit situaci na boji\u0161ti v jejich prosp\u011bch. Rusov\u00e9 v\u0161ak maj\u00ed k dispozici tis\u00edce tank\u016f. Odhady po\u010dtu rusk\u00fdch tank\u016f se pohybuj\u00ed mezi 3 a\u017e 10 tis\u00edci stroji. A ka\u017ed\u00fd m\u011bs\u00edc \u00fadajn\u011b sj\u00ed\u017ed\u00ed z v\u00fdrobn\u00edch linek n\u011bkolik des\u00edtek rusk\u00fdch tank\u016f nejnov\u011bj\u0161\u00edho typu T-90. Je tedy pravd\u011bpodobn\u00e9, \u017ee a\u017e doraz\u00ed on\u011bch 400 relativn\u011b modern\u00edch n\u011bmeck\u00fdch, americk\u00fdch a britsk\u00fdch tank\u016f na Ukrajinu, budou m\u00edt Rusov\u00e9 p\u0159ipraven nejm\u00e9n\u011b stejn\u00fd po\u010det sv\u00fdch nejmodern\u011bj\u0161\u00edch stroj\u016f na jejich eliminaci. Krom\u011b toho, v\u0161ichni kdo, budou dod\u00e1vat ze Z\u00e1padu tanky na Ukrajinu, budou opat\u0159ovat tanky novou elektrotechnikou, aby nepadla Rus\u016fm do rukou ta nejmodern\u011bj\u0161\u00ed z\u00e1padn\u00ed technologie, tedy nejmodern\u011bj\u0161\u00ed vybaven\u00ed tank\u016f. Americk\u00e9 Abramsy budou podrobeny v\u00fdm\u011bn\u011b panc\u00ed\u0159e, nebo\u0165 jejich panc\u00e9\u0159ov\u00e1n\u00ed je vyztu\u017eeno ochuzen\u00fdm uranem, kter\u00fd zesiluje \u00fa\u010dinnost panc\u00ed\u0159e. Pokud by do\u0161lo ke zni\u010den\u00ed takov\u00fdch tank\u016f, ani\u017e by byla provedena odpov\u00eddaj\u00edc\u00ed demont\u00e1\u017e \u010d\u00e1st\u00ed zpevn\u011bn\u00fdch ochuzen\u00fdm uranem, byly by \u0161ir\u0161\u00ed oblasti Ukrajiny zamo\u0159eny radioaktivitou.<\/p>\n<p>Z rusk\u00e9 strany tedy do\u0161lo k odm\u00edtnut\u00ed americk\u00fdch n\u00e1vrh\u016f, nebo\u0165 Rusko se domn\u00edv\u00e1, \u017ee je schopno ve v\u00e1lce zv\u00edt\u011bzit a dos\u00e1hnout sv\u00fdch v\u00e1le\u010dn\u00fdch c\u00edl\u016f, kter\u00e9 z\u0159ejm\u011b spo\u010d\u00edvaj\u00ed v obsazen\u00ed cel\u00e9 Don\u011bck\u00e9, Luhansk\u00e9 a Z\u00e1poro\u017esk\u00e9 oblasti. A pokud by snad bylo zni\u010deno j\u00e1dro nejlep\u0161\u00edch \u00fatvar\u016f ukrajinsk\u00fdch vojsk na v\u00fdchodn\u00ed Ukrajin\u011b, m\u016f\u017eou b\u00fdt vojensk\u00e9 c\u00edle Rus\u016f je\u0161t\u011b ambici\u00f3zn\u011bj\u0161\u00ed. A to ve sm\u011bru na ruskojazy\u010dn\u00fd Charkov, na p\u0159ev\u00e1\u017en\u011b ruskojazy\u010dnou Od\u011bsu i na Kyjev. I z tohoto d\u016fvodu by bylo dobr\u00e9 ukon\u010dit boje na Ukrajin\u011b prozat\u00edm alespo\u0148 p\u0159\u00edm\u011b\u0159\u00edm.<\/p>\n<p>V tomto t\u00fddnu tak\u00e9 prob\u011bhla \u010desk\u00fdmi m\u00e9dii stru\u010dn\u00e1 zpr\u00e1va o n\u00e1v\u0161t\u011bv\u011b n\u011bmeck\u00e9ho kancl\u00e9\u0159e Scholze v Braz\u00edlii, kde se setkal s prezidentem Lulou da Silvou. Scholz po\u017eadoval od Luly da Silvy dod\u00e1vky munice pro Ukrajinu. Lula da Silva toto odm\u00edtl a hovo\u0159il rovn\u011b\u017e o pot\u0159eb\u011b vytvo\u0159en\u00ed skupiny zem\u00ed, kter\u00e9 budou jednat s Ukrajinou a s Ruskem o m\u00edrov\u00e9m \u0159e\u0161en\u00ed. Mimo Braz\u00edlie jmenoval mezi zem\u011bmi, kter\u00e9 by se mohly v t\u00e9to skupin\u011b anga\u017eovat tak\u00e9 \u010c\u00ednu, co\u017e m\u00e1 svou logiku.<\/p>\n<p>Na Ukrajin\u011b v sou\u010dasn\u00e9 dob\u011b prob\u00edh\u00e1 spektakul\u00e1rn\u00ed hon na korup\u010dn\u00edky. Ob\u00e1v\u00e1m se ov\u0161em, \u017ee korupce prostoupila vedouc\u00ed k\u00e1dry na Ukrajin\u011b na nejr\u016fzn\u011bj\u0161\u00edch \u00farovn\u00edch. Zdola nahoru a shora dol\u016f.<\/p>\n<p>To, \u017ee bude zat\u010deno n\u011bkolik mal\u00fdch a v\u011bt\u0161\u00edch ryb ov\u0161em naznamen\u00e1, \u017ee bude zni\u010dena rakovina korupce, kter\u00e1 je prost\u011b ned\u00edlnou sou\u010d\u00e1st\u00ed \u010dinnosti politick\u00fdch a ekonomick\u00fdch elit na Ukrajin\u011b. To si dob\u0159e uv\u011bdomuj\u00ed i v\u0161ichni l\u00edd\u0159i evropsk\u00fdch zem\u00ed \u2013 mo\u017en\u00e1 s v\u00fdjimkou nov\u011b zvolen\u00e9ho prezidenta P. Pavla \u2013 a uv\u00e1d\u011bj\u00ed prezidenta Zelensk\u00e9ho do reality. Zelensk\u00fd v tomto t\u00fddnu vyhla\u0161oval svou p\u0159edstavu, \u017ee Ukrajin\u011b bude umo\u017en\u011bno vstoupit do EU s plnohodnotn\u00fdm \u010dlenstv\u00edm za dva roky. Evrop\u0161t\u00ed l\u00edd\u0159i v\u011bt\u0161inou hovo\u0159\u00ed o tom, \u017ee to nebude mo\u017en\u00e9 a\u017e po n\u011bkolika desetilet\u00edch.<\/p>\n<p><a href=\"https:\/\/vasevec.info\/komentare\/i-americane-citi-ze-valku-na-ukrajine-je-potreba-uzavrit\">Ji\u0159\u00ed Paroubek<\/a><\/p>\n<p><img decoding=\"async\" loading=\"lazy\" class=\"alignnone size-medium wp-image-2342\" src=\"http:\/\/www.infokuryr.cz\/n\/wp-content\/uploads\/2021\/06\/paroubek-300x208.jpg\" alt=\"\" width=\"300\" height=\"208\" srcset=\"https:\/\/www.infokuryr.cz\/n\/wp-content\/uploads\/2021\/06\/paroubek-300x208.jpg 300w, https:\/\/www.infokuryr.cz\/n\/wp-content\/uploads\/2021\/06\/paroubek.jpg 318w\" sizes=\"(max-width: 300px) 100vw, 300px\" \/><\/p>\n<p>_____________________________<\/p>\n<p>&nbsp;<\/p>\n<p><img decoding=\"async\" loading=\"lazy\" class=\"wp-image-19187 aligncenter\" src=\"http:\/\/www.infokuryr.cz\/n\/wp-content\/uploads\/2022\/12\/1-PRO-300x36.jpg\" alt=\"\" width=\"1142\" height=\"137\" srcset=\"https:\/\/www.infokuryr.cz\/n\/wp-content\/uploads\/2022\/12\/1-PRO-300x36.jpg 300w, https:\/\/www.infokuryr.cz\/n\/wp-content\/uploads\/2022\/12\/1-PRO.jpg 699w\" sizes=\"(max-width: 1142px) 100vw, 1142px\" \/><\/p>\n<p>&nbsp;<\/p>\n","protected":false},"excerpt":{"rendered":"<p>Ostatn\u011b, zd\u00e1 se, \u017ee zbrojn\u00ed arzen\u00e1ly zem\u00ed NATO jsou dost vymeten\u00e9. A jestli n\u011bco vypl\u00fdv\u00e1&#8230;<\/p>\n","protected":false},"author":2,"featured_media":20103,"comment_status":"closed","ping_status":"closed","sticky":false,"template":"","format":"standard","meta":[],"categories":[6],"tags":[29,26,37],"_links":{"self":[{"href":"https:\/\/www.infokuryr.cz\/n\/wp-json\/wp\/v2\/posts\/22260"}],"collection":[{"href":"https:\/\/www.infokuryr.cz\/n\/wp-json\/wp\/v2\/posts"}],"about":[{"href":"https:\/\/www.infokuryr.cz\/n\/wp-json\/wp\/v2\/types\/post"}],"author":[{"embeddable":true,"href":"https:\/\/www.infokuryr.cz\/n\/wp-json\/wp\/v2\/users\/2"}],"replies":[{"embeddable":true,"href":"https:\/\/www.infokuryr.cz\/n\/wp-json\/wp\/v2\/comments?post=22260"}],"version-history":[{"count":0,"href":"https:\/\/www.infokuryr.cz\/n\/wp-json\/wp\/v2\/posts\/22260\/revisions"}],"wp:featuredmedia":[{"embeddable":true,"href":"https:\/\/www.infokuryr.cz\/n\/wp-json\/wp\/v2\/media\/20103"}],"wp:attachment":[{"href":"https:\/\/www.infokuryr.cz\/n\/wp-json\/wp\/v2\/media?parent=22260"}],"wp:term":[{"taxonomy":"category","embeddable":true,"href":"https:\/\/www.infokuryr.cz\/n\/wp-json\/wp\/v2\/categories?post=22260"},{"taxonomy":"post_tag","embeddable":true,"href":"https:\/\/www.infokuryr.cz\/n\/wp-json\/wp\/v2\/tags?post=22260"}],"curies":[{"name":"wp","href":"https:\/\/api.w.org\/{rel}","templated":true}]}}