{"id":22259,"date":"2023-02-04T06:30:01","date_gmt":"2023-02-04T05:30:01","guid":{"rendered":"http:\/\/www.infokuryr.cz\/n\/?p=22259"},"modified":"2023-02-04T06:30:01","modified_gmt":"2023-02-04T05:30:01","slug":"miroslav-suja-jak-konci-zradci","status":"publish","type":"post","link":"https:\/\/www.infokuryr.cz\/n\/2023\/02\/04\/miroslav-suja-jak-konci-zradci\/","title":{"rendered":"Miroslav Suja: Jak kon\u010d\u00ed zr\u00e1dci"},"content":{"rendered":"<div id=\"fb-root\"><\/div>\n<div class=\"f2c-introarticle\">\n<div class=\"f2c-introtext\">\n<p><strong>Jsem te\u010f p\u00e1r m\u011bs\u00edc\u016f v Panam\u011b a v souvislosti s prezidentsk\u00fdmi volbami v \u010cR m\u011b zaujal p\u0159\u00edb\u011bh jednoho m\u00edstn\u00edho dikt\u00e1tora &#8211; zr\u00e1dce, kter\u00fd si tak\u00e9 myslel, \u017ee m\u016f\u017ee zrazovat sv\u00e9 p\u00e1n\u00ed\u010dky a p\u0159evl\u00e9kat kab\u00e1ty, jak se mu zachce.<\/strong><\/p>\n<p>P\u0159e\u010dt\u011bte si co Spojen\u00e9 st\u00e1ty d\u011blaj\u00ed s lidmi, kte\u0159\u00ed zrazuj\u00ed a p\u0159evl\u00e9kaj\u00ed kab\u00e1ty, podle toho jak se jim to pr\u00e1v\u011b hod\u00ed.<\/p>\n<\/div>\n<\/div>\n<div class=\"f2c-maintext\">\n<p>Nejd\u0159\u00edve byl spojencem Spojen\u00fdch st\u00e1t\u016f a od 50. let do 80. let 20. stolet\u00ed pracoval i pro CIA. Pozd\u011bji se orientoval nacionalisticky a protiamericky. Podporoval obchod s drogami, poru\u0161oval embargo Kuby. N\u00e1sledn\u011b jej Spojen\u00e9 st\u00e1ty obvinily ze \u0161pion\u00e1\u017ee pro Kubu pod vl\u00e1dou Fidela Castra. Nato Noriega zm\u011bnil svoji r\u00e9toriku a za\u010dal ve\u0159ejn\u011b ozna\u010dovat Spojen\u00e9 st\u00e1ty za nep\u0159\u00edtele.<\/p>\n<p>B\u011bhem invaze Spojen\u00fdch st\u00e1t\u016f do Panamy se Noriega ukr\u00fdval a str\u00e1vil i n\u011bkolik t\u00fddn\u016f na velvyslanectv\u00ed Svat\u00e9ho stolce v Panam\u011b pod jeho ochranou jako uprchl\u00edk. Americk\u00e9 arm\u00e1dn\u00ed jednotky oblast uzav\u0159ely a obl\u00e9haly velvyslanectv\u00ed. Sou\u010d\u00e1st\u00ed obl\u00e9h\u00e1n\u00ed byl i psychologick\u00fd n\u00e1tlak, jen\u017e zahrnoval pou\u0161t\u011bn\u00ed hlasit\u00e9 hudby atd. Arm\u00e1dn\u00ed jednotky nemohly vtrhnout dovnit\u0159 a Noriegu zatknout, proto\u017ee budova vyslanectv\u00ed i jeho pozemek byly majetkem a suver\u00e9nn\u00edm \u00fazem\u00edm Svat\u00e9ho stolce a byly pod ochranou V\u00edde\u0148sk\u00e9 \u00famluvy.<\/p>\n<p>Dne 3. ledna se Noriega vzdal, byl zat\u010den a odvezen na Floridu, kde byl obvin\u011bn dle feder\u00e1ln\u00edch z\u00e1kon\u016f a postaven p\u0159ed soud. Mimo jin\u00e9 byl obvin\u011bn z pa\u0161ov\u00e1n\u00ed drog, vyd\u00edr\u00e1n\u00ed a finan\u010dn\u00edho podvodu. Na lavici sv\u011bdk\u016f usedli i n\u011bkte\u0159\u00ed z jeho b\u00fdval\u00fdch spojenc\u016f i jeho nep\u0159\u00e1tel\u00e9. Noriega byl nakonec shled\u00e1n vinn\u00fdm a dne 10. \u010dervence 1992 byl odsouzen na 40 let. V roce 1999 mu byl tento trest zm\u00edrn\u011bn na 30 let.<\/p>\n<p>O extradici Noriegy po\u017e\u00e1dala v roce 1999 Panama, aby se zde zpov\u00eddal ze zlo\u010din\u016f, je\u017e se staly b\u011bhem jeho vl\u00e1dy. V nep\u0159\u00edtomnosti byl v roce 1995 odsouzen na 20 let odn\u011bt\u00ed svobody. O jeho vyd\u00e1n\u00ed po\u017e\u00e1dala rovn\u011b\u017e Francie, kter\u00e1 jej odsoudila za finan\u010dn\u00ed podvod na 10 let. V roce 2010 byl vyd\u00e1n Francii, kde str\u00e1vil jeden rok ve vazb\u011b. V prosinci 2011 jej Francie vydala do Panamy.<\/p>\n<p>V b\u0159eznu roku 2017 se podrobil kv\u016fli n\u00e1lezu n\u00e1doru operaci mozku, posl\u00e9ze se mu spustila krv\u00e1cen\u00ed, kter\u00e1 se neda\u0159ilo zastavit a upadl do k\u00f3matu. Na n\u00e1sledky krv\u00e1cen\u00ed dne 29. kv\u011btna t\u00e9ho\u017e roku tak\u00e9 zem\u0159el.<\/p>\n<p>Zdroj:\u00a0<a href=\"https:\/\/cs.wikipedia.org\/wiki\/Manuel_Noriega\">https:\/\/cs.wikipedia.org\/wiki\/Manuel_Noriega<\/a><\/p>\n<p>&#8212;&#8212;&#8212;&#8212;&#8212;&#8212;&#8212;&#8212;&#8211;<\/p>\n<p>A te\u010f si m\u00edsto USA dosa\u010fte t\u0159eba Rusko (jako n\u00e1stupce SSSR) a m\u00edsto Panamy t\u0159eba \u010cR a m\u00edsto Kuby (pota\u017emo SSSR) t\u0159eba Zelensk\u00e9ho Ukrajinu, (pota\u017emo USA). No a za gener\u00e1la Noriegu t\u0159eba jin\u00e9ho gener\u00e1la.<\/p>\n<p>U\u017e ch\u00e1pete pro\u010d se tak n\u011bkte\u0159\u00ed, p\u0159evl\u00e9ka\u010di kab\u00e1t\u016f a p\u0159isluhova\u010di minul\u00e9ho re\u017eimu, kte\u0159\u00ed p\u0159\u00edsahali v\u011brnost SSSR a Var\u0161avsk\u00e9 smlouv\u011b (pozn.:\u00a0\u00a0konkr\u00e9tn\u011b sov\u011btsk\u00e9 arm\u00e1d\u011b i\u00a0arm\u00e1d\u00e1m ostatn\u00edch socialistick\u00fdch zem\u00ed v\u00a0boji proti jeho nep\u0159\u00e1tel\u016fm&#8230;.) tak vehementn\u011b sna\u017e\u00ed zat\u00e1hnout NATO a EU a tud\u00ed\u017e i n\u00e1s do v\u00e1lky s Ruskem?<\/p>\n<p><strong>Mimochodem, Rusov\u00e9 za zradu \u00fadajn\u011b rovnou popravuj\u00ed.\u00a0\u00a0<\/strong><\/p>\n<p><em><strong>Miroslav Suja<\/strong><\/em><\/p>\n<\/div>\n<p>&nbsp;<\/p>\n<p><img decoding=\"async\" loading=\"lazy\" class=\"wp-image-19187 aligncenter\" src=\"http:\/\/www.infokuryr.cz\/n\/wp-content\/uploads\/2022\/12\/1-PRO-300x36.jpg\" alt=\"\" width=\"1125\" height=\"135\" srcset=\"https:\/\/www.infokuryr.cz\/n\/wp-content\/uploads\/2022\/12\/1-PRO-300x36.jpg 300w, https:\/\/www.infokuryr.cz\/n\/wp-content\/uploads\/2022\/12\/1-PRO.jpg 699w\" sizes=\"(max-width: 1125px) 100vw, 1125px\" \/><\/p>\n<p>&nbsp;<\/p>\n<div class=\"f2c-maintext\">\n<p>&nbsp;<\/p>\n<\/div>\n","protected":false},"excerpt":{"rendered":"<p>Jsem te\u010f p\u00e1r m\u011bs\u00edc\u016f v Panam\u011b a v souvislosti s prezidentsk\u00fdmi volbami v \u010cR m\u011b&#8230;<\/p>\n","protected":false},"author":2,"featured_media":14433,"comment_status":"closed","ping_status":"closed","sticky":false,"template":"","format":"standard","meta":[],"categories":[6],"tags":[29,993,849],"_links":{"self":[{"href":"https:\/\/www.infokuryr.cz\/n\/wp-json\/wp\/v2\/posts\/22259"}],"collection":[{"href":"https:\/\/www.infokuryr.cz\/n\/wp-json\/wp\/v2\/posts"}],"about":[{"href":"https:\/\/www.infokuryr.cz\/n\/wp-json\/wp\/v2\/types\/post"}],"author":[{"embeddable":true,"href":"https:\/\/www.infokuryr.cz\/n\/wp-json\/wp\/v2\/users\/2"}],"replies":[{"embeddable":true,"href":"https:\/\/www.infokuryr.cz\/n\/wp-json\/wp\/v2\/comments?post=22259"}],"version-history":[{"count":0,"href":"https:\/\/www.infokuryr.cz\/n\/wp-json\/wp\/v2\/posts\/22259\/revisions"}],"wp:featuredmedia":[{"embeddable":true,"href":"https:\/\/www.infokuryr.cz\/n\/wp-json\/wp\/v2\/media\/14433"}],"wp:attachment":[{"href":"https:\/\/www.infokuryr.cz\/n\/wp-json\/wp\/v2\/media?parent=22259"}],"wp:term":[{"taxonomy":"category","embeddable":true,"href":"https:\/\/www.infokuryr.cz\/n\/wp-json\/wp\/v2\/categories?post=22259"},{"taxonomy":"post_tag","embeddable":true,"href":"https:\/\/www.infokuryr.cz\/n\/wp-json\/wp\/v2\/tags?post=22259"}],"curies":[{"name":"wp","href":"https:\/\/api.w.org\/{rel}","templated":true}]}}