{"id":22258,"date":"2023-02-04T06:26:14","date_gmt":"2023-02-04T05:26:14","guid":{"rendered":"http:\/\/www.infokuryr.cz\/n\/?p=22258"},"modified":"2023-02-04T06:26:14","modified_gmt":"2023-02-04T05:26:14","slug":"placene-poradenstvi-premierovi-pri-psani-pro-nezavisly-server","status":"publish","type":"post","link":"https:\/\/www.infokuryr.cz\/n\/2023\/02\/04\/placene-poradenstvi-premierovi-pri-psani-pro-nezavisly-server\/","title":{"rendered":"Placen\u00e9 poradenstv\u00ed premi\u00e9rovi p\u0159i psan\u00ed pro &#8222;nez\u00e1visl\u00fd&#8220; server"},"content":{"rendered":"<div id=\"fb-root\"><\/div>\n<h2 class=\"style-scope ytd-watch-metadata\">V ODS \u017e\u00e1dn\u00fd probl\u00e9m. Nov\u00e1 kultura<\/h2>\n<p>V\u00edte, \u017ee Fialova vl\u00e1da plat\u00ed za poradensk\u00e9 slu\u017eby novin\u00e1\u0159i, kter\u00fd se specializuje na tvrdou kritiku opozice? A v\u00edte, \u017ee za rok dostane a\u017e p\u016fl milionu korun? Samoz\u0159ejm\u011b ze st\u00e1tn\u00edch pen\u011bz. Poj\u010fme na to.<\/p>\n<p>&nbsp;<\/p>\n<p><iframe loading=\"lazy\" title=\"Placen\u00e9 poradenstv\u00ed premi\u00e9rovi p\u0159i psan\u00ed pro &quot;nez\u00e1visl\u00fd&quot; server. V ODS \u017e\u00e1dn\u00fd probl\u00e9m. Nov\u00e1 kultura.\" width=\"640\" height=\"360\" src=\"https:\/\/www.youtube.com\/embed\/3w01RZXqkwQ?feature=oembed\" frameborder=\"0\" allow=\"accelerometer; autoplay; clipboard-write; encrypted-media; gyroscope; picture-in-picture; web-share\" allowfullscreen><\/iframe><\/p>\n<p>V\u0161echna videa, rozhovory a podcasty na jednom m\u00edst\u011b: www.abybylojasno.cz<\/p>\n<p>&nbsp;<\/p>\n<p><img decoding=\"async\" loading=\"lazy\" class=\"wp-image-19187 aligncenter\" src=\"http:\/\/www.infokuryr.cz\/n\/wp-content\/uploads\/2022\/12\/1-PRO-300x36.jpg\" alt=\"\" width=\"1108\" height=\"133\" srcset=\"https:\/\/www.infokuryr.cz\/n\/wp-content\/uploads\/2022\/12\/1-PRO-300x36.jpg 300w, https:\/\/www.infokuryr.cz\/n\/wp-content\/uploads\/2022\/12\/1-PRO.jpg 699w\" sizes=\"(max-width: 1108px) 100vw, 1108px\" \/><\/p>\n<p>&nbsp;<\/p>\n<p>&nbsp;<\/p>\n","protected":false},"excerpt":{"rendered":"<p>V ODS \u017e\u00e1dn\u00fd probl\u00e9m. Nov\u00e1 kultura V\u00edte, \u017ee Fialova vl\u00e1da plat\u00ed za poradensk\u00e9 slu\u017eby novin\u00e1\u0159i,&#8230;<\/p>\n","protected":false},"author":2,"featured_media":20126,"comment_status":"closed","ping_status":"closed","sticky":false,"template":"","format":"standard","meta":[],"categories":[6],"tags":[158,192,4373,621],"_links":{"self":[{"href":"https:\/\/www.infokuryr.cz\/n\/wp-json\/wp\/v2\/posts\/22258"}],"collection":[{"href":"https:\/\/www.infokuryr.cz\/n\/wp-json\/wp\/v2\/posts"}],"about":[{"href":"https:\/\/www.infokuryr.cz\/n\/wp-json\/wp\/v2\/types\/post"}],"author":[{"embeddable":true,"href":"https:\/\/www.infokuryr.cz\/n\/wp-json\/wp\/v2\/users\/2"}],"replies":[{"embeddable":true,"href":"https:\/\/www.infokuryr.cz\/n\/wp-json\/wp\/v2\/comments?post=22258"}],"version-history":[{"count":0,"href":"https:\/\/www.infokuryr.cz\/n\/wp-json\/wp\/v2\/posts\/22258\/revisions"}],"wp:featuredmedia":[{"embeddable":true,"href":"https:\/\/www.infokuryr.cz\/n\/wp-json\/wp\/v2\/media\/20126"}],"wp:attachment":[{"href":"https:\/\/www.infokuryr.cz\/n\/wp-json\/wp\/v2\/media?parent=22258"}],"wp:term":[{"taxonomy":"category","embeddable":true,"href":"https:\/\/www.infokuryr.cz\/n\/wp-json\/wp\/v2\/categories?post=22258"},{"taxonomy":"post_tag","embeddable":true,"href":"https:\/\/www.infokuryr.cz\/n\/wp-json\/wp\/v2\/tags?post=22258"}],"curies":[{"name":"wp","href":"https:\/\/api.w.org\/{rel}","templated":true}]}}