{"id":22255,"date":"2023-02-04T06:11:52","date_gmt":"2023-02-04T05:11:52","guid":{"rendered":"http:\/\/www.infokuryr.cz\/n\/?p=22255"},"modified":"2023-02-04T06:11:52","modified_gmt":"2023-02-04T05:11:52","slug":"ivan-stubna-ozivaji-nacisticke-bunky-po-cele-evrope","status":"publish","type":"post","link":"https:\/\/www.infokuryr.cz\/n\/2023\/02\/04\/ivan-stubna-ozivaji-nacisticke-bunky-po-cele-evrope\/","title":{"rendered":"Ivan \u0160tub\u0148a: O\u017e\u00edvaj\u00ed nacistick\u00e9 bu\u0148ky po cel\u00e9 Evrop\u011b?"},"content":{"rendered":"<div id=\"fb-root\"><\/div>\n<section class=\"perex\"><strong>Italsk\u00e1 policie rozbila nacistickou bu\u0148ku v\u00e1zanou na Azov pl\u00e1nuj\u00edc\u00ed teroristick\u00e9 \u00fatoky.<\/strong><\/p>\n<p><span>Pod t\u00edmto n\u00e1zvem p\u0159inesl port\u00e1l Grayzone informaci o zat\u010den\u00ed italsk\u00fdch neonacist\u016f spojen\u00fdch s ukrajinsk\u00fdm praporem Azov.<\/span><\/p>\n<p><span>Italsk\u00e1 policie ohl\u00e1sila od roku 2019 dodnes s\u00e9rii razi\u00ed proti neonacistick\u00e9 organizaci R\u00e1d Hagal.\u00a0Skupina je obvin\u011bna z hromad\u011bn\u00ed zbran\u00ed a pl\u00e1nov\u00e1n\u00ed teroristick\u00fdch \u00fatok\u016f.\u00a0M\u00e1 \u00fazk\u00e9 opera\u010dn\u00ed vazby na ukrajinsk\u00fd prapor Azov.<\/span><\/p>\n<\/section>\n<section class=\"clanek-obsah\"><span>Dal\u0161\u00edch p\u011bt \u010dlen\u016f t\u00e9to italsk\u00e9 neonacistick\u00e9 organizace bylo zat\u010deno 15. listopadu 2022. Po ostatn\u00edch se intenzivn\u011b p\u00e1tr\u00e1.\u00a0N\u011bkte\u0159\u00ed z nich bojovali na Ukrajin\u011b ve zn\u00e1m\u00e9m neonacistick\u00e9m praporu \u201eAZOV\u201c, kter\u00e1 byla pozd\u011bji za\u010dlen\u011bna do Ukrajinsk\u00e9 n\u00e1rodn\u00ed gardy.<\/span><\/p>\n<p><span>\u010clenov\u00e9 \u0158\u00e1du \u201eHagal\u201c jsou obvin\u011bni z p\u0159\u00edpravy teroristick\u00fdch \u00fatok\u016f na civiln\u00ed a policejn\u00ed c\u00edle.\u00a0Udr\u017eovaly \u201ep\u0159\u00edm\u00e9 a \u010dast\u00e9\u201c kontakty p\u0159es \u201eTelegram\u201c nejen s praporem Azov, ale tak\u00e9 s neonacistick\u00fdmi ukrajinsk\u00fdmi vojensk\u00fdmi formacemi Prav\u00fd sektor a Centuria, \u201epravd\u011bpodobn\u011b s ohledem na mo\u017en\u00fd n\u00e1bor do \u0159ad t\u011bchto bojov\u00fdch skupin,\u201c uv\u00e1d\u011bj\u00ed italsk\u00e1 m\u00e9dia.<\/span><\/p>\n<p><span>Policejn\u00ed vy\u0161et\u0159ov\u00e1n\u00ed zahrnuje rozs\u00e1hl\u00e9 po\u010d\u00edta\u010dov\u00e9 p\u00e1tr\u00e1n\u00ed a prohled\u00e1v\u00e1n\u00ed podez\u0159el\u00fdch propojen\u00ed v\u010detn\u011b odposlechu, kter\u00e9 odhalily skupiny schopn\u00e9 prov\u00e1d\u011bt n\u00e1siln\u00e9 teroristick\u00e9 \u010diny v It\u00e1lii.<\/span><\/p>\n<p><span>Jeden ze zat\u010den\u00fdch \u010dlen\u016f, Giampiero Testa, byl \u00fadajn\u011b \u201enebezpe\u010dn\u011b bl\u00edzk\u00fd krajn\u011b pravicov\u00fdm ukrajinsk\u00fdm nacionalistick\u00fdm skupin\u00e1m\u201c a podle odposlech\u016f pl\u00e1noval \u00fatok na policejn\u00ed stanici v Marigliano v Neapoli.\u00a0Bojovn\u00edk Azovu Anton Radomskij je ukrajinsk\u00fd ob\u010dan, kter\u00fd \u017eil v It\u00e1lii, a v sou\u010dasnosti bojuje na Ukrajin\u011b.\u00a0\u00da\u0159ady tvrd\u00ed, \u017ee Radomskij pl\u00e1noval za\u00fato\u010dit na n\u00e1kupn\u00ed centrum Volcano Buono v Neapoli.<\/span><\/p>\n<p><span>V odposlechu z ledna 2021 Testa \u0159ekl, \u017ee \u201eud\u011bl\u00e1 masakr jako na Nov\u00e9m Z\u00e9landu, ale ne\u0161el by k \u010dernoch\u016fm, ale do kas\u00e1ren v Marigliano\u201c.\u00a0M\u011bl na mysli st\u0159elce z novoz\u00e9landsk\u00e9 me\u0161ity, kter\u00fd tvrdil, \u017ee nav\u0161t\u00edvil Ukrajinu a na nepr\u016fhledn\u00e9 bund\u011b m\u011bl na sob\u011b nacistickou n\u00e1\u0161ivku Sonnenrad nebo \u201e\u010dern\u00e9 slunce\u201c, kdy\u017e zabil 51 v\u011b\u0159\u00edc\u00edch.\u00a0Tento b\u011b\u017en\u011b pou\u017e\u00edv\u00e1 prapor Azov.<\/span><\/p>\n<p><span>Policie monitoruj\u00edc\u00ed organizaci \u0158\u00e1du Hagal zabavila \u201evzduchov\u00e9 zbran\u011b\u201c, kter\u00e9 bylo mo\u017eno snadno upravit na klasickou st\u0159elbu, pot\u00e9 munici, taktick\u00e9 vybaven\u00ed a dokonce i gran\u00e1tomet.\u00a0Skupina je tak\u00e9 obvin\u011bna z veden\u00ed polovojensk\u00fdch v\u00fdcvik\u016f v Neapoli a Casertu, jako\u017e i semin\u00e1\u0159\u016f propaguj\u00edc\u00edch nadvl\u00e1du b\u00edl\u00e9 rasy a pop\u00edr\u00e1n\u00ed holocaustu.\u00a0Neonacistick\u00e9 italsk\u00e9 skupiny is ukrajinsk\u00fdmi \u010dleny se v\u011bnovaly polovojensk\u00e9 v\u00fdcvikov\u00e9 \u010dinnosti, absolvovaly r\u016fzn\u00e9 v\u00fdcvikov\u00e9 kurzy a cvi\u010dily se tak\u00e9 v pou\u017e\u00edv\u00e1n\u00ed kr\u00e1tk\u00fdch i dlouh\u00fdch st\u0159eln\u00fdch zbran\u00ed.<\/span><\/p>\n<p><span>Na z\u00e1b\u011brech ze zat\u00fdk\u00e1n\u00ed, kter\u00e9 vys\u00edlal zpravodajsk\u00fd kan\u00e1l Sky Tg24, jsou dlouh\u00e9 no\u017ee, sekera v seversk\u00e9m stylu, netop\u00fdr s n\u00e1pisem \u201eV\u016fdce Mussolini\u201c, vlajka s h\u00e1kov\u00fdm k\u0159\u00ed\u017eem, plynov\u00e1 maska, tri\u010dko praporu Azov, \u201eValhalla Express\u201c, a memo\u00e1ry bojovn\u00edk\u016f .<\/span><\/p>\n<p><span>Listopadov\u00e1 policejn\u00ed operace zas\u00e1hla t\u0159in\u00e1ct provinci\u00ed v It\u00e1lii a zahrnovala \u201e26 osobn\u00edch, dom\u00e1c\u00edch a po\u010d\u00edta\u010dov\u00fdch prohl\u00eddek\u201c a zat\u010den\u00ed podez\u0159el\u00fdch \u010dlen\u016f \u0158\u00e1du Hagal.\u00a0Mezi zat\u010den\u00fdmi za \u201ezlo\u010din organizov\u00e1n\u00ed teroristick\u00fdch akc\u00ed a rozvracen\u00ed demokratick\u00e9ho \u0159\u00e1du jsou Maurizio Ammendola, zakladatel skupiny, jej\u00ed viceprezident Michele Rinaldi a \u010dlenov\u00e9 Giampiero Testa a Massimiliano Mariano.\u00a0P\u00e1t\u00fd zat\u010den\u00fd \u010dlen Fabio Colarossi je obvin\u011bn z \u0161\u00ed\u0159en\u00ed neonacistick\u00e9 propagandy.\u00a0Zat\u00edmco nacismus na\u0161el bezpe\u010dn\u00fd prostor v ukrajinsk\u00fdch ozbrojen\u00fdch sil\u00e1ch, zat\u010den\u00ed a zatyka\u010de proti \u010dlen\u016fm \u0158\u00e1du Hagal, kte\u0159\u00ed pl\u00e1novali teroristick\u00e9 \u00fatoky, nazna\u010duj\u00ed potenci\u00e1l zp\u011btn\u00e9ho \u00faderu z ukrajinsk\u00e9 z\u00e1stupn\u00e9 v\u00e1lky NATO, proto\u017ee bojem zes\u00edlen\u00ed, ideologicky podkut\u00ed extr\u00e9mn\u00ed veter\u00e1ni cel\u00e9 Evrop\u011b.<\/span><\/p>\n<p><span>\u201eVysok\u00e1 dostupnost zbran\u00ed b\u011bhem sou\u010dasn\u00e9ho konfliktu povede k \u0161\u00ed\u0159en\u00ed neleg\u00e1ln\u00edch zbran\u00ed ve f\u00e1zi po konfliktu,\u201c varoval gener\u00e1ln\u00ed tajemn\u00edk Interpolu Jurgen Stock.<\/span><\/p>\n<p><span>Vy\u0161et\u0159ov\u00e1n\u00edm ministerstva pro vnit\u0159n\u00ed bezpe\u010dnost z roku 2022 bylo zji\u0161t\u011bno, \u017ee \u201eukrajinsk\u00e9 nacionalistick\u00e9 skupiny v\u010detn\u011b Hnut\u00ed Az\u016f aktivn\u011b verbuj\u00ed rasov\u011b nebo etnicky motivovan\u00e9 n\u00e1siln\u00e9 extremistick\u00e9 p\u0159\u00edvr\u017eence b\u00edl\u00e9 nad\u0159azenosti, aby se p\u0159ipojili k r\u016fzn\u00fdm neonacistick\u00fdm dobrovolnick\u00fdm prapor\u016fm ve v\u00e1lce proti Rusku.\u00a0Policie se pt\u00e1: \u201eJak\u00fd druh v\u00fdcviku dost\u00e1vaj\u00ed zahrani\u010dn\u00ed bojovn\u00edci na Ukrajin\u011b, kter\u00fd by se mohl roz\u0161\u00ed\u0159it v milic\u00edch se s\u00eddlem v USA a b\u00edl\u00fdch nacionalistick\u00fdch skupin\u00e1ch?<\/span><\/p>\n<p><span>Pro \u00faplnost je t\u0159eba poznamenat, \u017ee jeden z hlavn\u00edch \u00fakol\u016f vybudov\u00e1n\u00ed nacistick\u00e9ho praporu AZOV sehr\u00e1l Igor Kolomoiskij, ukrajinsk\u00fd \u017eidovsk\u00fd oligarcha, kter\u00fd vytvo\u0159il ji\u017e v roce 2015 sv\u00e9 vlastn\u00ed ozbrojen\u00e9 jednotky nacistick\u00e9ho typu DNIPRO1 a DNIPRO2 v po\u010dtu cca 2 000 t\u011b\u017ece o zbroj\u00ed. vra\u017ed\u011bn\u00ed Rus\u016f na v\u00fdchod\u011b Ukrajiny.\u00a0C\u00edl loupe\u017e ukrajinsk\u00e9ho majetku.<\/span><\/p>\n<p><span>Po zah\u00e1jen\u00ed v\u00e1lky za\u010dali na Slovensko masov\u011b proudit Ukrajinci.\u00a0Existuje riziko, \u017ee n\u011bkte\u0159\u00ed z nich jsou nebo mohou b\u00fdt propojeni na ukrajinsk\u00e1 neonacistick\u00e1 uskupen\u00ed, kter\u00e1 maj\u00ed za c\u00edl v tichosti se etablovat v r\u016fzn\u00fdch st\u00e1tech Evropy v\u010detn\u011b Slovenska a zakl\u00e1dat zde teroristick\u00e9 bu\u0148ky.\u00a0Pamatujeme si, \u017ee v\u00fdchodn\u00ed hranice Slovenska byla na za\u010d\u00e1tku migrace Ukrajinc\u016f d\u011brav\u00e1 jako ement\u00e1l.\u00a0Tehdy nikdo v tomto smyslu imigranty nekontroloval.\u00a0A co dnes?\u00a0Trouf\u00e1m si tvrdit, \u017ee silov\u00e9 slo\u017eky si v tomto sm\u011bru nejednaj\u00ed svou povinnost.\u00a0Jsou sou\u010d\u00e1st\u00ed zla a selh\u00e1n\u00ed cel\u00e9ho vl\u00e1dn\u00edho syst\u00e9mu.<\/span><\/p>\n<p><span>Pokud neza\u010dnou jednat, bude docela mo\u017en\u00e9, \u017ee za chv\u00edli se do\u017eijeme neonacistick\u00fdch teroristick\u00fdch \u00fatok\u016f i na Slovensku&#8230; A to v\u0161e s \u201epo\u017eehn\u00e1n\u00edm americk\u00fdch a NATO zlo\u010dinc\u016f, kter\u00fdm sekunduje slovensk\u00e1 vl\u00e1da v demisi&#8230;<\/span><\/p>\n<p><strong>V\u00edce na:<\/strong><\/p>\n<ul>\n<li><a href=\"https:\/\/thegrayzone.com\/2022\/11\/15\/blowback-italian-azov-tied-nazi-terror\/\" target=\"_blank\" rel=\"external noopener\">https:\/\/thegrayzone.com\/2022\/11\/15\/blowback-italian-azov-tied-nazi-terror\/<\/a><\/li>\n<li><span>Kapesn\u00ed arm\u00e1da ovl\u00e1dan\u00e1 vyhozen\u00fdm ukrajinsk\u00fdm miliard\u00e1\u0159em Igorem Kolomojsk\u00fdm (businessinsider.com)<\/span><\/li>\n<li><a href=\"https:\/\/e-republika.cz\/article3058-Nacionalisticky-zid-Kolomojskij-prohral-rabovani-Ukrajiny-s-Rothschildy\" target=\"_blank\" rel=\"external noopener\">https:\/\/e-republika.cz\/article3058-Nacionalisticky-zid-Kolomojskij-prohral-rabovani-Ukrajiny-s-Rothschildy<\/a><\/li>\n<\/ul>\n<p><span>Z m\u011bsta SNP Ivan \u0160tub\u0148a<\/span><\/p>\n<\/section>\n<p>&nbsp;<\/p>\n<p><img decoding=\"async\" loading=\"lazy\" class=\"wp-image-19187 aligncenter\" src=\"http:\/\/www.infokuryr.cz\/n\/wp-content\/uploads\/2022\/12\/1-PRO-300x36.jpg\" alt=\"\" width=\"1100\" height=\"132\" srcset=\"https:\/\/www.infokuryr.cz\/n\/wp-content\/uploads\/2022\/12\/1-PRO-300x36.jpg 300w, https:\/\/www.infokuryr.cz\/n\/wp-content\/uploads\/2022\/12\/1-PRO.jpg 699w\" sizes=\"(max-width: 1100px) 100vw, 1100px\" \/><\/p>\n<p>&nbsp;<\/p>\n","protected":false},"excerpt":{"rendered":"<p>Italsk\u00e1 policie rozbila nacistickou bu\u0148ku v\u00e1zanou na Azov pl\u00e1nuj\u00edc\u00ed teroristick\u00e9 \u00fatoky. Pod t\u00edmto n\u00e1zvem p\u0159inesl&#8230;<\/p>\n","protected":false},"author":2,"featured_media":6040,"comment_status":"closed","ping_status":"closed","sticky":false,"template":"","format":"standard","meta":[],"categories":[7],"tags":[1042,283,29,470],"_links":{"self":[{"href":"https:\/\/www.infokuryr.cz\/n\/wp-json\/wp\/v2\/posts\/22255"}],"collection":[{"href":"https:\/\/www.infokuryr.cz\/n\/wp-json\/wp\/v2\/posts"}],"about":[{"href":"https:\/\/www.infokuryr.cz\/n\/wp-json\/wp\/v2\/types\/post"}],"author":[{"embeddable":true,"href":"https:\/\/www.infokuryr.cz\/n\/wp-json\/wp\/v2\/users\/2"}],"replies":[{"embeddable":true,"href":"https:\/\/www.infokuryr.cz\/n\/wp-json\/wp\/v2\/comments?post=22255"}],"version-history":[{"count":0,"href":"https:\/\/www.infokuryr.cz\/n\/wp-json\/wp\/v2\/posts\/22255\/revisions"}],"wp:featuredmedia":[{"embeddable":true,"href":"https:\/\/www.infokuryr.cz\/n\/wp-json\/wp\/v2\/media\/6040"}],"wp:attachment":[{"href":"https:\/\/www.infokuryr.cz\/n\/wp-json\/wp\/v2\/media?parent=22255"}],"wp:term":[{"taxonomy":"category","embeddable":true,"href":"https:\/\/www.infokuryr.cz\/n\/wp-json\/wp\/v2\/categories?post=22255"},{"taxonomy":"post_tag","embeddable":true,"href":"https:\/\/www.infokuryr.cz\/n\/wp-json\/wp\/v2\/tags?post=22255"}],"curies":[{"name":"wp","href":"https:\/\/api.w.org\/{rel}","templated":true}]}}