{"id":22249,"date":"2023-02-04T05:58:13","date_gmt":"2023-02-04T04:58:13","guid":{"rendered":"http:\/\/www.infokuryr.cz\/n\/?p=22249"},"modified":"2023-02-04T05:58:13","modified_gmt":"2023-02-04T04:58:13","slug":"vladimir-putin-v-projevu-ve-volgogradu-k-80-vyroci-vitezstvi-rude-armady-v-bitve-o-stalingrad","status":"publish","type":"post","link":"https:\/\/www.infokuryr.cz\/n\/2023\/02\/04\/vladimir-putin-v-projevu-ve-volgogradu-k-80-vyroci-vitezstvi-rude-armady-v-bitve-o-stalingrad\/","title":{"rendered":"Vladimir Putin v projevu ve Volgogradu k 80. v\u00fdro\u010d\u00ed v\u00edt\u011bzstv\u00ed Rud\u00e9 arm\u00e1dy v bitv\u011b o Stalingrad&#8230;"},"content":{"rendered":"<div id=\"fb-root\"><\/div>\n<h4>Vladimir Putin v projevu ve Volgogradu k 80. v\u00fdro\u010d\u00ed v\u00edt\u011bzstv\u00ed Rud\u00e9 arm\u00e1dy v bitv\u011b o Stalingrad potvrdil, \u017ee kolektivn\u00ed Z\u00e1pad ji\u017e pova\u017euje v\u00e1lku s Ruskou federac\u00ed za hotovou v\u011bc, ale Rusko je p\u0159ipraveno znovu bojovat proti potomk\u016fm Hitlera a proti koalici vazalsk\u00fdch zem\u00ed v Evrop\u011b, kter\u00e9 se pod veden\u00edm sv\u00e9ho p\u00e1na znovu sna\u017e\u00ed o dobyt\u00ed a n\u00e1sledn\u00e9 rozbit\u00ed a rozd\u011blen\u00ed Ruska! Moskva nenasunuje tanky na hranice NATO, ale odpov\u00ed jin\u00fdmi a mocn\u011bj\u0161\u00edmi zbran\u011bmi! Podle rusk\u00fdch pozorovatel\u016f je u\u017e st\u0159et s NATO prakticky nevyhnuteln\u00fd a jde jen o to, kdy k n\u011bmu dojde!<\/h4>\n<p>Rusk\u00fd prezident Vladimir Putin vystoupil ve \u010dtvrtek 2. \u00fanora ve Volgogradu s projevem k 80. v\u00fdro\u010d\u00ed v\u00edt\u011bzstv\u00ed Rud\u00e9 arm\u00e1dy v bitv\u011b o Stalingrad. Historick\u00e1 p\u0159ipom\u00ednka je pr\u00e1v\u011b v t\u00e9to dob\u011b vzorem a obrovsk\u00fdm symbolem, kter\u00fd rusk\u00fd prezident v projevu podtrhl, ale sou\u010dasn\u011b do projevu zakomponoval i odkaz na situaci na Ukrajin\u011b, kde je pr\u00fd neuv\u011b\u0159iteln\u00e9, co se tam d\u011bje a jak se historie opakuje.<\/p>\n<p><strong>U\u017e op\u011bt N\u011bmecko pos\u00edl\u00e1 na Ukrajinu sv\u00e9 tanky s k\u0159\u00ed\u017ei na korb\u00e1ch a pojmenovan\u00e9 po ko\u010dkovit\u00fdch \u0161elm\u00e1ch, tentokr\u00e1t jde o Leopardy. Tehdy b\u011bhem Velk\u00e9 vlasteneck\u00e9 v\u00e1lky \u0161lo o pantery a tygry.<\/strong>\u00a0Vladimir Putin varoval politiky kolektivn\u00edho Z\u00e1padu, kte\u0159\u00ed u\u017e maj\u00ed v\u00e1lku s Ruskem za svoj\u00ed politickou agendu a za jistotu, \u017ee je velk\u00fdm omylem myslet si, \u017ee tentokr\u00e1t se nacistick\u00fdm voj\u016fm ze z\u00e1padu poda\u0159\u00ed Rusko porazit.<\/p>\n<p>&nbsp;<\/p>\n<div id=\"rumble_v25lm40\">\n<div id=\"vid_v25lm40\" class=\"rumble_v25lm40-Rumble-cls\" tabindex=\"-1\">\n<div class=\"bigPlayUI ctp\">\n<div class=\"bigPlayUIInner ctp\"><div class='videoWrapper'>\r\n\t            <iframe src='https:\/\/rumble.com\/embed\/pj.v25lm40\/' frameborder='0' allowfullscreen><\/iframe>\r\n\t        <\/div><\/div>\n<\/div>\n<\/div>\n<\/div>\n<p>&nbsp;<\/p>\n<p>Z\u00e1pad ji\u017e pova\u017euje st\u0159et Ruska s NATO za nevyhnuteln\u00fd, proto\u017ee z\u00e1pad o ten st\u0159et stoj\u00ed a tou\u017e\u00ed po n\u011bm, d\u011bl\u00e1 pro ten st\u0159et \u00fapln\u011b v\u0161echno, co\u017e potvrzuj\u00ed nejen obrovsk\u00e9 dod\u00e1vky zbran\u00ed na Ukrajinu, ale i p\u0159\u00edprava evropsk\u00fdch zem\u00ed na vysl\u00e1n\u00ed sv\u00fdch vojsk na Ukrajinu.\u00a0<strong>V Rusku neuniklo pozornosti, \u017ee v \u010cesku doch\u00e1z\u00ed ke zm\u011bn\u00e1m z\u00e1kon\u016f, v\u010detn\u011b \u00fastavn\u00edch, kter\u00e9 maj\u00ed vl\u00e1d\u011b umo\u017enit vys\u00edlat vojska do ciziny na bianco \u0161ek bez souhlasu parlamentu<\/strong>\u00a0a mobilizovat do zbran\u011b mu\u017ee i \u017eeny bez rozd\u00edlu. Podobn\u011b jako v izraelsk\u00e9 arm\u00e1d\u011b, co\u017e je svi\u0148\u00e1rna v\u016f\u010di \u010desk\u00fdm \u017een\u00e1m a matk\u00e1m, proto\u017ee Fialova vl\u00e1da se nebude v p\u0159\u00edpad\u011b v\u00e1lky s Ruskem zdr\u00e1hat mobilizovat prakticky ka\u017ed\u00e9ho. Pokud nem\u00e1te \u010das na zhl\u00e9dnut\u00ed videa v\u00fd\u0161e, tady je p\u0159epis Putinova projevu:<\/p>\n<h4><span style=\"font-size: 18pt;\">Projev Vladimira Putina ve Volgogradu k 80. v\u00fdro\u010d\u00ed v\u00edt\u011bzstv\u00ed v bitv\u011b o Stalingrad<\/span><\/h4>\n<p>V\u00e1\u017een\u00ed veter\u00e1ni! V\u00e1\u017een\u00ed p\u0159\u00e1tel\u00e9!<\/p>\n<p>Dnes slav\u00edme jedno z nejd\u016fle\u017eit\u011bj\u0161\u00edch a nejv\u00fdznamn\u011bj\u0161\u00edch dat v d\u011bjin\u00e1ch na\u0161\u00ed zem\u011b i sv\u011bta. P\u0159esn\u011b p\u0159ed 80 lety byl na \u00fazem\u00ed Stalingradu, na b\u0159ehu velk\u00e9 rusk\u00e9 \u0159eky Volhy, zastaven a nen\u00e1vid\u011bn\u00fd a krut\u00fd nep\u0159\u00edtel a nen\u00e1vratn\u011b odvr\u00e1cen, skon\u010dila dlouh\u00e1, tvrd\u00e1 a nel\u00edtostn\u00e1 bitva o Stalingrad. Nebyla to jen bitva o m\u011bsto \u2013 v s\u00e1zce byla samotn\u00e1 existence rozervan\u00e9, ale nedobyt\u00e9 zem\u011b, rozhodovalo se nejen o v\u00fdsledku Velk\u00e9 vlasteneck\u00e9 v\u00e1lky, ale cel\u00e9 druh\u00e9 sv\u011btov\u00e9 v\u00e1lky, a v\u0161ichni v z\u00e1kopech i v t\u00fdlu to c\u00edtili a uv\u011bdomovali si to. Stejn\u011b jako mnohokr\u00e1t v na\u0161\u00ed historii jsme se v rozhoduj\u00edc\u00ed bitv\u011b postavili spole\u010dn\u011b a zv\u00edt\u011bzili. Bitva u Stalingradu se pr\u00e1vem zapsala do d\u011bjin jako rozhoduj\u00edc\u00ed zlom ve Velk\u00e9 vlasteneck\u00e9 v\u00e1lce.<\/p>\n<p>Spolu s por\u00e1\u017ekou nejv\u011bt\u0161\u00edho uskupen\u00ed wehrmachtu a jeho satelit\u016f byla pora\u017eena i v\u016fle cel\u00e9 hitlerovsk\u00e9 koalice \u2013 evrop\u0161t\u00ed vazalov\u00e9 a kolaboranti nacistick\u00e9ho N\u011bmecka \u2013<strong>\u00a0a u Stalingradu jich bojovala spousta, p\u0159edstavitel\u00e9 t\u00e9m\u011b\u0159 v\u0161ech evropsk\u00fdch zem\u00ed podroben\u00e9 Evropy \u2013 za\u010dali hore\u010dn\u011b hledat zp\u016fsoby, jak uniknout, vyhnout se odpov\u011bdnosti a p\u0159ehodit ve\u0161kerou vinu na sv\u00e9 b\u00fdval\u00e9 p\u00e1ny.<\/strong>\u00a0Nakonec bylo v\u0161em jasn\u00e9, co sov\u011btsk\u00fd lid v\u011bd\u011bl od za\u010d\u00e1tku: nacistick\u00e9 pl\u00e1ny na zni\u010den\u00ed na\u0161\u00ed zem\u011b, v\u0161echny jejich p\u0159edstavy o ovl\u00e1dnut\u00ed sv\u011bta byly odsouzeny k nezdaru.<\/p>\n<p><a href=\"https:\/\/aeronet.news\/wp-content\/uploads\/PutinStalingradFeat.jpg\"><img decoding=\"async\" loading=\"lazy\" class=\"aligncenter wp-image-54666 size-large\" src=\"https:\/\/aeronet.news\/wp-content\/uploads\/PutinStalingradFeat-1024x576.jpg\" sizes=\"(max-width: 700px) 100vw, 700px\" srcset=\"https:\/\/aeronet.news\/wp-content\/uploads\/PutinStalingradFeat-1024x576.jpg 1024w, https:\/\/aeronet.news\/wp-content\/uploads\/PutinStalingradFeat-300x169.jpg 300w, https:\/\/aeronet.news\/wp-content\/uploads\/PutinStalingradFeat-768x432.jpg 768w, https:\/\/aeronet.news\/wp-content\/uploads\/PutinStalingradFeat-700x394.jpg 700w, https:\/\/aeronet.news\/wp-content\/uploads\/PutinStalingradFeat-635x357.jpg 635w, https:\/\/aeronet.news\/wp-content\/uploads\/PutinStalingradFeat-859x483.jpg 859w, https:\/\/aeronet.news\/wp-content\/uploads\/PutinStalingradFeat.jpg 1280w\" alt=\"\" width=\"700\" height=\"394\" \/><\/a><\/p>\n<p><em>Vladimir Putin<\/em><\/p>\n<p>Po 200 dn\u00ed u Stalingradu, v ulic\u00edch legend\u00e1rn\u00edho m\u011bsta prom\u011bn\u011bn\u00e9ho v trosky, bojovaly dv\u011b arm\u00e1dy na \u017eivot a na smrt a zv\u00edt\u011bzila ta, kter\u00e1 byla siln\u011bj\u0161\u00ed duchem. Zu\u0159iv\u00fd, n\u011bkdy a\u017e nad lidsk\u00e9 s\u00edly p\u0159esahuj\u00edc\u00ed odpor na\u0161ich voj\u00e1k\u016f a velitel\u016f se dal pochopit a vysv\u011btlit pouze jejich oddanost\u00ed vlasti, pevnou, absolutn\u00ed v\u00edrou, \u017ee pravda je na na\u0161\u00ed stran\u011b. Bylo a je v krvi a povaze na\u0161eho mnohon\u00e1rodnostn\u00edho n\u00e1roda j\u00edt a\u017e do konce v z\u00e1jmu vlasti, v z\u00e1jmu pravdy, d\u011blat nemo\u017en\u00e9. To on svrhl nacismus. Stalingrad se nav\u017edy stal symbolem nezni\u010ditelnosti na\u0161eho n\u00e1roda, symbolem s\u00edly samotn\u00e9ho \u017eivota. Cel\u00e1 zem\u011b toto m\u011bsto, jeho p\u0159edm\u011bst\u00ed a vesnice obnovovala doslova od nuly, proto\u017ee v \u00fanoru 1943 zde nezbyl prakticky jedin\u00fd strom nebo cel\u00e1 budova.<\/p>\n<p>V\u00fdjime\u010dn\u00e1 state\u010dnost, ob\u011btavost obr\u00e1nc\u016f a obyvatel Stalingradu n\u00e1s dnes, stejn\u011b jako tehdy, zasahuje hluboko do du\u0161\u00ed, vyvol\u00e1v\u00e1 pocit nejup\u0159\u00edmn\u011bj\u0161\u00ed vd\u011b\u010dnosti a \u00facty. Na\u0161\u00ed mor\u00e1ln\u00ed povinnost\u00ed \u2013 p\u0159edev\u0161\u00edm v\u016f\u010di v\u00edt\u011bzn\u00fdm voj\u00e1k\u016fm \u2013 je pe\u010dovat o pam\u00e1tku tohoto \u010dinu v cel\u00e9 jeho \u0161\u00ed\u0159i, p\u0159ed\u00e1vat ji dal\u0161\u00edm generac\u00edm a nedovolit, aby n\u011bkdo zleh\u010doval \u00falohu bitvy u Stalingradu p\u0159i v\u00edt\u011bzstv\u00ed nad nacismem a p\u0159i osvobozov\u00e1n\u00ed cel\u00e9ho sv\u011bta od tohoto zr\u016fdn\u00e9ho zla. Nyn\u00ed bohu\u017eel vid\u00edme, \u017ee ideologie nacismu \u2013 ji\u017e ve sv\u00e9 modern\u00ed podob\u011b, ve sv\u00e9m modern\u00edm projevu \u2013 op\u011bt vytv\u00e1\u0159\u00ed p\u0159\u00edm\u00e9 hrozby pro bezpe\u010dnost na\u0161\u00ed zem\u011b, jsme znovu a znovu nuceni odr\u00e1\u017eet agresi kolektivn\u00edho Z\u00e1padu.<\/p>\n<p><strong>Neuv\u011b\u0159iteln\u00e9 \u2013 neuv\u011b\u0159iteln\u00e9, ale fakt: op\u011bt n\u00e1m hroz\u00ed n\u011bmeck\u00e9 tanky Leopard, s k\u0159\u00ed\u017ei na korb\u00e1ch a op\u011bt se chystaj\u00ed bojovat s Ruskem na \u00fazem\u00ed Ukrajiny rukama Hitlerov\u00fdch potomk\u016f, rukama banderovc\u016f.<\/strong>\u00a0V\u00edme, \u017ee navzdory ofici\u00e1ln\u00edm a prodejn\u00fdm propagandistick\u00fdm snah\u00e1m n\u00e1m nep\u0159\u00e1telsk\u00fdch z\u00e1padn\u00edch elit m\u00e1me mnoho p\u0159\u00e1tel po cel\u00e9m sv\u011bt\u011b, v\u010detn\u011b Ameriky, Severn\u00ed Ameriky a Evropy.\u00a0<strong>Ale ti, kte\u0159\u00ed zatahuj\u00ed evropsk\u00e9 zem\u011b v\u010detn\u011b N\u011bmecka do nov\u00e9 v\u00e1lky s Ruskem a o to nezodpov\u011bdn\u011bji ji prohla\u0161uj\u00ed za hotovou v\u011bc, ti, kte\u0159\u00ed o\u010dek\u00e1vaj\u00ed, \u017ee Rusko poraz\u00ed na boji\u0161ti, z\u0159ejm\u011b nech\u00e1pou, \u017ee modern\u00ed v\u00e1lka s Ruskem pro n\u011b bude zcela jin\u00e1<\/strong>.<\/p>\n<p>Nepos\u00edl\u00e1me k jejich hranic\u00edm na\u0161e tanky, ale m\u00e1me \u010d\u00edm odpov\u011bd\u011bt, a to neskon\u010d\u00ed pou\u017eit\u00edm obrn\u011bn\u00fdch vozidel. To by m\u011bl pochopit ka\u017ed\u00fd. Ti, kte\u0159\u00ed n\u00e1m vyhro\u017euj\u00ed, pravd\u011bpodobn\u011b nech\u00e1pou jednoduchou pravdu: v\u0161ichni na\u0161i lid\u00e9, my v\u0161ichni jsme vyrostli a s mate\u0159sk\u00fdm ml\u00e9kem jsme vst\u0159ebali tradice na\u0161eho lidu \u2013 generace v\u00edt\u011bz\u016f, kte\u0159\u00ed svou prac\u00ed, potem a krv\u00ed vybudovali na\u0161i zemi a p\u0159edali n\u00e1m ji jako d\u011bdictv\u00ed. State\u010dnost obr\u00e1nc\u016f Stalingradu je nejd\u016fle\u017eit\u011bj\u0161\u00edm mor\u00e1ln\u00edm vod\u00edtkem pro ruskou arm\u00e1du i pro n\u00e1s v\u0161echny a na\u0161i voj\u00e1ci a d\u016fstojn\u00edci jsou j\u00ed v\u011brni. Kontinuita generac\u00ed, hodnot a tradic je to, co Rusko odli\u0161uje, co n\u00e1s \u010din\u00ed siln\u00fdmi a jist\u00fdmi v sob\u011b sam\u00fdch, v na\u0161\u00ed spr\u00e1vnosti a v na\u0161em v\u00edt\u011bzstv\u00ed. Up\u0159\u00edmn\u011b blahop\u0159eji v\u0161em p\u0159\u00edtomn\u00fdm v tomto s\u00e1le, v\u0161em dne\u0161n\u00edm obr\u00e1nc\u016fm vlasti, v\u0161em rusk\u00fdm ob\u010dan\u016fm, na\u0161im krajan\u016fm v zahrani\u010d\u00ed k 80. v\u00fdro\u010d\u00ed v\u00edt\u011bzstv\u00ed ve stalingradsk\u00e9 bitv\u011b. Kr\u00e1sn\u00e9 sv\u00e1tky, oslavu v\u00edt\u011bzstv\u00ed \u017eivota a spravedlnosti.<\/p>\n<p>D\u011bkuji v\u00e1m za pozornost.<\/p>\n<p>Nemyslete si, \u017ee se pl\u00e1nuje n\u011bjak\u00fd soucit s \u010desk\u00fdm obyvatelstvem ze strany NATO a poskok\u016f z p\u011btikoalice, bude to \u00fapln\u011b stejn\u00e9 jako p\u0159i operaci Barbarossa, kdy po vypuknut\u00ed v\u00e1lky proti Rusku v prvn\u00ed linii \u0161ly odd\u00edly z Rumunska, z Finska, It\u00e1lie, ze Slovenska, z Chorvatska, z Francie, ze \u0160pan\u011blska a z Ma\u010farska. N\u011bmeck\u00e9 odd\u00edly Wehrmachtu jely a\u017e za nimi. P\u0159\u00e1n\u00ed v\u00e1lky \u010desk\u00fdch politik\u016f zni\u010d\u00ed \u010deskou zemi, \u010desk\u00fd n\u00e1rod, bude se muset znovu vybudovat od p\u00edky.<\/p>\n<p>Bude se muset p\u0159estav\u011bt, bude to katastrof\u00e1ln\u00ed zk\u00e1za, pokud v\u00e1lka mezi NATO a Ruskem propukne v otev\u0159en\u00fd konflikt. Modleme se, aby k tomu nedo\u0161lo, proto\u017ee politici na z\u00e1pad\u011b ut\u00edkaj\u00ed vst\u0159\u00edc tomuto sebezni\u010den\u00ed m\u00edlov\u00fdmi skoky.\u00a0<strong>To ozna\u010den\u00ed \u201c<em>m\u00edrov\u00ed \u0161tv\u00e1\u010di<\/em>\u201d pou\u017e\u00edvan\u00e9 te\u010f na internetu Pavlov\u00fdmi\u00a0<em>fa\u0161os<\/em>\u00a0je varov\u00e1n\u00edm, jak bl\u00edzko je n\u00e1rod sv\u00e9 vlastn\u00ed destrukci v konfliktu s jadernou velmoc\u00ed.<\/strong>\u00a0Politici neusiluj\u00ed o m\u00edr, usiluj\u00ed o rozpout\u00e1n\u00ed otev\u0159en\u00e9ho konfliktu s Ruskem.<\/p>\n<h6><span style=\"font-size: 18pt;\">Kult v\u00e1lky proti Rusku pohltil cel\u00fd Kolektivn\u00ed z\u00e1pad<\/span><\/h6>\n<p>Mnoho lid\u00ed to st\u00e1le nevid\u00ed, nebo sp\u00ed\u0161 nechce vid\u011bt, ale nejen \u010desk\u00e1 vl\u00e1da, ale vl\u00e1dy v\u011bt\u0161iny zem\u00ed EU d\u011blaj\u00ed v\u0161e pro zata\u017een\u00ed Evropy a NATO do p\u0159\u00edm\u00e9ho konfliktu s Ruskem, doslova je to do o\u010d\u00ed bij\u00edc\u00ed \u00fat\u011bk evropsk\u00fdch politik\u016f vst\u0159\u00edc v\u00e1lce s Ruskem, doslova o to usiluj\u00ed a p\u0159ipravuj\u00ed novely z\u00e1kon\u016f, ale sami se boj\u00ed do t\u00e9 v\u00e1lky j\u00edt, a proto si dali do novel v\u00fdjimky, na koho se mobilizace vztahovat nebude, na poslance, sen\u00e1tory, na vl\u00e1du, na str\u00e1\u017en\u00edky, na europoslance! Ch\u00e1pete? Oni \u017eenou n\u00e1s oby\u010dejn\u00e9 lidi do v\u00e1lky, ale sami si do z\u00e1kon\u016f daj\u00ed, aby jich se to net\u00fdkalo. V\u00edte, co to znamen\u00e1?<\/p>\n<figure id=\"attachment_54664\" class=\"wp-caption aligncenter\" style=\"width: 691px;\"><a href=\"https:\/\/aeronet.news\/wp-content\/uploads\/PutinStalingradHall.jpg\"><img decoding=\"async\" loading=\"lazy\" class=\"wp-image-54664 \" src=\"https:\/\/aeronet.news\/wp-content\/uploads\/PutinStalingradHall-1024x576.jpg\" sizes=\"(max-width: 700px) 100vw, 700px\" srcset=\"https:\/\/aeronet.news\/wp-content\/uploads\/PutinStalingradHall-1024x576.jpg 1024w, https:\/\/aeronet.news\/wp-content\/uploads\/PutinStalingradHall-300x169.jpg 300w, https:\/\/aeronet.news\/wp-content\/uploads\/PutinStalingradHall-768x432.jpg 768w, https:\/\/aeronet.news\/wp-content\/uploads\/PutinStalingradHall-700x394.jpg 700w, https:\/\/aeronet.news\/wp-content\/uploads\/PutinStalingradHall-635x357.jpg 635w, https:\/\/aeronet.news\/wp-content\/uploads\/PutinStalingradHall-859x483.jpg 859w, https:\/\/aeronet.news\/wp-content\/uploads\/PutinStalingradHall.jpg 1280w\" alt=\"\" width=\"691\" height=\"389\" \/><\/a><figcaption class=\"wp-caption-text\">Projev prob\u00edhal v divadle ve Volgogradu<\/figcaption><\/figure>\n<p><strong>Bestie nechce p\u0159ij\u00edt o vlastn\u00ed ko\u017eich, a proto \u0161t\u011bk\u00e1 a kibicuje ostatn\u00ed, aby oni b\u011b\u017eeli vst\u0159\u00edc pod hlavn\u011b d\u011bl nep\u0159\u00edtele.<\/strong>\u00a0Nikdo z t\u011bch politik\u016f, a\u017e na vz\u00e1cn\u00e9 a raritn\u00ed v\u00fdjimky v po\u010dtech, kter\u00e9 spo\u010d\u00edt\u00e1te na prstech jedn\u00e9 ruky, maxim\u00e1ln\u011b dvou, nevol\u00e1 po m\u00edru. V\u0161ichni volaj\u00ed do v\u00e1lky a por\u00e1\u017eky Ruska, jako kdyby ne\u0161lo o nejv\u011bt\u0161\u00ed zemi na sv\u011bt\u011b s jednou z nejv\u011bt\u0161\u00edch arm\u00e1d, jako kdyby ne\u0161lo o jadernou velmoc, jako kdyby \u0161lo o n\u011bjakou ban\u00e1novou republiku, do kter\u00e9 je mo\u017en\u00e9 poslat \u201c<em>m\u00edrov\u00e9 okupa\u010dn\u00ed mise<\/em>\u201d NATO. Ru\u0161t\u00ed pozorovatel\u00e9 na rusk\u00e9 televizi, p\u0159edev\u0161\u00edm v po\u0159adu Vladimira Solovjeva, mluv\u00ed u\u017e otev\u0159en\u011b o nevyhnutelnosti p\u0159\u00edm\u00e9ho konfliktu s NATO kv\u016fli Ukrajin\u011b. Jde pr\u00fd u\u017e jen o to, kdy k tomu dojde a kde nastane ten spou\u0161t\u011bc\u00ed incident.<\/p>\n<p>A pokud se d\u00edv\u00e1me na to, co p\u0159edv\u00e1d\u00ed agent P\u00e1vek v \u010cR jen p\u00e1r dn\u00ed po sv\u00e9m zvolen\u00ed, ani\u017e by je\u0161t\u011b slo\u017eil prezidentskou p\u0159\u00edsahu, tak je jasn\u00e9, \u017ee tyto obavy jsou zcela na m\u00edst\u011b. Ale \u010desk\u00fd n\u00e1rod si zvolil ve volb\u011b prezidenta v\u00e1lku, zvolil si cestu v\u00e1lky, a pokud se nestane z\u00e1zrak, tak jak to u\u017e vypad\u00e1, tu v\u00e1lku ten n\u00e1rod m\u00edt bude, d\u0159\u00edve \u010di pozd\u011bji, \u010de\u0161t\u00ed politici mu tu v\u00e1lku dop\u0159ej\u00ed za\u017e\u00edt na vlastn\u00ed k\u016f\u017ei. Tak daleko do\u0161el n\u00e1rod Dobr\u00e9ho voj\u00e1ka \u0160vejka pouh\u00fdch 34 let po Kab\u00e1tov\u00e9 revoluci.<\/p>\n<p><a href=\"https:\/\/aeronet.news\/video-vladimir-putin-v-projevu-ve-volgogradu-k-80-vyroci-vitezstvi-rude-armady-v-bitve-o-stalingrad-potvrdil-ze-kolektivni-zapad-jiz-povazuje-valku-s-ruskou-federaci-za-hotovou-vec\/\">-VK- \u0160\u00e9fredaktor AE News<\/a><\/p>\n<p>&nbsp;<\/p>\n<p><img decoding=\"async\" loading=\"lazy\" class=\"wp-image-19187 aligncenter\" src=\"http:\/\/www.infokuryr.cz\/n\/wp-content\/uploads\/2022\/12\/1-PRO-300x36.jpg\" alt=\"\" width=\"1133\" height=\"136\" srcset=\"https:\/\/www.infokuryr.cz\/n\/wp-content\/uploads\/2022\/12\/1-PRO-300x36.jpg 300w, https:\/\/www.infokuryr.cz\/n\/wp-content\/uploads\/2022\/12\/1-PRO.jpg 699w\" sizes=\"(max-width: 1133px) 100vw, 1133px\" \/><\/p>\n<p>&nbsp;<\/p>\n<p>&nbsp;<\/p>\n","protected":false},"excerpt":{"rendered":"<p>Vladimir Putin v projevu ve Volgogradu k 80. v\u00fdro\u010d\u00ed v\u00edt\u011bzstv\u00ed Rud\u00e9 arm\u00e1dy v bitv\u011b o&#8230;<\/p>\n","protected":false},"author":2,"featured_media":22250,"comment_status":"closed","ping_status":"closed","sticky":false,"template":"","format":"standard","meta":[],"categories":[7],"tags":[1042,710,102,4366,40],"_links":{"self":[{"href":"https:\/\/www.infokuryr.cz\/n\/wp-json\/wp\/v2\/posts\/22249"}],"collection":[{"href":"https:\/\/www.infokuryr.cz\/n\/wp-json\/wp\/v2\/posts"}],"about":[{"href":"https:\/\/www.infokuryr.cz\/n\/wp-json\/wp\/v2\/types\/post"}],"author":[{"embeddable":true,"href":"https:\/\/www.infokuryr.cz\/n\/wp-json\/wp\/v2\/users\/2"}],"replies":[{"embeddable":true,"href":"https:\/\/www.infokuryr.cz\/n\/wp-json\/wp\/v2\/comments?post=22249"}],"version-history":[{"count":0,"href":"https:\/\/www.infokuryr.cz\/n\/wp-json\/wp\/v2\/posts\/22249\/revisions"}],"wp:featuredmedia":[{"embeddable":true,"href":"https:\/\/www.infokuryr.cz\/n\/wp-json\/wp\/v2\/media\/22250"}],"wp:attachment":[{"href":"https:\/\/www.infokuryr.cz\/n\/wp-json\/wp\/v2\/media?parent=22249"}],"wp:term":[{"taxonomy":"category","embeddable":true,"href":"https:\/\/www.infokuryr.cz\/n\/wp-json\/wp\/v2\/categories?post=22249"},{"taxonomy":"post_tag","embeddable":true,"href":"https:\/\/www.infokuryr.cz\/n\/wp-json\/wp\/v2\/tags?post=22249"}],"curies":[{"name":"wp","href":"https:\/\/api.w.org\/{rel}","templated":true}]}}