{"id":22245,"date":"2023-02-04T05:51:33","date_gmt":"2023-02-04T04:51:33","guid":{"rendered":"http:\/\/www.infokuryr.cz\/n\/?p=22245"},"modified":"2023-02-04T05:51:33","modified_gmt":"2023-02-04T04:51:33","slug":"jane-kaufman-tanky-a-jaderne-zbrane-na-ukrajinu","status":"publish","type":"post","link":"https:\/\/www.infokuryr.cz\/n\/2023\/02\/04\/jane-kaufman-tanky-a-jaderne-zbrane-na-ukrajinu\/","title":{"rendered":"Jane Kaufman: Tanky a jadern\u00e9 zbran\u011b na Ukrajinu"},"content":{"rendered":"<div id=\"fb-root\"><\/div>\n<p><a href=\"https:\/\/www.rt.com\/news\/570469-germany-war-russia-baerbock\/\">N\u011bmeck\u00e1 Ministryn\u011b<\/a> zahrani\u010d\u00ed, Annalena Baerbock, odchovanec WEF Klause Schwaba, se p\u0159i debat\u011b v\u00a0Parlament\u00e1rn\u00edm shrom\u00e1\u017ed\u011bn\u00ed Evropsk\u00e9 rady (PACE) vyj\u00e1d\u0159ila o nutnosti zasl\u00e1n\u00ed dal\u0161\u00edch zbran\u00ed na Ukrajinu. A pak \u0159ekla n\u011bco, co v\u0161ecky ze\u0161okovalo: <em>\u201eTo nejd\u016fle\u017eit\u011bj\u0161\u00ed, ta kritick\u00e1 \u010d\u00e1st je, \u017ee jsme v\u00a0tom v\u0161ichni dohromady a \u017ee nebudeme d\u00e1l hr\u00e1t v\u00a0Evrop\u011b tu hru na obvi\u0148ov\u00e1n\u00ed, proto\u017ee te\u010f bojujeme v\u0161ichni proti Rusku a ne jeden proti druh\u00e9mu.\u201c<\/em> Jin\u00fdmi slovy \u0159ekla, \u017ee te\u010f je EU ve v\u00e1lce s Ruskem.<\/p>\n<p>N\u011bco takov\u00e9ho zp\u016fsobilo v\u00a0cel\u00e9m sv\u011bt\u011b nesm\u00edrn\u00fd rozruch. Pro\u010d to \u0159ekla? Co ji k\u00a0tomu vedlo? P\u0159ece mus\u00ed poslouchat dikt\u00e1t a ten takov\u00e9 v\u00fdroky p\u0159\u00edmo zakazuje! Bylo to snad \u201eFreudovsk\u00e9 uklouznut\u00ed,\u201c ke kter\u00e9mu dojde v\u00a0p\u0159\u00edpadech, kdy pravda mus\u00ed za ka\u017edou cenu ven?<\/p>\n<p>Zat\u00edm co n\u011bmeck\u00fd kancl\u00e9\u0159 Olaf Scholz neust\u00e1le zd\u016fraz\u0148oval, \u017ee N\u011bmecko mus\u00ed Ukrajinu podporovat, ale samo se v\u00e1lky nesm\u00ed z\u00fa\u010dastnit, jeho koali\u010dn\u00ed partnerka Baerbockov\u00e1 se vytasila s\u00a0tak otev\u0159en\u00fdm a politicky velice nespr\u00e1vn\u00fdm prohl\u00e1\u0161en\u00edm.<\/p>\n<p>Scholz s\u00e1m dlouho ot\u00e1lel s\u00a0posl\u00e1n\u00edm n\u011bmeck\u00fdch Leopard 2 tank\u016f na Ukrajinu, ale nakonec podlehl n\u00e1tlaku z\u00a0Ameriky a z\u00a0EU. N\u011bmeck\u00e1 Ministryn\u011b obrany, Christine Lambrecht na to necht\u011bla d\u00e1t souhlas, tak\u017ee byla donucena odstoupit.<\/p>\n<p>Samoz\u0159ejm\u011b, n\u011bmeck\u00e9 tanky znovu na Ukrajin\u011b, to je velmi mocn\u00e9 \u201ad\u00e9ja vu\u2018 proto\u017ee je to obdobn\u00e1 situace jako ve 2. sv\u011btov\u00e9 v\u00e1lce. Tehdy N\u011bmci prohr\u00e1li a pak vydali prohl\u00e1\u0161en\u00ed \u201enikdy v\u00edce,\u201c \u010d\u00edm\u017e mysleli nikdy v\u00edce se do n\u011b\u010deho takov\u00e9ho nezam\u00edchat. A dnes se provi\u0148uj\u00ed proti sv\u00fdm vlastn\u00edm z\u00e1sad\u00e1m a proti sv\u00e9mu p\u0159esv\u011bd\u010den\u00ed.<\/p>\n<p>Mluv\u010d\u00ed rusk\u00e9ho Ministerstva zahrani\u010d\u00ed, Maria Zacharova se k\u00a0tomu vyj\u00e1d\u0159ila, \u017ee kdy\u017e k\u00a0tomu p\u0159i\u010dteme, co \u0159ekla b\u00fdval\u00e1 kancl\u00e9\u0159ka Merkelov\u00e1, \u017ee Minsk\u00e9 dohody byly pouze na z\u00edsk\u00e1n\u00ed \u010dasu k\u00a0vyzbrojen\u00ed Ukrajiny aby mohla napadnout Rusko, to d\u00e1v\u00e1 obr\u00e1zek o tom, \u017ee tato v\u00e1lka byla pl\u00e1nov\u00e1na ji\u017e d\u00e1vno. Zacharov\u00e1 vyzvala n\u011bmeck\u00e9ho vyslance v\u00a0Rusku, aby vysv\u011btlil postoj Berl\u00edna v\u016f\u010di konfliktu na Ukrajin\u011b.<\/p>\n<p><a href=\"https:\/\/tass.com\/world\/1568259\">\u010clenka Bundestagu<\/a> (n\u011bmeck\u00fd Kongres) Sahra Wagenknecht, schopn\u00e1 a odv\u00e1\u017en\u00e1 osoba, kter\u00e1 bohu\u017eel pat\u0159\u00ed ke \u0161patn\u00e9 stran\u011b (levicov\u00ed, Die Linke) prohl\u00e1sila, \u017ee t\u00edm, co Baerbockov\u00e1 \u0159ekla, tak uk\u00e1zala, \u017ee se nehod\u00ed na jej\u00ed pozici. Ministryn\u011b zahrani\u010d\u00ed m\u00e1 b\u00fdt vrcholn\u011b schopn\u00fd diplomat a ne n\u011bkdo, kdo se chov\u00e1 jako slon v\u00a0obchod\u011b s\u00a0porcel\u00e1nem. Samoz\u0159ejm\u011b, \u017ee m\u00e1 pravdu, ale stejn\u011b tak je dob\u0159e, \u017ee pravda vy\u0161la ven.<\/p>\n<p><span style=\"font-size: 18pt;\"><strong>Odpor v\u00a0N\u011bmecku a protesty<\/strong><\/span><\/p>\n<p><a href=\"https:\/\/sputniknews.com\/20230126\/berlins-decision-to-send-leopard-2s-to-ukraine-historically-wrong-german-mp-says-1106729958.html\">Rozhodnut\u00ed poslat<\/a> n\u011bmeck\u00e9 tanky na Ukrajinu narazilo na zna\u010dn\u00fd odpor. \u010clenka n\u011bmeck\u00e9ho parlamentu, Sevim Dagdelen prohl\u00e1sila, \u017ee n\u011bco takov\u00e9ho je \u201ahistoricky \u0161patn\u00e9.\u2018 Podle n\u00ed, v\u011bt\u0161ina N\u011bmc\u016f je proti a po\u017eaduj\u00ed v\u00edce diplomatick\u00e9ho jedn\u00e1n\u00ed na skon\u010den\u00ed v\u00e1lky.<\/p>\n<p><em>\u201ePoslat n\u011bmeck\u00e9 tanky na Ukrajinu,\u201c<\/em> \u0159ekla, <em>\u201eje v\u00a0z\u00e1jmu Spojen\u00fdch st\u00e1t\u016f a jejich vojensko pr\u016fmyslov\u00e9ho odv\u011btv\u00ed a ne v\u00a0z\u00e1jmu N\u011bmecka. Je to v\u00a0z\u00e1jmu elit, neokon\u016f ve Spojen\u00fdch st\u00e1tech, kte\u0159\u00ed si mysl\u00ed, \u017ee Evropa je pro n\u011b to, co byla v\u00a01970. letech Latinsk\u00e1 Amerika, co\u017e byl kontinent, kde mohli d\u011blat co cht\u011bli \u2026 Leopard tanky nezm\u011bn\u00ed nic na Ukrajin\u011b, proto\u017ee Rusov\u00e9 na n\u011b zareaguj\u00ed.\u201c<\/em> Tak\u00e9 se zm\u00ednila o tom, \u017ee n\u011bco takov\u00e9ho povede pouze k\u00a0v\u011bt\u0161\u00edmu mno\u017estv\u00ed nesmysln\u00e9ho zab\u00edjen\u00ed.<\/p>\n<p>Je to naprost\u00e1 pravda. Tanky nic nezm\u011bn\u00ed, proto\u017ee bu\u010f je Rusov\u00e9 okam\u017eit\u011b zni\u010d\u00ed, nebo se porouchaj\u00ed a nebudou snadno opraviteln\u00e9, anebo s\u00a0nimi Ukrajinci nebudou schopni v\u016fbec zach\u00e1zet. A p\u0159itom se t\u00edm N\u011bmecko o\u010dividn\u011b znep\u0159\u00e1teluje s\u00a0Ruskem a navazuje na ud\u00e1losti z\u00a0bitvy u Stalingradu v\u00a0r. 1941, kter\u00e9 by v\u011bt\u0161ina N\u011bmc\u016f a Rus\u016f rad\u0161i zapomn\u011bla.<\/p>\n<p><a href=\"https:\/\/www.rt.com\/news\/570749-germany-protest-weapons-deliveries-ukraine\/\">Samoz\u0159ejm\u011b<\/a>, do\u0161lo tak\u00e9 k hromadn\u00fdm protest\u016fm. V\u00a0n\u011bmeck\u00e9m Norimberku pochodovaly stovky lid\u00ed ulicemi a protestovaly proti zbran\u00edm na Ukrajinu. Jeden ze z\u00fa\u010dastn\u011bn\u00fdch \u0159ekl, \u017ee <em>\u201e\u017d\u00e1dn\u00e1 v\u00e1lka nesm\u00ed j\u00edt skrze N\u011bmecko, co\u017e zahrnuje i dod\u00e1vky zbran\u00ed a cokoliv podobn\u00e9ho, proto\u017ee jinak bude N\u011bmecko op\u011bt uprost\u0159ed toho v\u0161eho \u2013 co\u017e je, co Amerika chce. Ukrajina nebude schopna tyto zbran\u011b zaplatit, tak\u017ee to op\u011bt budou N\u011bmci, kte\u0159\u00ed to budou financovat.\u201c<\/em><\/p>\n<p><a href=\"https:\/\/www.rt.com\/news\/570522-germany-tanks-ukraine-no-joy\/\">N\u011bmeck\u00fd Ministr<\/a> obrany, Boris Pistorius se vyj\u00e1d\u0159il, \u017ee se div\u00ed, \u017ee n\u011bkte\u0159\u00ed lid\u00e9 zasl\u00e1n\u00ed tank\u016f na Ukrajinu oslavuj\u00ed. <em>\u201eNa v\u00e1lce nen\u00ed nic k\u00a0oslavov\u00e1n\u00ed,\u201c<\/em> prohl\u00e1sil. Pln\u011b sympatizuje s\u00a0t\u011bmi, kte\u0159\u00ed maj\u00ed k\u00a0dod\u00e1vk\u00e1m zbran\u00ed do v\u00e1le\u010dn\u00e9 z\u00f3ny v\u00fdhrady.<\/p>\n<p><span style=\"font-size: 18pt;\"><strong>Rusov\u00e9 t\u00e9\u017e protestovali<\/strong><\/span><\/p>\n<p><a href=\"https:\/\/endtimeheadlines.org\/2023\/01\/game-changer-putins-allies-are-now-calling-for-berlin-to-be-nuked-after-germanys-decision-to-send-tanks-to-aid-ukraine\/\">Rozhodnut\u00ed n\u011bmeck\u00e9ho<\/a> kancl\u00e9\u0159e Scholze poslat tanky na Ukrajinu vyvolalo v\u00a0Rusku zrovna tak nemalou vlnu odporu. Ta my\u0161lenka, \u017ee n\u011bmeck\u00e9 tanky znovu pojedou p\u0159es Ukrajinu s\u00a0c\u00edlem \u00fato\u010dit na Rusko vyvolala v\u00a0lidech \u0161patn\u00e9 vzpom\u00ednky na 2. sv\u011btovou v\u00e1lku a krvavou bitvu u Stalingradu.<\/p>\n<p>N\u011bkte\u0159\u00ed to pova\u017eovali za z\u0159eteln\u00fd sign\u00e1l, \u017ee t\u00edm N\u011bmecko vstoupilo do v\u00e1lky proti Rus\u016fm. Podle nich, tyto tanky na \u00fazem\u00ed Ukrajiny d\u00e1vaj\u00ed Rus\u016fm opr\u00e1vn\u011bn\u00ed za\u00fato\u010dit na kritick\u00e1 m\u00edsta v N\u011bmecku. Jin\u00ed volali po bombardov\u00e1n\u00ed Bundestagu.<\/p>\n<p>Odezva z\u00a0Kremlu byla z\u0159eteln\u00e1 a stroh\u00e1: n\u011bmeck\u00e9 Leopard tanky budou ho\u0159et jako v\u0161ecky ostatn\u00ed. Budou prost\u011b zni\u010deny hned, jak se na Ukrajin\u011b objev\u00ed.<\/p>\n<p><span style=\"font-size: 18pt;\"><strong>Nen\u00ed snadn\u00e9 zach\u00e1zet s tankem<\/strong><\/span><\/p>\n<p><a href=\"https:\/\/tass.com\/politics\/1566983\">Podle odborn\u00edk\u016f<\/a> to m\u016f\u017ee trvat i n\u011bkolik let, ne\u017e se Ukrajinci nau\u010d\u00ed zach\u00e1zet s\u00a0n\u011bmeck\u00fdmi Leopard 2 a britsk\u00fdmi Challenger 2 tanky. Zach\u00e1zet s\u00a0n\u011b\u010d\u00edm tak komplikovan\u00fdm nen\u00ed v\u016fbec snadn\u00e9. Proto budou muset z\u00e1rove\u0148 s\u00a0tanky p\u0159ij\u00edt tak\u00e9 zku\u0161en\u00ed voj\u00e1ci, kte\u0159\u00ed jsou s\u00a0t\u00edmto za\u0159\u00edzen\u00edm obezn\u00e1meni. Tak\u00e9 \u00fadr\u017eba t\u011bchto stroj\u016f je velice obt\u00ed\u017en\u00e1 a nav\u00edc maj\u00ed tyto tanky nainstalov\u00e1no p\u0159\u00eddavn\u00e9 za\u0159\u00edzen\u00ed, kter\u00e9 je d\u011bl\u00e1 snadno zni\u010diteln\u00e9 rusk\u00fdmi vojsky.<\/p>\n<p>Vycvi\u010dit ukrajinsk\u00e9 voj\u00e1ky v\u00a0dan\u00e9m \u010dasov\u00e9m rozmez\u00ed, kte\u0159\u00ed a\u017e dote\u010f zach\u00e1zeli pouze se zbran\u011bmi z\u00a0dob Sov\u011btsk\u00e9ho svazu se podle jin\u00fdch zd\u00e1 doslova nemo\u017en\u00e9. Takov\u00fd v\u00fdcvik trv\u00e1 aspo\u0148 rok. Pol\u00e1ci, kte\u0159\u00ed dostali Leopard 2 tanky ji\u017e d\u0159\u00edve, pot\u0159ebovali 2-3 roky na to, aby se s\u00a0nimi nau\u010dili spr\u00e1vn\u011b zach\u00e1zet a udr\u017eovat je a p\u0159itom byli v\u0161ichni vojen\u0161t\u00ed odborn\u00edci.<\/p>\n<p>I zach\u00e1zen\u00ed se Sov\u011btsk\u00fdmi tanky nebylo zcela snadn\u00e9 a zacvi\u010den\u00ed trvalo 2 roky. Zde nen\u00ed to hlavn\u00ed um\u011bt s\u00a0tankem jezdit a st\u0159\u00edlet; cel\u00e1 pos\u00e1dka, kter\u00e1 tank obsluhuje, mus\u00ed b\u00fdt dokonale sehran\u00e1, aby dok\u00e1zala \u010delit ka\u017ed\u00e9 situaci. A s\u00a0modern\u00edmi tanky je to o to obt\u00ed\u017en\u011bj\u0161\u00ed, \u017ee obsahuj\u00ed velk\u00e9 mno\u017estv\u00ed elektroniky. Zadat nevhodn\u00fd pokyn, nebo nejednat podle p\u0159edepsan\u00e9ho postupu m\u016f\u017ee tank na\u010disto vy\u0159adit z\u00a0provozu.<\/p>\n<p>V\u00a0p\u0159\u00edpad\u011b, \u017ee je n\u011bco v\u00a0nepo\u0159\u00e1dku, pos\u00e1dka tanku mus\u00ed okam\u017eit\u011b rozeznat o co jde a co nejrychleji probl\u00e9m odstranit, ani\u017e by to nap\u0159ed studovali v\u00a0p\u0159ilo\u017een\u00e9 literatu\u0159e. Na p\u0159\u00edklad, na v\u00fdm\u011bnu p\u00e1sov\u00e9ho b\u011bhounu, kter\u00fd vysko\u010dil z\u00a0usazen\u00ed je p\u0159esn\u011b p\u0159edepsan\u00e1 procedura, jak ho zp\u00e1tky usadit a to v\u0161ecko mus\u00ed tito lid\u00e9 velmi dob\u0159e zn\u00e1t.<\/p>\n<p>U\u017e jen to, \u017ee l\u00e1dov\u00e1n\u00ed n\u00e1boj\u016f, kter\u00e9 je v\u00a0rusk\u00fdch tanc\u00edch automatizov\u00e1no, v\u00a0z\u00e1padn\u00edch tanc\u00edch je manu\u00e1ln\u00ed. Tam mus\u00ed jeden ze \u010dty\u0159-\u010dlenn\u00e9 pos\u00e1dky vkl\u00e1dat n\u00e1boje ru\u010dn\u011b. N\u011bco takov\u00e9ho vykon\u00e1vat za j\u00edzdy, kdy\u017e se tank pohybuje po nerovn\u00e9m ter\u00e9nu, je velice obt\u00ed\u017en\u00e9. A p\u0159itom rychlost, s\u00a0jakou dok\u00e1\u017ee tank st\u0159\u00edlet na boji\u0161ti je kritick\u00e1 jak pro v\u00fdsledek bitvy, tak i pro obranu tanku samotn\u00e9ho. Ve v\u00e1lce p\u0159e\u017eije ten, kdo vyst\u0159el\u00ed prvn\u00ed.<\/p>\n<p>Rusk\u00e1 proti-tankov\u00e1 obrana m\u016f\u017ee snadno tyto tanky vy\u0159\u00eddit, zni\u010dit a zap\u00e1lit, jak se uk\u00e1zalo p\u0159i boj\u00edch v\u00a0Syrii, kde byly Leopard tanky, kter\u00e9 pou\u017e\u00edvala tureck\u00e1 arm\u00e1da, snadno zni\u010deny obstaro\u017en\u00edm sov\u011btsk\u00fdm proti-tankov\u00fdm syst\u00e9mem z\u00a01960-1970. let, kter\u00fd pou\u017e\u00edvali Kurdov\u00e9. A americk\u00e9 Abrams tanky na tom nejsou ani o kousek l\u00edp.<\/p>\n<p>Leopardi maj\u00ed je\u0161t\u011b tu nev\u00fdhodu, \u017ee mohou st\u0159\u00edlet pouze kdy\u017e stoj\u00ed. Nemaj\u00ed ot\u00e1\u010dec\u00ed hlave\u0148, jako maj\u00ed rusk\u00e9 tanky, tak\u017ee nap\u0159ed mus\u00ed st\u00e1t a pak teprve st\u0159\u00edlet. To je samoz\u0159ejm\u011b d\u011bl\u00e1 na boji\u0161ti snadno zni\u010diteln\u00e9; stoj\u00edc\u00ed tank je snadn\u00fd ter\u010d i pro hor\u0161\u00ed st\u0159elce.<\/p>\n<p><span style=\"font-size: 18pt;\"><strong>Zku\u0161enosti z minula<\/strong><\/span><\/p>\n<p><a href=\"https:\/\/sputniknews.com\/20230127\/four-reasons-leopard-2s--m1-abrams-will-bite-the-dust-in-ukraine-1106772754.html\">Kdy\u017e k\u00a0tomu<\/a> p\u0159i\u010dteme skute\u010dnost, \u017ee za 11 m\u011bs\u00edc\u016f ukrajinsk\u00e9ho konfliktu Rusov\u00e9 zni\u010dili 2000 ukrajinsk\u00fdch tank\u016f, tak to n\u011bjak\u00fdm 14 tank\u016fm z\u00a0N\u011bmecka a hrstce dal\u0161\u00edch z\u00a0Brit\u00e1nie ned\u00e1v\u00e1 velk\u00e9 mo\u017enosti. Tanky nejsou \u017e\u00e1dn\u00e9 z\u00e1zra\u010dn\u00e9 zbran\u011b a v\u011bt\u0161inou jsou \u00fasp\u011b\u0161n\u00e9 pouze tam, kde protivn\u00edk \u017e\u00e1dn\u00e9 zbran\u011b nem\u00e1. Na Ukrajin\u011b budou celkem brzy zni\u010deny, anebo budou pot\u0159ebovat opravy, co\u017e je u\u010din\u00ed nepou\u017eiteln\u00e9. Zku\u0161enost\u00ed tohoto druhu je v\u00edc ne\u017e dostatek.<\/p>\n<p>Mnoh\u00e9 z\u00a0t\u011bchto tank\u016f rovn\u011b\u017e nebyly nikdy pou\u017eity za okolnost\u00ed, jak\u00e9 jsou v\u00a0sou\u010dasn\u00e9 dob\u011b na Ukrajin\u011b, co\u017e znamen\u00e1 bl\u00e1tem rozm\u00e1\u010den\u00e9 okol\u00ed, jindy zamrzl\u00e9, taj\u00edc\u00ed sn\u011bhy a podobn\u011b. U\u017e to samo m\u016f\u017ee mnoh\u00e9 z\u00a0nich vy\u0159adit z\u00a0provozu.<\/p>\n<p><img decoding=\"async\" loading=\"lazy\" class=\"wp-image-22246 alignleft\" src=\"http:\/\/www.infokuryr.cz\/n\/wp-content\/uploads\/2023\/02\/tank-1-300x171.jpg\" alt=\"\" width=\"455\" height=\"260\" srcset=\"https:\/\/www.infokuryr.cz\/n\/wp-content\/uploads\/2023\/02\/tank-1-300x171.jpg 300w, https:\/\/www.infokuryr.cz\/n\/wp-content\/uploads\/2023\/02\/tank-1.jpg 649w\" sizes=\"(max-width: 455px) 100vw, 455px\" \/><\/p>\n<p><a href=\"https:\/\/sputniknews.com\/20230126\/russia-rolls-out-combat-robot-to-detect-and-destroy-leopard-2-abrams-tanks-sent-to-ukraine-1106724932.html\">Jako dal\u0161\u00ed<\/a>, Rusov\u00e9 maj\u00ed p\u0159\u00edli\u0161 mnoho proti-tankov\u00fdch zbran\u00ed, kter\u00e9 na boji\u0161ti \u00fasp\u011b\u0161n\u011b pou\u017e\u00edvaj\u00ed. Za zm\u00ednku stoj\u00ed jejich nejnov\u011bj\u0161\u00ed Marker robot (na obr\u00e1zku), kter\u00fd je schopen zas\u00e1hnout n\u011bmeck\u00e9 a americk\u00e9 tanky a zni\u010dit je. Jeho kontroln\u00ed syst\u00e9m obsahuje katalog s\u00a0obr\u00e1zky v\u0161ech mo\u017en\u00fdch tank\u016f, co\u017e umo\u017en\u00ed robotick\u00e9mu syst\u00e9mu okam\u017eit\u011b rozpoznat ten tank, kter\u00fd m\u00e1 zrovna p\u0159ed sebou. To z\u00e1rove\u0148 ur\u010d\u00ed zp\u016fsob, pot\u0159ebn\u00fd k\u00a0jeho zni\u010den\u00ed. Kr\u00e1tk\u00e9 video na str\u00e1nce.<\/p>\n<p>Jakmile nov\u00e9 tanky doraz\u00ed na Ukrajinu, Marker dostane jejich obr\u00e1zky, spolu s\u00a0pat\u0159i\u010dn\u00fdm programem na jejich zni\u010den\u00ed. Tento robot rovn\u011b\u017e dok\u00e1\u017ee rozeznat kter\u00fd c\u00edl m\u00e1 zas\u00e1hnout jako prvn\u00ed a kter\u00fd chvilku po\u010dk\u00e1. <a href=\"https:\/\/ria-ru.translate.goog\/20230126\/marker-1847477278.html?_x_tr_sl=auto&amp;_x_tr_tl=en&amp;_x_tr_hl=en&amp;_x_tr_pto=wapp\">Jeho st\u0159\u00edlna<\/a> je oto\u010dn\u00e1 o 540\u00b0 b\u011bhem 1 vte\u0159iny a m\u016f\u017ee b\u00fdt vybaven nejr\u016fzn\u011bj\u0161\u00edmi raketami, gran\u00e1ty, a\u017e po t\u011b\u017ek\u00e9 n\u00e1boje. M\u016f\u017ee b\u00fdt pou\u017eit jak na obranu, tak na vyzv\u011bda\u010dskou \u010dinnost a proto\u017ee neobsahuje person\u00e1l, lidsk\u00e9 \u017eivoty nejsou ohro\u017eeny.<\/p>\n<p>Marker byl vyvinut firmou Android Technique v Magnitogorsku (\u010celjabinsk\u00e1 oblast), ve spolupr\u00e1ci s moskevskou \u201c<a href=\"https:\/\/www.google.com\/url?sa=t&amp;rct=j&amp;q=&amp;esrc=s&amp;source=web&amp;cd=&amp;cad=rja&amp;uact=8&amp;ved=2ahUKEwjVwffYv_b8AhWYjIkEHVj6D80QFnoECA8QAQ&amp;url=https%3A%2F%2Fen.wikipedia.org%2Fwiki%2FRussian_Foundation_for_Advanced_Research_Projects_in_the_Defense_Industry&amp;usg=AOvVaw3XQACPT0rsnIGx7nOld9nu\">Nadac\u00ed pro pokro\u010dil\u00fd v\u00fdzkum.<\/a>\u201d Rozezn\u00e1vac\u00ed schopnosti pou\u017e\u00edvaj\u00ed um\u011blou inteligenci. Jeho samostatnost je d\u00e1na multi-spektr\u00e1ln\u00edm zp\u016fsobem vid\u011bn\u00ed, jeho\u017e pozorov\u00e1n\u00ed je zpracov\u00e1v\u00e1no s\u00edt\u00ed neur\u00e1ln\u00edch algoritm\u016f.<\/p>\n<p>Rusov\u00e9 v\u010das varovali, \u017ee v\u0161ecky tanky budou zni\u010deny, jakmile se na frontu dostav\u00ed. \u017de na jejich varov\u00e1n\u00ed jako obvykle nikdo nedal, je z\u0159ejm\u00e9.<\/p>\n<p><span style=\"font-size: 18pt;\"><strong>Cena vyps\u00e1na na tank<\/strong><\/span><\/p>\n<p><a href=\"https:\/\/www.rt.com\/russia\/570701-russia-governor-bounty-tanks\/\">D\u0159\u00edve b\u00fdvala<\/a> vyps\u00e1na cena, neboli odm\u011bna za chycen\u00ed ob\u00e1van\u00e9ho zlo\u010dince, nebo za doru\u010den\u00ed ztracen\u00e9ho ps\u00edka \u010di jin\u00e9ho zv\u00ed\u0159\u00e1tka, nebo na vr\u00e1cen\u00ed ztracen\u00e9ho p\u0159edm\u011btu. Dnes byla vyps\u00e1na cena na z\u00edsk\u00e1n\u00ed tanku. Guvern\u00e9r Zabajkalsk\u00e9 oblasti, Alexander Osipov vypsal pom\u011brn\u011b vysokou cenu na NATO tanky z Ukrajiny, kter\u00e9 jsou funk\u010dn\u00ed a poj\u00edzdn\u00e9. Dal\u0161\u00ed cena byla vyps\u00e1na pro ty, kter\u00fdm se poda\u0159\u00ed n\u011bkter\u00fd z\u00a0t\u011bchto tank\u016f zni\u010dit.<\/p>\n<p>Jeho nab\u00eddka je druh\u00e1 v po\u0159ad\u00ed, za nab\u00eddkou jin\u00e9 rusk\u00e9 firmy, chemick\u00e9ho podnikatele jm\u00e9nem Fores, kter\u00fd m\u00e1 rovn\u011b\u017e z\u00e1jem o NATO zbran\u011b, na Ukrajin\u011b k\u00a0z\u00edsk\u00e1n\u00ed. Pochopiteln\u011b, prozkoumaj\u00ed jejich slo\u017een\u00ed a vyrob\u00ed proti-obranu, nebo zp\u016fsob, jak tyto zbran\u011b zni\u010dit.<\/p>\n<p>Nab\u00edzen\u00e9 pen\u00edze jsou slu\u0161n\u00e9, Osipov nab\u00edz\u00ed za jeden doru\u010den\u00fd tank tolik rubl\u016f, \u017ee se rovnaj\u00ed skoro milionu \u010desk\u00fdch korun za ka\u017ed\u00fd Leopard a 1,5 milionu za Abrams. Za zni\u010den\u00ed Leopard \u00a0tanku je cena 310 000 K\u010d a 155 000 K\u010d za Abrams. Fores nab\u00edz\u00ed 1,5 milionu K\u010d za doru\u010den\u00fd, nebo zni\u010den\u00fd tank, kter\u00e9hokoliv druhu. Oboj\u00ed zd\u016fraz\u0148uj\u00ed opatrnost na prvn\u00edm m\u00edst\u011b.<\/p>\n<p><span style=\"font-size: 18pt;\"><strong>Nejen Abrams, ale tak\u00e9 Bradley<\/strong><\/span><\/p>\n<p><a href=\"https:\/\/www.zerohedge.com\/military\/track-us-vessel-60-bradley-tanks-bound-ukraine\">Americk\u00fd President<\/a> Joe Biden se rozhodl poslat na Ukrajinu 31 Abrams tank\u016f a 60 Bradley bojov\u00fdch vozidel. Tak jako ostatn\u00ed, i on se zkou\u0161\u00ed pod\u00edlet na nesmysln\u00e9m prodlu\u017eov\u00e1n\u00ed v\u00e1lky jak nejv\u00edc m\u016f\u017ee. Dal\u0161\u00ed NATO zem\u011b rovn\u011b\u017e pos\u00edlaj\u00ed tanky a dokonce i Maroko se p\u0159idalo a pos\u00edl\u00e1 n\u011bjak\u00e9 star\u0161\u00ed T-72 tanky, kter\u00e9 jsou pou\u017e\u00edv\u00e1ny v\u00a0jejich sou\u010dasn\u00e9 v\u00e1le\u010dn\u00e9 situaci.<\/p>\n<p>Lo\u010f, kter\u00e1 tanky a bojov\u00e1 vozidla z\u00a0Ameriky p\u0159ev\u00e1\u017e\u00ed se jmenuje \u201eARC Integrity\u201c a jej\u00ed plavbu je mo\u017eno sledovat na internetov\u00e9 str\u00e1nce <a href=\"https:\/\/www.marinetraffic.com\/en\/ais\/home\/shipid:327290\/zoom:10\">ZDE<\/a>.<\/p>\n<p><span style=\"font-size: 18pt;\"><strong>Probl\u00e9my s tanky<\/strong><\/span><\/p>\n<p><a href=\"https:\/\/www.unz.com\/article\/truth-about-tanks-how-nato-lied-its-way-to-disaster-in-ukraine\/\">Osam\u011bl\u00fd tank<\/a> na boji\u0161ti nen\u00ed nic jin\u00e9ho ne\u017e drah\u00e1, poj\u00edzdn\u00e1 rakev. Je snadno zraniteln\u00fd a zni\u010diteln\u00fd a m\u016f\u017ee se porouchat i s\u00e1m od sebe. Zato tank jako sou\u010d\u00e1st p\u011bchoty, a\u0165 u\u017e poj\u00edzdn\u00e9, \u010di p\u011b\u0161\u00ed, spolu s\u00a0d\u011blost\u0159electvem a s leteckou obranou, kdy v\u0161ichni z\u00fa\u010dastn\u011bn\u00ed jsou dob\u0159e vycvi\u010deni a sehran\u00ed, takov\u00fd tank je nenahraditeln\u00fd, \u0159\u00edk\u00e1 Scott Ritter.<\/p>\n<p>Nen\u00ed snadn\u00e9 ovl\u00e1dat \u017e\u00e1dn\u00fd tank. B\u011b\u017en\u00fd v\u00fdcvik na americk\u00fdch M1 Abrams tanc\u00edch trv\u00e1 22 t\u00fddn\u016f a skute\u010dn\u00e1 odbornost je doc\u00edlena a\u017e po mnoha m\u011bs\u00edc\u00edch, ne-li letech. Pro Ukrajince, kte\u0159\u00ed jsou zvykl\u00ed na tanky ze sov\u011btsk\u00e9 \u00e9ry, nebude p\u0159echod na z\u00e1padn\u00ed vybaven\u00ed snadn\u00fd. P\u0159edn\u011b, sov\u011btsk\u00e9 tanky pot\u0159ebuj\u00ed pro dobrou funkci t\u0159i voj\u00e1ky, proto\u017ee maj\u00ed automatick\u00e9 pod\u00e1v\u00e1n\u00ed n\u00e1boj\u016f. Zato z\u00e1padn\u00ed tanky s\u00a0manu\u00e1ln\u00edm pod\u00e1v\u00e1n\u00edm pot\u0159ebuj\u00ed \u010dty\u0159i osoby.<\/p>\n<p>Ka\u017ed\u00fd druh tanku pot\u0159ebuje jin\u00e9 zacvi\u010den\u00ed. NATO v\u00a0sou\u010dasn\u00e9 dob\u011b tr\u00e9nuje Ukrajince v\u00a0zach\u00e1zen\u00ed se t\u0159emi typy: n\u011bmeck\u00fd Leopard 2, britsk\u00fd Challenger 2 a americk\u00fd M1 Abrams 2. Ka\u017ed\u00fd z\u00a0nich je jin\u00fd a v\u00fdcvik nen\u00ed ani trochu snadn\u00fd a u\u017e v\u016fbec ne levn\u00fd.<\/p>\n<p>Tanky se zdaj\u00ed b\u00fdt hrub\u00e9 za\u0159\u00edzen\u00ed, ale p\u0159itom jsou velice citliv\u00e9 a snadno se porouchaj\u00ed. Je mo\u017eno \u010d\u00edtat s\u00a0t\u00edm, \u017ee na ka\u017edou hodinu provozu Abrams tanku jsou pot\u0159eba t\u0159i hodiny \u00fadr\u017eby, kterou mus\u00ed jeho pos\u00e1dka prov\u00e9st t\u0159eba i na boji\u0161ti \u2013 proto je zacvi\u010den\u00ed tak obt\u00ed\u017en\u00e9. Jestli\u017ee pos\u00e1dka nen\u00ed schopna n\u011bco takov\u00e9ho zvl\u00e1dnout, co\u017e je na Ukrajin\u011b o\u010dek\u00e1v\u00e1no, pak mus\u00ed b\u00fdt tank posl\u00e1n zp\u011bt NATO n\u00e1rodu, odkud p\u0159i\u0161el, aby provedli opravu.<\/p>\n<p>Kdy\u017e se to tak vezme dokola kolem, tak ve skute\u010dnosti NATO a Z\u00e1pad Ukrajin\u011b v\u016fbec nepom\u00e1haj\u00ed, kdy\u017e jim pos\u00edlaj\u00ed slo\u017eit\u00e9 a nesm\u00edrn\u011b poruchov\u00e9 za\u0159\u00edzen\u00ed. Na to, aby tank \u00fasp\u011b\u0161n\u011b z\u00a0boje vy\u0161el a jeho pos\u00e1dka p\u0159e\u017eila, jsou rovn\u011b\u017e nutn\u00e9 zna\u010dn\u00e9 zku\u0161enosti s\u00a0man\u00e9vrov\u00e1n\u00edm, s\u00a0ovl\u00e1d\u00e1n\u00edm vozidla na nejist\u00e9m ter\u00e9nu a s\u00a0citliv\u00fdmi reakcemi na venkovn\u00ed podn\u011bty, i kdy\u017e je \u010dlov\u011bk uzav\u0159en v\u00a0jak\u00e9msi ocelov\u00e9m bunkru. Tak\u017ee se d\u00e1 \u0159\u00edci, \u017ee posl\u00e1n\u00ed z\u00e1padn\u00edch tank\u016f na Ukrajinu je sebevra\u017eedn\u00fd akt z\u00a0hlediska t\u011bch, kte\u0159\u00ed budou tyto tanky obsluhovat.<\/p>\n<p><span style=\"font-size: 18pt;\"><strong>Jadern\u00e9 st\u0159ely<\/strong><\/span><\/p>\n<p><a href=\"https:\/\/sputniknews.com\/20230125\/russia-warns-ukraine-against-using-depleted-uranium-shells-1106697682.html\">Probl\u00e9m s<\/a>\u00a0Leopard 2 tankem a s Bradley a Marder ozbrojen\u00fdmi vozidly je ten, \u017ee mohou pou\u017e\u00edvat n\u00e1boje, kter\u00e9 maj\u00ed \u0161pice vyrobeny z\u00a0vy\u010derpan\u00e9ho uranu. Ten uran samoz\u0159ejm\u011b nen\u00ed \u00fapln\u011b vy\u010derp\u00e1n, st\u00e1le je\u0161t\u011b je radioaktivn\u00ed a vz\u00edt takov\u00fd n\u00e1boj do rukou m\u016f\u017ee vy\u00fastit v\u00a0dlouh\u00e1 l\u00e9ta t\u011b\u017ek\u00fdch nemoc\u00ed. V\u0161ak se zeptejte Srb\u016f, jak se jim osv\u011bd\u010dily radioaktivn\u00ed n\u00e1boje, co jim tam Ameri\u010dan\u00e9 a NATO nast\u0159\u00edleli. Od t\u00e9 doby je Srbsko zasa\u017eeno neuv\u011b\u0159iteln\u00fdm mno\u017estv\u00edm rakoviny a jin\u00fdch t\u011b\u017ek\u00fdch nemoc\u00ed, d\u011bti se rod\u00ed nemocn\u00e9 a s\u00a0vrozen\u00fdmi vadami. V\u00a0Ir\u00e1ku to zp\u016fsobilo zdravotn\u00ed a humanit\u00e1rn\u00ed katastrofu, co\u017e v\u0161ecko sv\u011bt zbab\u011ble ignoruje.<\/p>\n<p>N\u00e1boje, vyroben\u00e9 s\u00a0pou\u017eit\u00edm vy\u010derpan\u00e9ho uranu jsou vlastn\u011b \u201e\u0161pinav\u00e9 bomby.\u201c Spojen\u00e9 st\u00e1ty a NATO s\u00a0nimi r\u00e1di hazarduj\u00ed, ale pro lidsk\u00fd organismus jsou nesm\u00edrn\u011b nebezpe\u010dn\u00e9. Samoz\u0159ejm\u011b, \u017ee \u0161kod\u00ed tak\u00e9 zv\u00ed\u0159at\u016fm a zp\u016fsobuj\u00ed zamo\u0159en\u00ed p\u016fdy a vodn\u00edch tok\u016f.<\/p>\n<p>Rusov\u00e9 se vyj\u00e1d\u0159ili, \u017ee kdyby Z\u00e1pad poslal tyto n\u00e1boje na Ukrajinu, \u017ee to budou pova\u017eovat za jadern\u00fd \u00fatok proti Rusku. <a href=\"https:\/\/www.zerohedge.com\/military\/white-house-refuses-say-if-ukraine-will-get-toxic-depleted-uranium-ammo\">Washington se odm\u00edt\u00e1<\/a> vyj\u00e1d\u0159it, jestli tyto n\u00e1boje na Ukrajinu po\u0161le, nebo ne. Na p\u0159\u00edmou ot\u00e1zku o tomto \u00famyslu odpov\u011bd\u011bl pat\u0159i\u010dn\u00fd americk\u00fd \u00fa\u0159edn\u00edk, \u017ee se nechce zapl\u00e9tat do\u00a0technick\u00fdch detail\u016f. Tak\u017ee to vypad\u00e1, \u017ee na Ukrajinu budou skute\u010dn\u00e9 posl\u00e1ny jadern\u00e9 hlavice.<\/p>\n<p><span style=\"font-size: 18pt;\"><strong>Mluv\u011b o jadern\u00fdch zbran\u00edch \u2026<\/strong><\/span><\/p>\n<p>V\u011bdci z\u00a0Kypru <a href=\"https:\/\/www.rt.com\/news\/570076-nuclear-blast-shockwave-study\/\">vytvo\u0159ili model<\/a> jadern\u00e9ho v\u00fdbuchu, ve snaze vyp\u00e1trat, co je nejlep\u0161\u00ed \u00fakryt p\u0159ed jeho n\u00e1sledky. Zjistili, \u017ee ti, kte\u0159\u00ed jsou v\u00a0t\u011bsn\u00e9 bl\u00edzkosti, nemaj\u00ed \u017e\u00e1dnou \u0161anci na p\u0159e\u017eit\u00ed. Zato ti, kte\u0159\u00ed jsou d\u00e1l, se mohou ochr\u00e1nit kdy\u017e v\u00ed, co d\u011blat.<\/p>\n<p>Cementem vyztu\u017een\u00e9 budovy maj\u00ed v\u011bt\u0161\u00ed nad\u011bji na odol\u00e1n\u00ed siln\u00e9mu vzduchov\u00e9mu n\u00e1razu, kter\u00fd se podob\u00e1 praskl\u00e9 bublin\u011b a zni\u010d\u00ed v\u0161ecko v\u00a0radiusu 5 km. Uvnit\u0159 budov, kde jsou t\u011bsn\u00e1 m\u00edsta a \u00fazk\u00e9 prostory, ty podstatn\u011b zrychl\u00ed rychlost vzduchu, kter\u00fd pak m\u016f\u017ee dos\u00e1hnout s\u00edly a\u017e 18x v\u00e1hy lidsk\u00e9ho t\u011bla.<\/p>\n<p>Je nutno se vyvarovat bl\u00edzkosti oken, dve\u0159\u00ed a chodeb. Nejlep\u0161\u00ed je z\u016fstat v\u00a0roz\u00edch m\u00edstnosti, jej\u00ed\u017e ze\u010f je p\u0159\u00edmo proti st\u0159edu v\u00fdbuchu. Tam je mo\u017enost p\u0159e\u017eit\u00ed nejv\u011bt\u0161\u00ed.<\/p>\n<p>Ale jinak vyhl\u00eddky nejsou valn\u00e9, proto\u017ee i kdy\u017e se v\u0161e uklidn\u00ed, je\u0161t\u011b st\u00e1le z\u016fstanou poz\u016fstatky, jako je zv\u00fd\u0161en\u00e1 radiace, zni\u010den\u00e9 elektrick\u00e9 veden\u00ed a plynovody, v\u010detn\u011b \u010detn\u00fdch oh\u0148\u016f.<\/p>\n<p><strong>Jane Kaufman, 3. \u00fanora 2023<\/strong><\/p>\n<p>&nbsp;<\/p>\n<p><img decoding=\"async\" loading=\"lazy\" class=\"wp-image-19187 aligncenter\" src=\"http:\/\/www.infokuryr.cz\/n\/wp-content\/uploads\/2022\/12\/1-PRO-300x36.jpg\" alt=\"\" width=\"1133\" height=\"136\" srcset=\"https:\/\/www.infokuryr.cz\/n\/wp-content\/uploads\/2022\/12\/1-PRO-300x36.jpg 300w, https:\/\/www.infokuryr.cz\/n\/wp-content\/uploads\/2022\/12\/1-PRO.jpg 699w\" sizes=\"(max-width: 1133px) 100vw, 1133px\" \/><\/p>\n<p>&nbsp;<\/p>\n","protected":false},"excerpt":{"rendered":"<p>N\u011bmeck\u00e1 Ministryn\u011b zahrani\u010d\u00ed, Annalena Baerbock, odchovanec WEF Klause Schwaba, se p\u0159i debat\u011b v\u00a0Parlament\u00e1rn\u00edm shrom\u00e1\u017ed\u011bn\u00ed Evropsk\u00e9&#8230;<\/p>\n","protected":false},"author":2,"featured_media":21763,"comment_status":"closed","ping_status":"closed","sticky":false,"template":"","format":"standard","meta":[],"categories":[6],"tags":[1042,1549,26],"_links":{"self":[{"href":"https:\/\/www.infokuryr.cz\/n\/wp-json\/wp\/v2\/posts\/22245"}],"collection":[{"href":"https:\/\/www.infokuryr.cz\/n\/wp-json\/wp\/v2\/posts"}],"about":[{"href":"https:\/\/www.infokuryr.cz\/n\/wp-json\/wp\/v2\/types\/post"}],"author":[{"embeddable":true,"href":"https:\/\/www.infokuryr.cz\/n\/wp-json\/wp\/v2\/users\/2"}],"replies":[{"embeddable":true,"href":"https:\/\/www.infokuryr.cz\/n\/wp-json\/wp\/v2\/comments?post=22245"}],"version-history":[{"count":1,"href":"https:\/\/www.infokuryr.cz\/n\/wp-json\/wp\/v2\/posts\/22245\/revisions"}],"predecessor-version":[{"id":22247,"href":"https:\/\/www.infokuryr.cz\/n\/wp-json\/wp\/v2\/posts\/22245\/revisions\/22247"}],"wp:featuredmedia":[{"embeddable":true,"href":"https:\/\/www.infokuryr.cz\/n\/wp-json\/wp\/v2\/media\/21763"}],"wp:attachment":[{"href":"https:\/\/www.infokuryr.cz\/n\/wp-json\/wp\/v2\/media?parent=22245"}],"wp:term":[{"taxonomy":"category","embeddable":true,"href":"https:\/\/www.infokuryr.cz\/n\/wp-json\/wp\/v2\/categories?post=22245"},{"taxonomy":"post_tag","embeddable":true,"href":"https:\/\/www.infokuryr.cz\/n\/wp-json\/wp\/v2\/tags?post=22245"}],"curies":[{"name":"wp","href":"https:\/\/api.w.org\/{rel}","templated":true}]}}