{"id":22242,"date":"2023-02-04T05:32:58","date_gmt":"2023-02-04T04:32:58","guid":{"rendered":"http:\/\/www.infokuryr.cz\/n\/?p=22242"},"modified":"2023-02-04T05:54:12","modified_gmt":"2023-02-04T04:54:12","slug":"andrew-korybko-the-new-york-times-prave-pripustil-ze-protiruske-sankce-zapadu-jsou-selhanim","status":"publish","type":"post","link":"https:\/\/www.infokuryr.cz\/n\/2023\/02\/04\/andrew-korybko-the-new-york-times-prave-pripustil-ze-protiruske-sankce-zapadu-jsou-selhanim\/","title":{"rendered":"Andrew Korybko:  New York Times pr\u00e1v\u011b p\u0159ipustil, \u017ee protirusk\u00e9 sankce Z\u00e1padu jsou selh\u00e1n\u00edm"},"content":{"rendered":"<div id=\"fb-root\"><\/div>\n<p><strong>Ani New York Times, z\u00e1padn\u00ed experti, kter\u00e9 cituje spisovatelka Ana Swansonov\u00e1, ani MMF nemohou b\u00fdt v\u011brohodn\u011b obvi\u0148ov\u00e1ny z toho, \u017ee jsou \u201ep\u0159\u00e1telsk\u00e9 k Rusku\u201c, nato\u017e takzvan\u00e9 \u201erusk\u00e9 propagandy\u201c nebo dokonce \u201erusk\u00fdmi agenty\u201c, co\u017e potvrzuje pozorov\u00e1n\u00ed, \u017ee tato dimenze protirusk\u00e9 informa\u010dn\u00ed v\u00e1lky kampan\u011b Zlat\u00e9 miliardy se rozhodn\u011b posunula.<\/strong><\/p>\n<p>\u201eOfici\u00e1ln\u00ed vypr\u00e1v\u011bn\u00ed\u201c kolem\u00a0<a href=\"https:\/\/russiancouncil.ru\/en\/analytics-and-comments\/columns\/military-and-security\/why-did-u-s-prioritize-containing-russia-over-china\/\">ukrajinsk\u00e9ho\u00a0<\/a><a href=\"https:\/\/astutenews.com\/2022\/03\/russia-is-waging-an-existential-struggle-in-defense-of-its-independence-sovereignty\/\">konfliktu\u00a0<\/a>se v posledn\u00edch t\u00fddnech\u00a0<a href=\"https:\/\/korybko.substack.com\/p\/the-chairman-of-the-joint-chiefs\">zm\u011bnilo\u00a0<\/a>z p\u0159ed\u010dasn\u00e9ho oslavov\u00e1n\u00ed \u00fadajn\u011b \u201enevyhnuteln\u00e9ho\u201c v\u00edt\u011bzstv\u00ed Kyjeva k dne\u0161n\u00edmu v\u00e1\u017en\u00e9mu varov\u00e1n\u00ed p\u0159ed jeho pravd\u011bpodobnou ztr\u00e1tou.\u00a0<a href=\"https:\/\/korybko.substack.com\/p\/russia-correctly-described-the-us\">S odstupem \u010dasu se proto o\u010dek\u00e1valo, \u017ee se zm\u011bn\u00ed i dal\u0161\u00ed dimenze kampan\u011b informa\u010dn\u00ed v\u00e1lky veden\u00e1 Zlatou\u00a0<\/a><a href=\"https:\/\/korybko.substack.com\/p\/russias-national-security-council\">miliardou\u00a0<\/a>Z\u00e1padu vedenou USA\u00a0proti Rusku.\u00a0Jako d\u016fkaz toho pr\u00e1v\u011b New York Times (NYT) pr\u00e1v\u011b p\u0159ipustily, \u017ee protirusk\u00e9 sankce Z\u00e1padu jsou ne\u00fasp\u011bchem.<\/p>\n<p><img decoding=\"async\" loading=\"lazy\" class=\"wp-image-22243 aligncenter\" src=\"http:\/\/www.infokuryr.cz\/n\/wp-content\/uploads\/2023\/02\/Sankce-rus-300x225.jpg\" alt=\"\" width=\"591\" height=\"443\" srcset=\"https:\/\/www.infokuryr.cz\/n\/wp-content\/uploads\/2023\/02\/Sankce-rus-300x225.jpg 300w, https:\/\/www.infokuryr.cz\/n\/wp-content\/uploads\/2023\/02\/Sankce-rus-768x576.jpg 768w, https:\/\/www.infokuryr.cz\/n\/wp-content\/uploads\/2023\/02\/Sankce-rus.jpg 782w\" sizes=\"(max-width: 591px) 100vw, 591px\" \/><\/p>\n<p>\u201cV \u010dl\u00e1nku Ana Swanson o tom, jak \u201e\u00a0<a href=\"https:\/\/www.nytimes.com\/2023\/01\/31\/business\/economy\/russia-sanctions-trade-china-turkey.html\">Rusko se vyh\u00fdb\u00e1 z\u00e1padn\u00edm trest\u016fm, s pomoc\u00ed p\u0159\u00e1tel\u00a0<\/a>\u201d, cituje z\u00e1padn\u00ed experty, kte\u0159\u00ed do\u0161li k z\u00e1v\u011bru, \u017ee \u201edovoz Ruska se ji\u017e mo\u017en\u00e1 zotavil na p\u0159edv\u00e1le\u010dnou \u00farove\u0148, nebo se tak brzy stane, v z\u00e1vislosti na jejich modelech\u201c.\u00a0Je\u0161t\u011b p\u0159esv\u011bd\u010div\u011bj\u0161\u00ed je, \u017ee odkazuje na nejnov\u011bj\u0161\u00ed hodnocen\u00ed MMF z pond\u011bl\u00ed, kter\u00e9 \u201enyn\u00ed o\u010dek\u00e1valo, \u017ee rusk\u00e1 ekonomika letos poroste o 0,3 procenta, co\u017e je v\u00fdrazn\u00e9 zlep\u0161en\u00ed oproti p\u0159edchoz\u00edmu odhadu poklesu o 2,3 procenta\u201c.<\/p>\n<p>Ani NYT, z\u00e1padn\u00ed odborn\u00edci, kter\u00e9 Swanson cituje, ani MMF nemohou b\u00fdt v\u011brohodn\u011b obvin\u011bni z toho, \u017ee jsou \u201ep\u0159\u00e1tel\u0161t\u00ed k Rusku\u201c, nato\u017e takzvan\u00ed \u201eru\u0161t\u00ed propagandist\u00e9\u201c nebo dokonce \u201eru\u0161t\u00ed agenti\u201c, co\u017e potvrzuje pozorov\u00e1n\u00ed, \u017ee tato dimenze informa\u010dn\u00ed v\u00e1lky Zlat\u00e9 miliardy se tak\u00e9 rozhodn\u011b posunula.\u00a0Faktem je, \u017ee protirusk\u00e9 sankce Z\u00e1padu nedok\u00e1zaly katalyzovat kolaps on\u00e9 c\u00edlen\u00e9 multipol\u00e1rn\u00ed velmocensk\u00e9 ekonomiky, kter\u00e1 i nad\u00e1le z\u016fst\u00e1v\u00e1 p\u016fsobiv\u011b odoln\u00e1.<\/p>\n<p>Na\u010dasov\u00e1n\u00ed, ve kter\u00e9m se tento p\u0159\u00edb\u011bh zm\u011bnil, je tak\u00e9 d\u016fle\u017eit\u00e9, proto\u017ee roz\u0161i\u0159uje d\u016fv\u011bryhodnost na \u0161iroce zn\u00e1m\u00fd nov\u00fd p\u0159\u00edb\u011bh, kter\u00fd dnes v\u00e1\u017en\u011b varuje p\u0159ed pravd\u011bpodobnou ztr\u00e1tou Kyjeva v\u00a0<a href=\"https:\/\/korybko.substack.com\/p\/ukraine-humiliated-western-propagandists\">z\u00e1stupn\u00e9 v\u00e1lce NATO proti Rusku\u00a0<\/a>. Koneckonc\u016f, pokud sankce dos\u00e1hly c\u00edle, kter\u00fd m\u011bly, a o kter\u00e9m americk\u00e1 mainstreamov\u00e1 m\u00e9dia (MSM) veden\u00e1 Z\u00e1padem dosud lhala, \u017ee \u00fadajn\u011b m\u011bla, pak p\u0159irozen\u011b vypl\u00fdv\u00e1, \u017ee Kyjev \u201enevyhnuteln\u011b\u201c vyhraje p\u0159esn\u011b tak, jak tvrdili, \u017ee se stane, a\u017e do poloviny ledna.<\/p>\n<p>S ohledem na to je nej\u00fa\u010dinn\u011bj\u0161\u00edm zp\u016fsobem, jak \u201ep\u0159eprogramovat\u201c pr\u016fm\u011brn\u00e9ho obyvatele Z\u00e1padu pot\u00e9, co mu za posledn\u00edch 11 m\u011bs\u00edc\u016f vym\u00fdv\u00e1me mozky, aby o\u010dek\u00e1vali \u00fadajn\u011b \u201enevyhnuteln\u00e9\u201c v\u00edt\u011bzstv\u00ed Kyjeva, je tak\u00e9 rozhodn\u011b zm\u011bnit dopl\u0148kov\u00e9 narativy, kter\u00e9 um\u011ble vytvo\u0159ily v\u00fd\u0161e uveden\u00fd fale\u0161n\u00fd z\u00e1v\u011br.\u00a0Za t\u00edmto \u00fa\u010delem byl vyd\u00e1n p\u0159\u00edkaz, aby se za\u010dalo zvy\u0161ovat pov\u011bdom\u00ed ve\u0159ejnosti o ne\u00fasp\u011bchu protirusk\u00fdch sankc\u00ed Zlat\u00e9 miliardy, tedy o nejnov\u011bj\u0161\u00edm d\u00edle NYT a jeho konkr\u00e9tn\u00edm na\u010dasov\u00e1n\u00ed.<\/p>\n<p>To, co v tomto \u010dl\u00e1nku z\u016fstalo nevy\u0159\u010deno, je \u201epoliticky nekorektn\u00ed\u201c, ale p\u0159esto siln\u011b nazna\u010den\u00e9 pozorov\u00e1n\u00ed, \u017ee spole\u010dn\u011b\u00a0veden\u00fd\u00a0<a href=\"https:\/\/korybko.substack.com\/p\/indias-global-south-summit-is-the\">Glob\u00e1ln\u00ed\u00a0<\/a><a href=\"https:\/\/korybko.substack.com\/p\/prime-minister-modis-4r-global-agenda\">jih\u00a0<\/a><a href=\"https:\/\/news.cgtn.com\/news\/2022-06-24\/BRICS-role-in-the-global-systemic-transition-to-multipolarity-1b7pApI2CKQ\/index.html\">BRICSBRICS\u00a0<\/a>&#8211; &amp;\u00a0\u2013 a\u00a0<a href=\"https:\/\/korybko.substack.com\/p\/the-significance-of-the-scos-samarkand\">SCOSCO\u00a0<\/a>, jeho\u017e je Rusko sou\u010d\u00e1st\u00ed, se vzep\u0159el po\u017eadavk\u016fm Zlat\u00e9 miliardy na \u201eizolaci\u201c t\u00e9to multipol\u00e1rn\u00ed velmoci.\u00a0\u017d\u00e1dn\u00e1 prodejna MSM to nikdy nep\u0159izn\u00e1, alespo\u0148 zat\u00edm ne, ale jejich de facto\u00a0<a href=\"https:\/\/korybko.substack.com\/p\/the-importance-of-properly-framing\">nov\u00fd blok studen\u00e9 v\u00e1lky\u00a0<\/a>omezil vliv mimo\u00a0<a href=\"https:\/\/korybko.substack.com\/p\/the-five-ways-that-the-us-successfully\">ned\u00e1vno obnovenou \u201esf\u00e9ru vlivu\u201c USA\u00a0<\/a>v Evrop\u011b, jej\u00ed\u017e zem\u011b jako jedin\u00e9 trp\u00ed t\u011bmito sankcemi.<\/p>\n<p>Nejnov\u011bj\u0161\u00ed \u010dl\u00e1nek NYT by si to v\u0161ak mohl necht\u011bn\u011b uv\u011bdomit mnoho \u010dlen\u016f jejich ve\u0159ejnosti, a proto by mohli st\u00e1le v\u00edce nam\u00edtat proti tomu, aby jejich vl\u00e1dy zvy\u0161ovaly\u00a0<a href=\"https:\/\/korybko.substack.com\/p\/top-ukrainian-and-former-us-officials\">sv\u016fj\u00a0<\/a><a href=\"https:\/\/korybko.substack.com\/p\/natos-tank-coalition-is-an-escalation\">z\u00e1vazek\u00a0<\/a>k z\u00e1stupn\u00e9 v\u00e1lce NATO proti Rusku pod americk\u00fdm tlakem.\u00a0Chorvatsk\u00fd prezident Zoran Milanovi\u010d\u00a0<a href=\"https:\/\/korybko.substack.com\/p\/the-croatian-president-slammed-his\">se ned\u00e1vno p\u0159ipojil k\u00a0<\/a>ma\u010farsk\u00e9mu premi\u00e9rovi\u00a0<a href=\"https:\/\/korybko.substack.com\/p\/viktor-orban-envisions-leading-the\">Viktoru Orb\u00e1novi\u00a0<\/a>a odsoudil tuto kampa\u0148 a zv\u00fd\u0161il pov\u011bdom\u00ed o tom, jak kontraproduktivn\u00ed je pro objektivn\u00ed z\u00e1jmy Evropy.<\/p>\n<p>Kdy\u017e si Evropan\u00e9 uv\u011bdom\u00ed, \u017ee jsou jedin\u00ed, kdo trp\u00ed protirusk\u00fdmi sankcemi, k jejich\u017e zaveden\u00ed je donutil jejich americk\u00fd vl\u00e1dce, a \u017ee jejich ob\u011bti nep\u0159\u00edzniv\u011b neovlivnily, mohou n\u00e1sledovat masivn\u00ed nepokoje.\u00a0Je nepravd\u011bpodobn\u00e9, \u017ee to ovlivn\u00ed jejich v\u016fdce ovl\u00e1dan\u00e9 Spojen\u00fdmi st\u00e1ty, aby obr\u00e1tili kurz, vzhledem k tomu, \u017ee n\u011bmeck\u00fd ministr zahrani\u010d\u00ed\u00a0<a href=\"https:\/\/astutenews.com\/2022\/09\/the-german-foreign-minister-discredited-the-entire-concept-of-western-democracy\/\">koncem lo\u0148sk\u00e9ho roku sl\u00edbil\u00a0<\/a> \u017ee tak nikdy neu\u010din\u00ed, ale mohl by m\u00edsto toho katalyzovat n\u00e1siln\u00fd policejn\u00ed z\u00e1sah.<\/p>\n<p>D\u016fvodem t\u00e9to pesimistick\u00e9 p\u0159edpov\u011bdi je, \u017ee zvr\u00e1cen\u00ed nebo alespo\u0148 zm\u00edrn\u011bn\u00ed v sou\u010dasnosti rigidn\u00edho protirusk\u00e9ho sank\u010dn\u00edho re\u017eimu by p\u0159edstavovalo bezprecedentn\u011b nez\u00e1visl\u00fd krok jak\u00e9hokoli evropsk\u00e9ho st\u00e1tu (st\u00e1t\u016f), kter\u00fd tak u\u010din\u00ed.\u00a0Vzhledem k tomu, \u017ee se to ani nestalo b\u011bhem osmi let p\u0159ed \u00fasp\u011b\u0161n\u00fdm obnoven\u00edm sv\u00e9 unipol\u00e1rn\u00ed hegemonie Spojen\u00fdmi st\u00e1ty po cel\u00fd rok 2022, pravd\u011bpodobnost, \u017ee se tak stane v dne\u0161n\u00ed dob\u011b za t\u011bchto mnohem obt\u00ed\u017en\u011bj\u0161\u00edch podm\u00ednek, je prakticky nulov\u00e1.<\/p>\n<p>\u201cN\u011bmeck\u00fd pod\u0159\u00edzen\u00fd\u00a0\u201e\u00a0<a href=\"https:\/\/sputniknews.com\/20150129\/1017517136.html\">Lead From Behind\u00a0<\/a>\u201d pro \u201e\u0159\u00edzen\u00ed\u201c evropsk\u00fdch z\u00e1le\u017eitost\u00ed v r\u00e1mci sv\u00e9 nov\u00e9 takzvan\u00e9 strategie \u201esd\u00edlen\u00ed z\u00e1t\u011b\u017ee\u201c\u00a0m\u00e1 v\u00edce ne\u017e dost p\u00e1k ekonomick\u00e9ho, institucion\u00e1ln\u00edho a politick\u00e9ho vlivu na to, aby n\u011bkolik potrestalo kohokoli z nich. ti ni\u017e\u0161\u00ed ameri\u010dt\u00ed vazalov\u00e9, kte\u0159\u00ed se vymknou z m\u00edsta.\u00a0Je proto nerealistick\u00e9 o\u010dek\u00e1vat, \u017ee kter\u00fdkoli \u010dlen EU bude jednostrann\u011b vzdorovat protirusk\u00fdm sankc\u00edm bloku, se kter\u00fdmi jejich vlastn\u00ed vl\u00e1da d\u0159\u00edve souhlasila.<\/p>\n<p>Vezmeme-li v \u00favahu tuto realitu, ti v\u016fdci, kte\u0159\u00ed cht\u011bj\u00ed z\u016fstat u moci nebo alespo\u0148 neriskovat hn\u011bv\u00a0<a href=\"https:\/\/www.amazon.com\/Hybrid-Wars-Indirect-Adaptive-Approach-ebook\/dp\/B014GA5SX8\">hybridn\u00ed\u00a0<\/a><a href=\"https:\/\/www.amazon.com\/Law-Hybrid-War-Eastern-Hemisphere-ebook\/dp\/B07124QCZH\">v\u00e1lky USA\u00a0<\/a>v\u016f\u010di sv\u00fdm ekonomik\u00e1m, neradi obnovuj\u00ed zd\u00e1n\u00ed sv\u00e9 do zna\u010dn\u00e9 m\u00edry ztracen\u00e9\u00a0<a href=\"https:\/\/korybko.substack.com\/p\/president-putins-insight-into-state?s=w\">suverenity\u00a0<\/a>tak dramatick\u00fdm zp\u016fsobem.\u00a0M\u00edsto toho je jejich nejpragmati\u010dt\u011bj\u0161\u00edm postupem ne\u00fa\u010dastnit se vojensk\u00e9ho aspektu t\u00e9to z\u00e1stupn\u00e9 v\u00e1lky t\u00edm, \u017ee odm\u00edtnou poslat zbran\u011b do Kyjeva p\u0159esn\u011b tak, jak to ud\u011blal vznikaj\u00edc\u00ed st\u0159edoevropsk\u00fd pragmatick\u00fd blok\u00a0<a href=\"https:\/\/www.euractiv.com\/section\/politics\/news\/austria-hungary-agree-on-not-sending-weapons-to-ukraine\/\">Rakouska\u00a0<\/a>, Chorvatska a Ma\u010farska.<\/p>\n<p>Obyvatelstvo t\u011bchto zem\u00ed tak pravd\u011bpodobn\u011b nebude protestovat proti sankc\u00edm ani pot\u00e9, co se dozv\u011bd\u011bli o faktech obsa\u017een\u00fdch v nejnov\u011bj\u0161\u00edm \u010dl\u00e1nku NYT a p\u0159irozen\u011b do\u0161li k z\u00e1v\u011bru, \u017ee protirusk\u00e9 sankce po\u0161kodily pouze jejich vlastn\u00ed ekonomiky a nikoli ty, kter\u00e9 se zam\u011b\u0159ovaly na Velkou Brit\u00e1nii. Moc je.\u00a0Lid\u00e9 ve Francii, N\u011bmecku a It\u00e1lii v\u0161ak mohli velmi dob\u0159e reagovat odli\u0161n\u011b, zejm\u00e9na s ohledem na jejich tradici organizovat masivn\u00ed protesty.<\/p>\n<p>V takov\u00e9m sc\u00e9n\u00e1\u0159i se od jejich vl\u00e1d o\u010dek\u00e1v\u00e1, \u017ee na\u0159\u00edd\u00ed n\u00e1siln\u00fd policejn\u00ed z\u00e1sah pod jakoukoli z\u00e1minkou, kterou si vymysl\u00ed, a\u0165 u\u017e je to fale\u0161n\u00e9 obvin\u011bn\u00ed demonstrant\u016f z pou\u017eit\u00ed nejprve n\u00e1sil\u00ed, nebo obvin\u011bn\u00ed v\u0161ech z toho, \u017ee jsou takzvan\u00fdmi \u201erusk\u00fdmi agenty\u201c.\u00a0Bez ohledu na to, jak se to stane, v\u00fdsledek bude stejn\u00fd, kdy z\u00e1padoevropsk\u00e9 zem\u011b sklouznou hloub\u011bji do liber\u00e1ln\u011b-totalitn\u00ed diktatury, co\u017e n\u00e1sledn\u011b p\u0159isp\u011bje k dal\u0161\u00ed radikalizaci jejich obyvatelstva k nejist\u00fdm c\u00edl\u016fm.<\/p>\n<p>Vr\u00e1t\u00edme-li se zp\u011bt k \u010dl\u00e1nku NYT, p\u0159edstavuje pozoruhodn\u00fd obrat \u201eofici\u00e1ln\u00edho vypr\u00e1v\u011bn\u00ed\u201c t\u00edm, \u017ee otev\u0159en\u011b p\u0159izn\u00e1v\u00e1, \u017ee protirusk\u00e9 sankce Z\u00e1padu jsou ne\u00fasp\u011bchem.\u00a0To se shoduje s rozhoduj\u00edc\u00edm posunem \u0161ir\u0161\u00edho narativu \u0159\u00edzen\u00e9ho americk\u00fdmi a polsk\u00fdmi v\u016fdci za posledn\u00ed m\u011bs\u00edc, kdy dnes v\u00e1\u017en\u011b varuj\u00ed p\u0159ed pravd\u011bpodobnou ztr\u00e1tou Kyjeva v z\u00e1stupn\u00e9 v\u00e1lce NATO proti Rusku.\u00a0Uvid\u00edme, co se zm\u011bn\u00ed i dal\u0161\u00ed narativy, ale p\u0159edpokl\u00e1d\u00e1 se, \u017ee v\u00edce takov\u00fdch nevyhnuteln\u011b ud\u011bl\u00e1.<\/p>\n<p><a href=\"https:\/\/korybko.substack.com\/p\/the-new-york-times-just-admitted\">Andrew Korybko<\/a><\/p>\n<p><img decoding=\"async\" loading=\"lazy\" class=\"alignnone wp-image-22017\" src=\"http:\/\/www.infokuryr.cz\/n\/wp-content\/uploads\/2023\/01\/andrew-korybko-300x300.jpg\" alt=\"\" width=\"235\" height=\"235\" srcset=\"https:\/\/www.infokuryr.cz\/n\/wp-content\/uploads\/2023\/01\/andrew-korybko-300x300.jpg 300w, https:\/\/www.infokuryr.cz\/n\/wp-content\/uploads\/2023\/01\/andrew-korybko-150x150.jpg 150w, https:\/\/www.infokuryr.cz\/n\/wp-content\/uploads\/2023\/01\/andrew-korybko.jpg 400w\" sizes=\"(max-width: 235px) 100vw, 235px\" \/><\/p>\n<p>______________________<\/p>\n<p>&nbsp;<\/p>\n<p><img decoding=\"async\" loading=\"lazy\" class=\"wp-image-19187 aligncenter\" src=\"http:\/\/www.infokuryr.cz\/n\/wp-content\/uploads\/2022\/12\/1-PRO-300x36.jpg\" alt=\"\" width=\"1100\" height=\"132\" srcset=\"https:\/\/www.infokuryr.cz\/n\/wp-content\/uploads\/2022\/12\/1-PRO-300x36.jpg 300w, https:\/\/www.infokuryr.cz\/n\/wp-content\/uploads\/2022\/12\/1-PRO.jpg 699w\" sizes=\"(max-width: 1100px) 100vw, 1100px\" \/><\/p>\n<p>&nbsp;<\/p>\n","protected":false},"excerpt":{"rendered":"<p>Ani New York Times, z\u00e1padn\u00ed experti, kter\u00e9 cituje spisovatelka Ana Swansonov\u00e1, ani MMF nemohou b\u00fdt&#8230;<\/p>\n","protected":false},"author":2,"featured_media":16688,"comment_status":"closed","ping_status":"closed","sticky":false,"template":"","format":"standard","meta":[],"categories":[7],"tags":[1042,22,125,37,365],"_links":{"self":[{"href":"https:\/\/www.infokuryr.cz\/n\/wp-json\/wp\/v2\/posts\/22242"}],"collection":[{"href":"https:\/\/www.infokuryr.cz\/n\/wp-json\/wp\/v2\/posts"}],"about":[{"href":"https:\/\/www.infokuryr.cz\/n\/wp-json\/wp\/v2\/types\/post"}],"author":[{"embeddable":true,"href":"https:\/\/www.infokuryr.cz\/n\/wp-json\/wp\/v2\/users\/2"}],"replies":[{"embeddable":true,"href":"https:\/\/www.infokuryr.cz\/n\/wp-json\/wp\/v2\/comments?post=22242"}],"version-history":[{"count":0,"href":"https:\/\/www.infokuryr.cz\/n\/wp-json\/wp\/v2\/posts\/22242\/revisions"}],"wp:featuredmedia":[{"embeddable":true,"href":"https:\/\/www.infokuryr.cz\/n\/wp-json\/wp\/v2\/media\/16688"}],"wp:attachment":[{"href":"https:\/\/www.infokuryr.cz\/n\/wp-json\/wp\/v2\/media?parent=22242"}],"wp:term":[{"taxonomy":"category","embeddable":true,"href":"https:\/\/www.infokuryr.cz\/n\/wp-json\/wp\/v2\/categories?post=22242"},{"taxonomy":"post_tag","embeddable":true,"href":"https:\/\/www.infokuryr.cz\/n\/wp-json\/wp\/v2\/tags?post=22242"}],"curies":[{"name":"wp","href":"https:\/\/api.w.org\/{rel}","templated":true}]}}