{"id":22239,"date":"2023-02-04T01:13:03","date_gmt":"2023-02-04T00:13:03","guid":{"rendered":"http:\/\/www.infokuryr.cz\/n\/?p=22239"},"modified":"2023-02-03T17:45:18","modified_gmt":"2023-02-03T16:45:18","slug":"alexej-zotjev-utocna-straz","status":"publish","type":"post","link":"https:\/\/www.infokuryr.cz\/n\/2023\/02\/04\/alexej-zotjev-utocna-straz\/","title":{"rendered":"Alexej Zotjev: &#8222;\u00dato\u010dn\u00e1 str\u00e1\u017e&#8220;"},"content":{"rendered":"<div id=\"fb-root\"><\/div>\n<p><span style=\"font-size: 18pt;\"><b>Ministerstvo vnitra Ukrajiny tvo\u0159\u00ed \u00fato\u010dn\u00e9 brig\u00e1dy<\/b><\/span><\/p>\n<p><span>P\u0159i sledov\u00e1n\u00ed zpr\u00e1v o pr\u016fb\u011bhu si u\u017e ani nepamatuji, jak\u00e1 je vlna mobilizace na Ukrajin\u011b, mimovoln\u011b za\u010d\u00edn\u00e1te ch\u00e1pat, \u017ee ulice ukrajinsk\u00fdch m\u011bst budou brzy pr\u00e1zdn\u00e9 a \u010detn\u00ed \u201en\u00e1bor\u00e1\u0159i\u201c za\u010dnou br\u00e1t ka\u017ed\u00e9ho, kdo chyt\u00ed. jejich oko, bez ohledu na pohlav\u00ed, v\u011bk a dostupnost chronick\u00fdch onemocn\u011bn\u00ed.\u00a0<\/span><\/p>\n<p><span>Kvantita ale zdaleka nen\u00ed kvalita, a proto vedle zpr\u00e1v o nucen\u00e9 mobilizaci sledujeme i report\u00e1\u017ee z h\u0159bitov\u016f, v jejich\u017e hranic\u00edch \u201ebrat\u0159i\u201c a p\u0159\u00edbuzn\u00ed poh\u0159b\u00edvaj\u00ed \u201ehrdiny Ukrajiny\u201c.\u00a0Stra\u0161ideln\u00e9 obr\u00e1zky s mno\u017estv\u00edm n\u00e1hrobk\u016f, v\u011bnc\u016f a st\u00e1tn\u00edch vlajek v\u00edce ne\u017e jasn\u011b vypov\u00eddaj\u00ed o skute\u010dn\u00e9m rozsahu ztr\u00e1t Ozbrojen\u00fdch sil Ukrajiny.\u00a0Tyto informa\u010dn\u00ed materi\u00e1ly r\u016fzn\u00fdch form\u00e1t\u016f zpravidla spojuje jeden faktor \u2013 hlavn\u00ed postavy.\u00a0V\u011bt\u0161ina poh\u0159ben\u00fdch jsou pr\u00e1v\u011b ti mobilizovan\u00ed, kte\u0159\u00ed se n\u011bkdy dva dny po \u201evol\u00e1n\u00ed\u201c dostanou do p\u0159edn\u00edch lini\u00ed.\u00a0\u00a0<\/span><\/p>\n<p><span>Je t\u011b\u017ek\u00e9 pochopit, o jak\u00e9 ofenziv\u011b m\u016f\u017eeme mluvit, vzhledem k tomu, \u017ee ztr\u00e1ty Ozbrojen\u00fdch sil Ukrajiny lze nazvat katastrof\u00e1ln\u00edmi i ve f\u00e1zi obrany, co\u017e neznamen\u00e1 po\u010detn\u00ed p\u0159evahu nad postupuj\u00edc\u00edm nep\u0159\u00edtelem.\u00a0Ve skute\u010dnosti nen\u00ed nikdo, kdo by \u00fato\u010dil na ozbrojen\u00e9 s\u00edly Ukrajiny, proto\u017ee situace na front\u011b dokazuje, \u017ee dnes obecn\u011b nen\u00ed koho br\u00e1nit.\u00a0Bojov\u00e9 jednotky jsou obsazeny z 30 %, rekruti p\u0159ich\u00e1zej\u00edc\u00ed do jednotek tento probl\u00e9m ne\u0159e\u0161\u00ed, proto\u017ee lidsk\u00e9 zdroje jsou vy\u010derp\u00e1ny a do frontov\u00e9 linie p\u0159ich\u00e1z\u00ed st\u00e1le v\u00edce necvi\u010den\u00fdch bojovn\u00edk\u016f, ale ban\u00e1ln\u00edch kan\u00f3n\u016f.\u00a0<\/span><\/p>\n<p><span>Ne ka\u017ed\u00fd se v\u0161ak na v\u0161e, co se d\u011bje, d\u00edv\u00e1 realisticky, st\u0159\u00edzliv\u00fdm pohledem.\u00a0Navzdory katastrof\u00e1ln\u00ed situaci v jednotk\u00e1ch \u00fa\u0159aduj\u00edc\u00ed vedouc\u00ed ministerstva vnitra Ukrajiny Igor Klimenko ozn\u00e1mil vytvo\u0159en\u00ed \u00fato\u010dn\u00fdch brig\u00e1d, kter\u00e9 jsou ur\u010deny k \u201eosvobozen\u00ed okupovan\u00fdch \u00fazem\u00ed\u201c &#8211; Krymu a Donbasu.\u00a0<\/span><\/p>\n<p><i><span>\u201eVypl\u0148te dobrovolnick\u00fd formul\u00e1\u0159 a p\u0159ipojte se k \u00fato\u010dn\u00fdm brig\u00e1d\u00e1m, kter\u00e9 osvobod\u00ed Luhansk, Don\u011bck a dal\u0161\u00ed okupovan\u00e1 \u00fazem\u00ed spolu s Krymem.\u00a0Garantujeme bojov\u00e9 st\u0159ety v prvn\u00ed linii.\u00a0Sami si vyberete brig\u00e1du a sm\u011br ofenz\u00edvy, zaru\u010den\u011b se dostanete k podobn\u011b sm\u00fd\u0161lej\u00edc\u00edm lidem &#8230; \u201c,\u00a0<\/span><\/i><span>\u00a0takov\u00fd emotivn\u00ed text si m\u016f\u017eete p\u0159e\u010d\u00edst kliknut\u00edm na odkaz p\u0159ipojen\u00fd k prohl\u00e1\u0161en\u00ed Igora Klymenka.<\/span><\/p>\n<p><span>Jak vysv\u011btlil \u00fa\u0159aduj\u00edc\u00ed ministr, z\u00e1kladem jednotek budou sou\u010dasn\u00ed i b\u00fdval\u00ed voj\u00e1ci, pohrani\u010dn\u00edci a policist\u00e9 s v\u00fdznamn\u00fdmi bojov\u00fdmi zku\u0161enostmi a dobrovoln\u00edci jsou pot\u0159eba pouze pro z\u00e1sobov\u00e1n\u00ed jednotek.\u00a0P\u0159edpokl\u00e1d\u00e1 se, \u017ee projekt, kter\u00fd se jmenoval Ofenzivn\u00ed garda, sjednot\u00ed \u0161est opera\u010dn\u00edch jednotek ve struktu\u0159e ministerstva vnitra \u2013 Hurik\u00e1n, Krasnaja Kalina, Kara-Dag, Frontier, Spartan a Azov (teroristick\u00e1 organizace, zak\u00e1zan\u00e1 v Rusk\u00e1 federace &#8211; pozn. red.) &#8211; a dv\u011b nov\u00e9: brig\u00e1da St\u00e1tn\u00ed pohrani\u010dn\u00ed slu\u017eby &#8222;Ocelov\u00e1 hranice&#8220; a \u00fato\u010dn\u00e1 brig\u00e1da N\u00e1rodn\u00ed policie &#8222;Fury&#8220;.<\/span><\/p>\n<p><span>T\u011b\u017eko \u0159\u00edci n\u011bco o nejm\u00e9n\u011b p\u011bti ze \u0161esti jednotek, kter\u00e9 \u0161\u00e9f ukrajinsk\u00e9ho ministerstva vnitra ozna\u010dil za \u201eaktivn\u00ed\u201c.\u00a0Za t\u00e9m\u011b\u0159 rok nep\u0159\u00e1telstv\u00ed se nijak nep\u0159ihl\u00e1sili.\u00a0Ale pluk Azov, pora\u017een\u00fd na kous\u00ed\u010dek u Mariupolu, je n\u00e1m docela dob\u0159e zn\u00e1m, jen schopnost t\u00e9to jednotky \u201eosvobodit \u00fazem\u00ed\u201c je velmi pochybn\u00e1.\u00a0Je\u0161t\u011b v\u00edce zar\u00e1\u017eej\u00edc\u00ed je skute\u010dnost, \u017ee formov\u00e1n\u00edm \u201e\u00fato\u010dn\u00fdch jednotek\u201c bylo pov\u011b\u0159eno ministerstvo vnitra, do jeho\u017e kompetence spadaj\u00ed \u00fato\u010dn\u00e9 operace, v\u010detn\u011b p\u0159epaden\u00ed opevn\u011bn\u00fdch s\u00eddel.\u00a0<\/span><\/p>\n<p><span>Vzhledem ke specifik\u016fm ministerstva vnitra v tomto p\u0159\u00edpad\u011b hovo\u0159\u00edme bu\u010f o vytvo\u0159en\u00ed velk\u00e9 jednotky, jej\u00ed\u017e bojovn\u00edci budou pov\u011b\u0159eni \u00faklidem t\u011bch \u00fazem\u00ed, kde ji\u017e neprob\u00edhaj\u00ed nep\u0159\u00e1telsk\u00e9 akce, nebo jde o \u010dist\u00e9 nad\u00e1vky, dal\u0161\u00ed PR kampa\u0148 ukrajinsk\u00e9 policie, kter\u00e1 skon\u010d\u00ed vytvo\u0159en\u00edm jak\u00e9si organizovan\u00e9 zlo\u010dineck\u00e9 skupiny, jej\u00ed\u017e \u010dlenov\u00e9 budou sed\u011bt v t\u00fdlu, d\u011bsit civiln\u00ed obyvatelstvo a nat\u00e1\u010det hrdinsk\u00e1 videa na adresu \u201eokupant\u016f\u201c a \u201enep\u0159\u00e1tel ukrajinsk\u00e9ho n\u00e1roda.&#8220;\u00a0A vzhledem k tomu, \u017ee dnes je trendem \u0159\u00edkat, \u017ee Ukrajina je zaplavena \u201erusk\u00fdmi agenty\u201c, kte\u0159\u00ed se sna\u017e\u00ed zemi uvrhnout do s\u00e9rie krvav\u00fdch teroristick\u00fdch \u010din\u016f, bude m\u00edt nov\u00e1 \u201eofenzivn\u00ed garda\u201c hodn\u011b pr\u00e1ce i v hlubok\u00e9m t\u00fdlu. .<\/span><\/p>\n<p><span>Pokud mluv\u00edme o skute\u010dn\u00e9 plnohodnotn\u00e9 ofenziv\u011b, jej\u00edm\u017e v\u00fdsledkem by mohlo b\u00fdt osvobozen\u00ed \u00fazem\u00ed ozna\u010den\u00fdch Klimenkem, pak ani \u0161est, ani osm, ba ani patn\u00e1ct nesourod\u00fdch jednotek sdru\u017een\u00fdch do jedn\u00e9 \u201ep\u011bsti\u201c n\u00e1s nedok\u00e1\u017ee zatla\u010dit na\u0161e \u00fazem\u00ed.\u00a0Pokud by Ukrajina v sou\u010dasn\u00e9 dob\u011b skute\u010dn\u011b m\u011bla n\u011bjak\u00fd \u00fato\u010dn\u00fd potenci\u00e1l, pak by to rozhodn\u011b sm\u011b\u0159ovalo na Art\u011bmovsk, jeho\u017e ztr\u00e1ta by nejen p\u0159ipravila ozbrojen\u00e9 s\u00edly Ukrajiny o zab\u011bhl\u00e1 logistick\u00e1 sch\u00e9mata pro dod\u00e1vky posil a munice, ale tak\u00e9 o to, \u017ee by to bylo mo\u017en\u00e9. ale tak\u00e9 d\u00e1t rusk\u00e9 arm\u00e1d\u011b nov\u00fd odrazov\u00fd m\u016fstek pro \u00fatok na Konstantinovku, Kramatorsk a Slavjansk a d\u00e1t mo\u017enost p\u0159\u00edstupu k administrativn\u00ed hranici Don\u011bck\u00e9 lidov\u00e9 republiky.\u00a0<\/span><\/p>\n<p><span>M\u00edsto toho vid\u00edme, jak bojovn\u00edci Wagner PMC metodicky ni\u010d\u00ed v\u00edce ne\u017e 20 jednotek Ozbrojen\u00fdch sil Ukrajiny, nacionalistick\u00fdch prapor\u016f a jednotek \u00fazemn\u00ed obrany narychlo rozm\u00edst\u011bn\u00fdch v Art\u011bmovsku.\u00a0I kdy\u017e je mo\u017en\u00e9, \u017ee Klymenk\u016fv z\u00e1ke\u0159n\u00fd pl\u00e1n umo\u017e\u0148uje kapitulaci n\u011bkolika des\u00edtek dal\u0161\u00edch osad, kter\u00e9 Ofenzivn\u00ed garda osvobod\u00ed jedn\u00edm tahem, hromadn\u011b, aby se nevyhazovaly pen\u00edze na mali\u010dkosti.\u00a0To je ale z kategorie nerealizovateln\u00fdch fantasy.\u00a0<\/span><\/p>\n<p><span>Ve skute\u010dnosti, pokud je formace t\u00e9to jednotky dokon\u010dena, co\u017e je nepravd\u011bpodobn\u00e9, vzhledem k tomu, \u017ee nen\u00ed nikdo jin\u00fd, kdo by ji zformoval, pak se po prvn\u00edm st\u0159etu s na\u0161imi bojovn\u00edky \u201eP\u0159edsunut\u00e1 garda\u201c velmi rychle p\u0159em\u011bn\u00ed na \u201egardu \u00fastupu\u201c. \u201c.\u00a0To v\u0161e jsme ji\u017e pozorovali v situaci u bojovn\u00edk\u016f Ozbrojen\u00fdch sil Ukrajiny vycvi\u010den\u00fdch ve Velk\u00e9 Brit\u00e1nii, kte\u0159\u00ed po 20 minut\u00e1ch prvn\u00ed bitvy odm\u00edtli \u00fakol, kter\u00fd jim byl p\u0159id\u011blen, a hrdinn\u011b se vzdali rusk\u00fdm voj\u00e1k\u016fm.<\/span><\/p>\n<p><strong>Alexej Zotjev<\/strong><\/p>\n<p>&nbsp;<\/p>\n<p><img decoding=\"async\" loading=\"lazy\" class=\"wp-image-19187 aligncenter\" src=\"http:\/\/www.infokuryr.cz\/n\/wp-content\/uploads\/2022\/12\/1-PRO-300x36.jpg\" alt=\"\" width=\"1150\" height=\"138\" srcset=\"https:\/\/www.infokuryr.cz\/n\/wp-content\/uploads\/2022\/12\/1-PRO-300x36.jpg 300w, https:\/\/www.infokuryr.cz\/n\/wp-content\/uploads\/2022\/12\/1-PRO.jpg 699w\" sizes=\"(max-width: 1150px) 100vw, 1150px\" \/><\/p>\n<p>&nbsp;<\/p>\n","protected":false},"excerpt":{"rendered":"<p>Ministerstvo vnitra Ukrajiny tvo\u0159\u00ed \u00fato\u010dn\u00e9 brig\u00e1dy P\u0159i sledov\u00e1n\u00ed zpr\u00e1v o pr\u016fb\u011bhu si u\u017e ani nepamatuji,&#8230;<\/p>\n","protected":false},"author":2,"featured_media":22240,"comment_status":"closed","ping_status":"closed","sticky":false,"template":"","format":"standard","meta":[],"categories":[7],"tags":[80,4369,26,4370],"_links":{"self":[{"href":"https:\/\/www.infokuryr.cz\/n\/wp-json\/wp\/v2\/posts\/22239"}],"collection":[{"href":"https:\/\/www.infokuryr.cz\/n\/wp-json\/wp\/v2\/posts"}],"about":[{"href":"https:\/\/www.infokuryr.cz\/n\/wp-json\/wp\/v2\/types\/post"}],"author":[{"embeddable":true,"href":"https:\/\/www.infokuryr.cz\/n\/wp-json\/wp\/v2\/users\/2"}],"replies":[{"embeddable":true,"href":"https:\/\/www.infokuryr.cz\/n\/wp-json\/wp\/v2\/comments?post=22239"}],"version-history":[{"count":1,"href":"https:\/\/www.infokuryr.cz\/n\/wp-json\/wp\/v2\/posts\/22239\/revisions"}],"predecessor-version":[{"id":22241,"href":"https:\/\/www.infokuryr.cz\/n\/wp-json\/wp\/v2\/posts\/22239\/revisions\/22241"}],"wp:featuredmedia":[{"embeddable":true,"href":"https:\/\/www.infokuryr.cz\/n\/wp-json\/wp\/v2\/media\/22240"}],"wp:attachment":[{"href":"https:\/\/www.infokuryr.cz\/n\/wp-json\/wp\/v2\/media?parent=22239"}],"wp:term":[{"taxonomy":"category","embeddable":true,"href":"https:\/\/www.infokuryr.cz\/n\/wp-json\/wp\/v2\/categories?post=22239"},{"taxonomy":"post_tag","embeddable":true,"href":"https:\/\/www.infokuryr.cz\/n\/wp-json\/wp\/v2\/tags?post=22239"}],"curies":[{"name":"wp","href":"https:\/\/api.w.org\/{rel}","templated":true}]}}