{"id":22232,"date":"2023-02-04T01:10:25","date_gmt":"2023-02-04T00:10:25","guid":{"rendered":"http:\/\/www.infokuryr.cz\/n\/?p=22232"},"modified":"2023-02-03T17:16:58","modified_gmt":"2023-02-03T16:16:58","slug":"turecky-ministr-vnitra-americkemu-velvyslanci-dejte-spinave-ruce-pryc-od-nasi-zeme","status":"publish","type":"post","link":"https:\/\/www.infokuryr.cz\/n\/2023\/02\/04\/turecky-ministr-vnitra-americkemu-velvyslanci-dejte-spinave-ruce-pryc-od-nasi-zeme\/","title":{"rendered":"Tureck\u00fd ministr vnitra americk\u00e9mu velvyslanci: &#8222;Dejte \u0161pinav\u00e9 ruce pry\u010d od na\u0161\u00ed zem\u011b!&#8220;"},"content":{"rendered":"<div id=\"fb-root\"><\/div>\n<p class=\"lead\"><span>Tureck\u00fd ministr vnitra Suleiman Soylu obvinil americk\u00e9ho velvyslance v Anka\u0159e, \u017ee se sna\u017e\u00ed Turecko \u201erozh\u00fdbat\u201c, a vyzval k odstran\u011bn\u00ed \u201e\u0161pinav\u00fdch rukou\u201c z jeho zem\u011b.\u00a0<\/span><\/p>\n<p><strong>Tureck\u00fd ministr uvedl:<\/strong><\/p>\n<p><em>&#8222;Odtud \u0159\u00edk\u00e1m americk\u00e9mu velvyslanci: V\u00edm, s jak\u00fdmi novin\u00e1\u0159i jste hovo\u0159il, dejte \u0161pinav\u00e9 ruce pry\u010d od Turecka.&#8220; \u0158\u00edk\u00e1m v\u00e1m velmi jasn\u011b: dejte pry\u010d \u0161pinav\u00e9 ruce z Turecka!\u00a0Jasn\u011b v\u00edm, co jste ud\u011blali, jak\u00e9 kroky jste podnikli a jak chcete Turecko zm\u00e1st.\u00a0Dejte pry\u010d sv\u00e9 \u0161pinav\u00e9 ruce, ty maskovan\u00e9 roz\u0161kleben\u00e9 tv\u00e1\u0159e pry\u010d z Turecka!\u00a0Tady je to jasn\u00e9.&#8220;<\/em><\/p>\n<p><span>Jak ji\u017e d\u0159\u00edve m\u00e9dia<\/span><span> uvedla, Soylu \u0159ekl, \u017ee \u0159ada z\u00e1padn\u00edch zem\u00ed <\/span><a href=\"https:\/\/eadaily.com\/ru\/news\/2023\/02\/02\/posly-devyati-stran-vyzvany-v-mid-turcii-vy-razvyazali-psihologicheskuyu-voynu\" target=\"_blank\" rel=\"noopener\"><span>rozpoutala \u201epsychologickou v\u00e1lku\u201c proti jeho zemi<\/span><\/a><span>\u00a0a uzav\u0159ela sv\u00e9 diplomatick\u00e9 mise pod z\u00e1minkou teroristick\u00e9 hrozby, ale bez poskytnut\u00ed jak\u00fdchkoli d\u016fkaz\u016f.<\/span><\/p>\n<p><span>Je pozoruhodn\u00e9, \u017ee d\u0159\u00edv\u011bj\u0161\u00ed ture\u010dt\u00ed p\u0159edstavitel\u00e9 obvinili Z\u00e1pad v \u010dele se Spojen\u00fdmi st\u00e1ty ze snahy o destabilizaci vnit\u0159n\u00ed situace v Turecku a nav\u00edc nep\u0159\u00edmo obvinili Washington z podpory terorismu proti Anka\u0159e.<\/span><\/p>\n<p>Zejm\u00e9na<span>\u00a0citovala prohl\u00e1\u0161en\u00ed t\u00e9ho\u017e Soylu po velk\u00e9m teroristick\u00e9m \u00fatoku v Istanbulu v listopadu 2022. Pot\u00e9 se \u0161\u00e9f tureck\u00e9ho ministerstva vnitra vyj\u00e1d\u0159il k reakci USA na teroristick\u00fd \u00fatok v nejv\u011bt\u0161\u00ed tureck\u00e9 metropoli a\u00a0<\/span><a href=\"https:\/\/eadaily.com\/ru\/news\/2022\/11\/14\/tureckiy-ministr-nameknul-na-amerikanskiy-sled-terakta-v-stambule\" target=\"_blank\" rel=\"noopener\"><span>uvedl<\/span><\/a><span>\u00a0:<\/span><\/p>\n<p><em><strong>\u201eNep\u0159ij\u00edm\u00e1me a odm\u00edt\u00e1me soustrast americk\u00e9ho velvyslanectv\u00ed v souvislosti s teroristick\u00fdm \u00fatokem v Istanbulu&#8230; V\u00edme, kde byl \u00fatok koordinov\u00e1n. P\u0159ijali jsme zpr\u00e1vu, kter\u00e1 n\u00e1m byla d\u00e1na, a v\u00edme, jak\u00e1 je tato zpr\u00e1va.\u00a0Nejsme v\u016f\u010di nikomu zr\u00e1dn\u00ed, ale k t\u011bmto zr\u00e1dn\u00fdm \u010din\u016fm ji\u017e nem\u00e1me \u017e\u00e1dnou toleranci.\u201c<\/strong><\/em><\/p>\n<p><span>Ve stejn\u00e9 dob\u011b, vedouc\u00ed odd\u011blen\u00ed komunikace tureck\u00e9 prezidentsk\u00e9 administrativy,\u00a0<\/span><strong><span>Fahrettin Altun<\/span><\/strong><span>\u00a0, obvinil Z\u00e1pad ze snahy destabilizovat Turecko\u00a0<\/span><a href=\"https:\/\/eadaily.com\/ru\/news\/2022\/11\/21\/drug-okazalsya-vdrug-turciya-obvinila-zapad-v-podderzhke-terroristov-v-sirii\" target=\"_blank\" rel=\"noopener\"><span>podporou teroristick\u00fdch organizac\u00ed<\/span><\/a><span>\u00a0:<\/span><\/p>\n<p><em><strong>\u201eNa\u0161i z\u00e1padn\u00ed spojenci by m\u011bli pe\u010dliv\u011b zv\u00e1\u017eit svou podporu (kurdsk\u00fdm sil\u00e1m v S\u00fdrii, kter\u00e9 jsou v Turecku pova\u017eov\u00e1ny za teroristick\u00e9 \u2013\u00a0 pozn\u00a0. red .).\u00a0P\u0159\u00edmo \u010di nep\u0159\u00edmo se sna\u017e\u00ed destabilizovat situaci v na\u0161\u00ed zemi.\u00a0A jejich podpora vede ke smrti nevinn\u00fdch Turk\u016f.\u201c<\/strong><\/em><\/p>\n<p><img decoding=\"async\" loading=\"lazy\" class=\"alignnone size-full wp-image-1185\" src=\"http:\/\/www.infokuryr.cz\/n\/wp-content\/uploads\/2021\/04\/kuryr-podpis.png\" alt=\"\" width=\"84\" height=\"24\" \/><\/p>\n<p>&nbsp;<\/p>\n<p><img decoding=\"async\" loading=\"lazy\" class=\"wp-image-19187 aligncenter\" src=\"http:\/\/www.infokuryr.cz\/n\/wp-content\/uploads\/2022\/12\/1-PRO-300x36.jpg\" alt=\"\" width=\"1108\" height=\"133\" srcset=\"https:\/\/www.infokuryr.cz\/n\/wp-content\/uploads\/2022\/12\/1-PRO-300x36.jpg 300w, https:\/\/www.infokuryr.cz\/n\/wp-content\/uploads\/2022\/12\/1-PRO.jpg 699w\" sizes=\"(max-width: 1108px) 100vw, 1108px\" \/><\/p>\n<p>&nbsp;<\/p>\n","protected":false},"excerpt":{"rendered":"<p>Tureck\u00fd ministr vnitra Suleiman Soylu obvinil americk\u00e9ho velvyslance v Anka\u0159e, \u017ee se sna\u017e\u00ed Turecko \u201erozh\u00fdbat\u201c,&#8230;<\/p>\n","protected":false},"author":2,"featured_media":22233,"comment_status":"closed","ping_status":"closed","sticky":false,"template":"","format":"standard","meta":[],"categories":[7],"tags":[220,55,37],"_links":{"self":[{"href":"https:\/\/www.infokuryr.cz\/n\/wp-json\/wp\/v2\/posts\/22232"}],"collection":[{"href":"https:\/\/www.infokuryr.cz\/n\/wp-json\/wp\/v2\/posts"}],"about":[{"href":"https:\/\/www.infokuryr.cz\/n\/wp-json\/wp\/v2\/types\/post"}],"author":[{"embeddable":true,"href":"https:\/\/www.infokuryr.cz\/n\/wp-json\/wp\/v2\/users\/2"}],"replies":[{"embeddable":true,"href":"https:\/\/www.infokuryr.cz\/n\/wp-json\/wp\/v2\/comments?post=22232"}],"version-history":[{"count":0,"href":"https:\/\/www.infokuryr.cz\/n\/wp-json\/wp\/v2\/posts\/22232\/revisions"}],"wp:featuredmedia":[{"embeddable":true,"href":"https:\/\/www.infokuryr.cz\/n\/wp-json\/wp\/v2\/media\/22233"}],"wp:attachment":[{"href":"https:\/\/www.infokuryr.cz\/n\/wp-json\/wp\/v2\/media?parent=22232"}],"wp:term":[{"taxonomy":"category","embeddable":true,"href":"https:\/\/www.infokuryr.cz\/n\/wp-json\/wp\/v2\/categories?post=22232"},{"taxonomy":"post_tag","embeddable":true,"href":"https:\/\/www.infokuryr.cz\/n\/wp-json\/wp\/v2\/tags?post=22232"}],"curies":[{"name":"wp","href":"https:\/\/api.w.org\/{rel}","templated":true}]}}