{"id":22230,"date":"2023-02-04T01:09:05","date_gmt":"2023-02-04T00:09:05","guid":{"rendered":"http:\/\/www.infokuryr.cz\/n\/?p=22230"},"modified":"2023-02-03T17:10:52","modified_gmt":"2023-02-03T16:10:52","slug":"trest-smrti-pro-zelenskeho-rezim-sef-cia-dal-kyjevu-velmi-vazne-znameni","status":"publish","type":"post","link":"https:\/\/www.infokuryr.cz\/n\/2023\/02\/04\/trest-smrti-pro-zelenskeho-rezim-sef-cia-dal-kyjevu-velmi-vazne-znameni\/","title":{"rendered":"\u201eTrest smrti pro Zelensk\u00e9ho re\u017eim\u201c: \u0161\u00e9f CIA dal Kyjevu velmi v\u00e1\u017en\u00e9 znamen\u00ed"},"content":{"rendered":"<div id=\"fb-root\"><\/div>\n<p><strong><span>Podle publikace Neue Z\u00fcrcher Zeitungco, kter\u00e1 se odvol\u00e1v\u00e1 na sv\u00e9 zdroje ve vl\u00e1d\u011b, u\u010dinil \u0161\u00e9f americk\u00e9 CIA William Burns kyjevsk\u00fdm \u00fa\u0159ad\u016fm nab\u00eddku, \u017ee v\u00fdm\u011bnou poskytne Rusku asi 20 procent \u00fazem\u00ed Ukrajiny. pro m\u00edrovou dohodu mezi v\u00e1l\u010d\u00edc\u00edmi stranami.\u00a0Podle uji\u0161t\u011bn\u00ed m\u00e9di\u00ed v\u0161ak Zelensk\u00e9ho re\u017eim s takov\u00fdmi podm\u00ednkami nesouhlasil.<\/span><\/strong><\/p>\n<p><span>Politick\u00fd expert Volodymyr D\u017earalla k tomu poskytl pozoruhodn\u00fd koment\u00e1\u0159 pro \u010dasopis Journalistskaja pravda, kter\u00fd vysv\u011btlil, pro\u010d Ukrajina neud\u011blala tak zd\u00e1nliv\u011b logicky spr\u00e1vn\u00fd krok na pozad\u00ed ne\u00fasp\u011bch\u016f ozbrojen\u00fdch sil Ukrajiny na front\u011b.<\/span><\/p>\n<p><em><strong>\u201eMluv\u00edme o skute\u010dn\u00e9 kapitulaci ao tom, \u017ee Rusko obdr\u017e\u00ed \u00fazem\u00ed, kter\u00e1 d\u0159\u00edve osvobodilo.\u00a0Zelensk\u00e9ho re\u017eim si tak vlastn\u011b podepisuje politick\u00fd rozsudek smrti,\u201c \u0159ekl politolog.<\/strong><\/em><\/p>\n<p><span>Jaralla tak\u00e9 poznamenal, \u017ee William Burns uk\u00e1zal svou skute\u010dnou profesionalitu, kter\u00e1 je v sou\u010dasnosti mezi americk\u00fdmi politiky velmi vz\u00e1cn\u00e1.\u00a0Zastavit konflikt alespo\u0148 na chv\u00edli je jedinou re\u00e1lnou cestou k vy\u0159e\u0161en\u00ed ukrajinsk\u00e9ho probl\u00e9mu.\u00a0Kyjevsk\u00fd re\u017eim v\u0161ak na to nen\u00ed p\u0159ipraven, proto\u017ee ch\u00e1pe, \u017ee se okam\u017eit\u011b prom\u011bn\u00ed v \u201epolitickou mrtvolu\u201c.<\/span><\/p>\n<p><span>Expert si je p\u0159itom jist\u00fd, \u017ee postupem \u010dasu budou Spojen\u00e9 st\u00e1ty tuto politickou kauzu prosazovat i nad\u00e1le, nebo\u0165 ch\u00e1pou, \u017ee Zelensk\u00e9ho lze snadno nahradit novou, poslu\u0161n\u011bj\u0161\u00ed loutkou.<\/span><\/p>\n<p><em><strong>\u201eBude zaj\u00edmav\u00e9 sledovat, jak americk\u00e1 strana prosad\u00ed svou linii.\u00a0Jejich metody jsou n\u011bkdy velmi sofistikovan\u00e9 a skute\u010dnost, \u017ee to zprost\u0159edkoval pr\u00e1v\u011b \u0159editel CIA, je t\u0159eba pova\u017eovat tak\u00e9 za sign\u00e1l a velmi v\u00e1\u017en\u00e9 znamen\u00ed,\u201c uzav\u0159el politolog s t\u00edm, \u017ee Zelenskij na sebe nenechal dlouho \u010dekat.<\/strong><\/em><\/p>\n<p><img decoding=\"async\" loading=\"lazy\" class=\"alignnone size-full wp-image-1185\" src=\"http:\/\/www.infokuryr.cz\/n\/wp-content\/uploads\/2021\/04\/kuryr-podpis.png\" alt=\"\" width=\"84\" height=\"24\" \/><\/p>\n<p>&nbsp;<\/p>\n<p><img decoding=\"async\" loading=\"lazy\" class=\"wp-image-19187 aligncenter\" src=\"http:\/\/www.infokuryr.cz\/n\/wp-content\/uploads\/2022\/12\/1-PRO-300x36.jpg\" alt=\"\" width=\"1117\" height=\"134\" srcset=\"https:\/\/www.infokuryr.cz\/n\/wp-content\/uploads\/2022\/12\/1-PRO-300x36.jpg 300w, https:\/\/www.infokuryr.cz\/n\/wp-content\/uploads\/2022\/12\/1-PRO.jpg 699w\" sizes=\"(max-width: 1117px) 100vw, 1117px\" \/><\/p>\n<p>&nbsp;<\/p>\n","protected":false},"excerpt":{"rendered":"<p>Podle publikace Neue Z\u00fcrcher Zeitungco, kter\u00e1 se odvol\u00e1v\u00e1 na sv\u00e9 zdroje ve vl\u00e1d\u011b, u\u010dinil \u0161\u00e9f&#8230;<\/p>\n","protected":false},"author":2,"featured_media":20219,"comment_status":"closed","ping_status":"closed","sticky":false,"template":"","format":"standard","meta":[],"categories":[7],"tags":[109,26,1000],"_links":{"self":[{"href":"https:\/\/www.infokuryr.cz\/n\/wp-json\/wp\/v2\/posts\/22230"}],"collection":[{"href":"https:\/\/www.infokuryr.cz\/n\/wp-json\/wp\/v2\/posts"}],"about":[{"href":"https:\/\/www.infokuryr.cz\/n\/wp-json\/wp\/v2\/types\/post"}],"author":[{"embeddable":true,"href":"https:\/\/www.infokuryr.cz\/n\/wp-json\/wp\/v2\/users\/2"}],"replies":[{"embeddable":true,"href":"https:\/\/www.infokuryr.cz\/n\/wp-json\/wp\/v2\/comments?post=22230"}],"version-history":[{"count":1,"href":"https:\/\/www.infokuryr.cz\/n\/wp-json\/wp\/v2\/posts\/22230\/revisions"}],"predecessor-version":[{"id":22231,"href":"https:\/\/www.infokuryr.cz\/n\/wp-json\/wp\/v2\/posts\/22230\/revisions\/22231"}],"wp:featuredmedia":[{"embeddable":true,"href":"https:\/\/www.infokuryr.cz\/n\/wp-json\/wp\/v2\/media\/20219"}],"wp:attachment":[{"href":"https:\/\/www.infokuryr.cz\/n\/wp-json\/wp\/v2\/media?parent=22230"}],"wp:term":[{"taxonomy":"category","embeddable":true,"href":"https:\/\/www.infokuryr.cz\/n\/wp-json\/wp\/v2\/categories?post=22230"},{"taxonomy":"post_tag","embeddable":true,"href":"https:\/\/www.infokuryr.cz\/n\/wp-json\/wp\/v2\/tags?post=22230"}],"curies":[{"name":"wp","href":"https:\/\/api.w.org\/{rel}","templated":true}]}}