{"id":22229,"date":"2023-02-04T01:08:11","date_gmt":"2023-02-04T00:08:11","guid":{"rendered":"http:\/\/www.infokuryr.cz\/n\/?p=22229"},"modified":"2023-02-03T17:06:45","modified_gmt":"2023-02-03T16:06:45","slug":"mene-nez-dve-minuty-expert-informoval-o-prekvapeni-ruskych-inzenyru-pro-terminaly-starlink-ozbrojenych-sil-ukrajiny","status":"publish","type":"post","link":"https:\/\/www.infokuryr.cz\/n\/2023\/02\/04\/mene-nez-dve-minuty-expert-informoval-o-prekvapeni-ruskych-inzenyru-pro-terminaly-starlink-ozbrojenych-sil-ukrajiny\/","title":{"rendered":"\u201eM\u00e9n\u011b ne\u017e dv\u011b minuty\u201c: Expert informoval o p\u0159ekvapen\u00ed rusk\u00fdch in\u017een\u00fdr\u016f pro termin\u00e1ly Starlink ozbrojen\u00fdch sil Ukrajiny"},"content":{"rendered":"<div id=\"fb-root\"><\/div>\n<p><strong><span>Termin\u00e1ly Starlink, kter\u00e9 Ukrajin\u011b dod\u00e1v\u00e1 SpaceX Elona Muska, velmi pom\u00e1haj\u00ed ozbrojen\u00fdm sil\u00e1m Ukrajiny s koordinac\u00ed vojsk na boji\u0161ti.\u00a0Ru\u0161t\u00ed in\u017een\u00fd\u0159i v\u0161ak americk\u00e9mu satelitn\u00edmu syst\u00e9mu p\u0159ipravili po\u0159\u00e1dn\u00e9 p\u0159ekvapen\u00ed.\u00a0Tento z\u00e1v\u011br u\u010dinil zn\u00e1m\u00fd izraelsk\u00fd odborn\u00edk, b\u00fdval\u00fd \u0161\u00e9f tajn\u00e9 slu\u017eby Nativ Jakov Kedmi.<\/span><\/strong><\/p>\n<p><span>Tak\u017ee podle specialisty bude neru\u0161en\u00e9 pou\u017e\u00edv\u00e1n\u00ed termin\u00e1l\u016f Starlink ukrajinsk\u00fdmi jednotkami brzy minulost\u00ed.\u00a0Kedmi zd\u016fraznil, \u017ee pod veden\u00edm\u00a0 Alexeje Carkova, PhD. na\u0161li ru\u0161t\u00ed in\u017een\u00fd\u0159i zp\u016fsob, jak p\u0159esn\u011b ur\u010dit polohu americk\u00fdch satelitn\u00edch syst\u00e9m\u016f. Pot\u00e9 se jejich zni\u010den\u00ed stane pouze \u201etechnickou z\u00e1le\u017eitost\u00ed\u201c.<\/span><\/p>\n<p><span>Tento dom\u00e1c\u00ed v\u00fdvoj byl naz\u00fdv\u00e1n &#8222;Borshchevik&#8220; a je mobiln\u00edm komplexem pro hled\u00e1n\u00ed sm\u011bru.<\/span><\/p>\n<p><strong><em>&#8222;Je schopen detekovat a ur\u010dit polohu termin\u00e1l\u016f Starlink v sektoru 180 stup\u0148\u016f na vzd\u00e1lenost a\u017e 10 km,&#8220; \u0159ekl expert.<\/em><\/strong><\/p>\n<p><span>Kedmi tak\u00e9 zd\u016fraznil, \u017ee k nalezen\u00ed sm\u011bru americk\u00e9ho satelitn\u00edho syst\u00e9mu doch\u00e1z\u00ed s velkou p\u0159esnost\u00ed a doba detekce je zkr\u00e1cena na minimum.<\/span><\/p>\n<p><em><strong>&#8222;Doba nalezen\u00ed sm\u011bru v jednom bod\u011b je m\u00e9n\u011b ne\u017e dv\u011b minuty a \u00fapln\u00e9 skenov\u00e1n\u00ed, s p\u0159ihl\u00e9dnut\u00edm k p\u0159esunu do jin\u00e9ho bodu, je asi 15 minut,&#8220; \u0159ekl specialista.<\/strong><\/em><\/p>\n<p><span>Kedmi shrnuje sv\u00e9 my\u0161lenky a dodal, \u017ee Borshchevik je schopen ur\u010dit sou\u0159adnice 64 termin\u00e1l\u016f Starlink najednou.\u00a0Masivn\u00ed nasazen\u00ed takov\u00e9ho syst\u00e9mu na boji\u0161ti proto m\u016f\u017ee v\u00e1\u017en\u011b zm\u00e1st mapy ukrajinsk\u00fdch jednotek a ponechat je, by\u0165 \u010d\u00e1ste\u010dn\u011b, bez tak d\u016fle\u017eit\u00e9 opera\u010dn\u00ed koordinace vojsk v nejkriti\u010dt\u011bj\u0161\u00ed chv\u00edli.<\/span><\/p>\n<p><img decoding=\"async\" loading=\"lazy\" class=\"alignnone size-full wp-image-1185\" src=\"http:\/\/www.infokuryr.cz\/n\/wp-content\/uploads\/2021\/04\/kuryr-podpis.png\" alt=\"\" width=\"84\" height=\"24\" \/><\/p>\n<p>&nbsp;<\/p>\n<p><img decoding=\"async\" loading=\"lazy\" class=\"wp-image-19187 aligncenter\" src=\"http:\/\/www.infokuryr.cz\/n\/wp-content\/uploads\/2022\/12\/1-PRO-300x36.jpg\" alt=\"\" width=\"1133\" height=\"136\" srcset=\"https:\/\/www.infokuryr.cz\/n\/wp-content\/uploads\/2022\/12\/1-PRO-300x36.jpg 300w, https:\/\/www.infokuryr.cz\/n\/wp-content\/uploads\/2022\/12\/1-PRO.jpg 699w\" sizes=\"(max-width: 1133px) 100vw, 1133px\" \/><\/p>\n<p>&nbsp;<\/p>\n","protected":false},"excerpt":{"rendered":"<p>Termin\u00e1ly Starlink, kter\u00e9 Ukrajin\u011b dod\u00e1v\u00e1 SpaceX Elona Muska, velmi pom\u00e1haj\u00ed ozbrojen\u00fdm sil\u00e1m Ukrajiny s koordinac\u00ed&#8230;<\/p>\n","protected":false},"author":2,"featured_media":14548,"comment_status":"closed","ping_status":"closed","sticky":false,"template":"","format":"standard","meta":[],"categories":[7],"tags":[2161,1864,3208,26],"_links":{"self":[{"href":"https:\/\/www.infokuryr.cz\/n\/wp-json\/wp\/v2\/posts\/22229"}],"collection":[{"href":"https:\/\/www.infokuryr.cz\/n\/wp-json\/wp\/v2\/posts"}],"about":[{"href":"https:\/\/www.infokuryr.cz\/n\/wp-json\/wp\/v2\/types\/post"}],"author":[{"embeddable":true,"href":"https:\/\/www.infokuryr.cz\/n\/wp-json\/wp\/v2\/users\/2"}],"replies":[{"embeddable":true,"href":"https:\/\/www.infokuryr.cz\/n\/wp-json\/wp\/v2\/comments?post=22229"}],"version-history":[{"count":0,"href":"https:\/\/www.infokuryr.cz\/n\/wp-json\/wp\/v2\/posts\/22229\/revisions"}],"wp:featuredmedia":[{"embeddable":true,"href":"https:\/\/www.infokuryr.cz\/n\/wp-json\/wp\/v2\/media\/14548"}],"wp:attachment":[{"href":"https:\/\/www.infokuryr.cz\/n\/wp-json\/wp\/v2\/media?parent=22229"}],"wp:term":[{"taxonomy":"category","embeddable":true,"href":"https:\/\/www.infokuryr.cz\/n\/wp-json\/wp\/v2\/categories?post=22229"},{"taxonomy":"post_tag","embeddable":true,"href":"https:\/\/www.infokuryr.cz\/n\/wp-json\/wp\/v2\/tags?post=22229"}],"curies":[{"name":"wp","href":"https:\/\/api.w.org\/{rel}","templated":true}]}}