{"id":22227,"date":"2023-02-04T01:06:00","date_gmt":"2023-02-04T00:06:00","guid":{"rendered":"http:\/\/www.infokuryr.cz\/n\/?p=22227"},"modified":"2023-02-03T16:56:07","modified_gmt":"2023-02-03T15:56:07","slug":"pote-co-eu-legalizovala-hmyzi-proteiny-v-potravinach-madarsko-zavadi-prisne-oznacovani-aby-spotrebitele-vedeli-ze-jedi-brouky","status":"publish","type":"post","link":"https:\/\/www.infokuryr.cz\/n\/2023\/02\/04\/pote-co-eu-legalizovala-hmyzi-proteiny-v-potravinach-madarsko-zavadi-prisne-oznacovani-aby-spotrebitele-vedeli-ze-jedi-brouky\/","title":{"rendered":"Pot\u00e9, co EU legalizovala hmyz\u00ed proteiny v potravin\u00e1ch, Ma\u010farsko zav\u00e1d\u00ed p\u0159\u00edsn\u00e9 ozna\u010dov\u00e1n\u00ed, aby spot\u0159ebitel\u00e9 v\u011bd\u011bli, \u017ee jed\u00ed brouky"},"content":{"rendered":"<div id=\"fb-root\"><\/div>\n<p><span style=\"font-size: 18pt;\"><strong>Potraviny obsahuj\u00edc\u00ed hmyz\u00ed proteiny budou muset b\u00fdt v obchodech jasn\u011b ozna\u010deny a odd\u011bleny<\/strong><\/span><\/p>\n<p><span>Ma\u010farsk\u00e9 ministerstvo zem\u011bd\u011blstv\u00ed m\u011bn\u00ed na\u0159\u00edzen\u00ed o ozna\u010dov\u00e1n\u00ed potravin, aby zajistilo, \u017ee produkty obsahuj\u00edc\u00ed hmyz\u00ed proteiny budou v reg\u00e1lech obchod\u016f jasn\u011b rozli\u0161iteln\u00e9 a odd\u011bliteln\u00e9, aby spot\u0159ebitel\u00e9 m\u011bli p\u0159esn\u00e9 informace.<\/span><\/p>\n<p><span>Ministr zem\u011bd\u011blstv\u00ed Istv\u00e1n Nagy ve st\u0159edu ozn\u00e1mil nov\u00e9 pokyny pro ozna\u010dov\u00e1n\u00ed, kde upozornil, \u017ee tradi\u010dn\u00ed stravovac\u00ed n\u00e1vyky mohou b\u00fdt ohro\u017eeny.<\/span><\/p>\n<p><span>Poznamenal, \u017ee Brusel povoluje, aby se st\u00e1le v\u00edce druh\u016f hmyzu prod\u00e1valo jako potraviny.\u00a0Rozhodnut\u00ed Evropsk\u00e9 komise znamen\u00e1, \u017ee u cvr\u010dk\u016f dom\u00e1c\u00edch nyn\u00ed existuj\u00ed \u010dty\u0159i druhy hmyzu, kter\u00e9 lze v Evropsk\u00e9 unii komer\u010dn\u011b prod\u00e1vat jako potraviny a slo\u017eky potravin.\u00a0Istv\u00e1n Nagy pouk\u00e1zal na to, \u017ee Ma\u010farsko bylo jedin\u00fdm \u010dlensk\u00fdm st\u00e1tem, kter\u00fd nepodpo\u0159il rozhodnut\u00ed EU, proto\u017ee se nen\u00ed t\u0159eba ob\u00e1vat nedostatku potravin ani b\u00edlkovin v EU.<\/span><\/p>\n<h2><span>Samostatn\u00e9 zna\u010den\u00ed, samostatn\u00e9 police<\/span><\/h2>\n<p><span>Ministr tak\u00e9 uvedl, \u017ee ministerstvo zem\u011bd\u011blstv\u00ed m\u011bn\u00ed na\u0159\u00edzen\u00ed o ozna\u010dov\u00e1n\u00ed potravin tak, aby spot\u0159ebitel\u016fm poskytovalo autentick\u00e9 a p\u0159esn\u00e9 informace.\u00a0To umo\u017en\u00ed jasn\u011b rozli\u0161it a odd\u011blit produkty obsahuj\u00edc\u00ed hmyz\u00ed proteiny v reg\u00e1lech obchod\u016f.\u00a0Pod utahov\u00e1n\u00edm budou muset b\u00fdt slo\u017eky jasn\u011b uvedeny na obalu.\u00a0Tyto produkty pak budou muset b\u00fdt vystaveny v samostatn\u00fdch reg\u00e1lech v obchodech.<\/span><\/p>\n<p><span>Istv\u00e1n Nagy zd\u016fraznil, \u017ee pr\u016fzkumy ve\u0159ejn\u00e9ho m\u00edn\u011bn\u00ed tak\u00e9 ukazuj\u00ed, \u017ee \u201eMa\u010fa\u0159i necht\u011bj\u00ed j\u00edst hmyz\u201c.<\/span><\/p>\n<p><span>Podle pr\u016fzkumu N\u00e1rodn\u00edho \u00fa\u0159adu pro bezpe\u010dnost potravinov\u00e9ho \u0159et\u011bzce (N\u00e9bih) by m\u00e9n\u011b ne\u017e 5 procent spot\u0159ebitel\u016f cht\u011blo j\u00edst potraviny vyroben\u00e9 z hmyzu a v\u00edce ne\u017e 70 procent je d\u016frazn\u011b proti.<\/span><\/p>\n<p><span>\u201eD\u00edky p\u00edli a vytrvalosti ma\u010farsk\u00fdch farm\u00e1\u0159\u016f m\u00e1 Ma\u010farsko dostatek kvalitn\u00edch surovin, \u010derstv\u00e9, zdrav\u00e9 a kvalitn\u00ed potraviny, a proto nemus\u00edme j\u00edst odpadky,\u201c \u0159ekl Istv\u00e1n Nagy.\u00a0&#8222;Je d\u016fle\u017eit\u00e9, abychom zachovali na\u0161e gastronomick\u00e9 tradice a nedovolili, aby se na\u0161e stravovac\u00ed n\u00e1vyky m\u011bnily,&#8220; dodal ministr.<\/span><\/p>\n<p><img decoding=\"async\" loading=\"lazy\" class=\"alignnone size-full wp-image-1185\" src=\"http:\/\/www.infokuryr.cz\/n\/wp-content\/uploads\/2021\/04\/kuryr-podpis.png\" alt=\"\" width=\"84\" height=\"24\" \/><\/p>\n<p>&nbsp;<\/p>\n<p><img decoding=\"async\" loading=\"lazy\" class=\"wp-image-19187 aligncenter\" src=\"http:\/\/www.infokuryr.cz\/n\/wp-content\/uploads\/2022\/12\/1-PRO-300x36.jpg\" alt=\"\" width=\"1142\" height=\"137\" srcset=\"https:\/\/www.infokuryr.cz\/n\/wp-content\/uploads\/2022\/12\/1-PRO-300x36.jpg 300w, https:\/\/www.infokuryr.cz\/n\/wp-content\/uploads\/2022\/12\/1-PRO.jpg 699w\" sizes=\"(max-width: 1142px) 100vw, 1142px\" \/><\/p>\n<p>&nbsp;<\/p>\n","protected":false},"excerpt":{"rendered":"<p>Potraviny obsahuj\u00edc\u00ed hmyz\u00ed proteiny budou muset b\u00fdt v obchodech jasn\u011b ozna\u010deny a odd\u011bleny Ma\u010farsk\u00e9 ministerstvo&#8230;<\/p>\n","protected":false},"author":2,"featured_media":21267,"comment_status":"closed","ping_status":"closed","sticky":false,"template":"","format":"standard","meta":[],"categories":[7],"tags":[41,2499,78,750],"_links":{"self":[{"href":"https:\/\/www.infokuryr.cz\/n\/wp-json\/wp\/v2\/posts\/22227"}],"collection":[{"href":"https:\/\/www.infokuryr.cz\/n\/wp-json\/wp\/v2\/posts"}],"about":[{"href":"https:\/\/www.infokuryr.cz\/n\/wp-json\/wp\/v2\/types\/post"}],"author":[{"embeddable":true,"href":"https:\/\/www.infokuryr.cz\/n\/wp-json\/wp\/v2\/users\/2"}],"replies":[{"embeddable":true,"href":"https:\/\/www.infokuryr.cz\/n\/wp-json\/wp\/v2\/comments?post=22227"}],"version-history":[{"count":0,"href":"https:\/\/www.infokuryr.cz\/n\/wp-json\/wp\/v2\/posts\/22227\/revisions"}],"wp:featuredmedia":[{"embeddable":true,"href":"https:\/\/www.infokuryr.cz\/n\/wp-json\/wp\/v2\/media\/21267"}],"wp:attachment":[{"href":"https:\/\/www.infokuryr.cz\/n\/wp-json\/wp\/v2\/media?parent=22227"}],"wp:term":[{"taxonomy":"category","embeddable":true,"href":"https:\/\/www.infokuryr.cz\/n\/wp-json\/wp\/v2\/categories?post=22227"},{"taxonomy":"post_tag","embeddable":true,"href":"https:\/\/www.infokuryr.cz\/n\/wp-json\/wp\/v2\/tags?post=22227"}],"curies":[{"name":"wp","href":"https:\/\/api.w.org\/{rel}","templated":true}]}}