{"id":22224,"date":"2023-02-04T01:05:12","date_gmt":"2023-02-04T00:05:12","guid":{"rendered":"http:\/\/www.infokuryr.cz\/n\/?p=22224"},"modified":"2023-02-03T16:52:50","modified_gmt":"2023-02-03T15:52:50","slug":"hlava-polske-pravoslavne-cirkve-podporuje-ruskeho-patriarchu-kirila","status":"publish","type":"post","link":"https:\/\/www.infokuryr.cz\/n\/2023\/02\/04\/hlava-polske-pravoslavne-cirkve-podporuje-ruskeho-patriarchu-kirila\/","title":{"rendered":"Hlava polsk\u00e9 pravoslavn\u00e9 c\u00edrkve podporuje rusk\u00e9ho patriarchu Kirila"},"content":{"rendered":"<div id=\"fb-root\"><\/div>\n<p><span style=\"font-size: 18pt;\"><strong>Zd\u00e1 se, \u017ee arcibiskup Sawa podporuje akce Ruska na Ukrajin\u011b<\/strong><\/span><\/p>\n<p><span>Dopis od polsk\u00e9ho pravov\u011brn\u00e9ho duchovn\u00edho byl vyd\u00e1n u p\u0159\u00edle\u017eitosti 14. v\u00fdro\u010d\u00ed uveden\u00ed\u00a0<\/span><a class=\"ek-link\" href=\"https:\/\/rmx.news\/vatican\/pope-francis-and-putin-ally-patriarch-kirill-expected-to-meet-to-promote-peace\/\"><span>Kirila<\/span><\/a><span>\u00a0do funkce patriarchy v Moskv\u011b.\u00a0Jeho obsah z\u0159ejm\u011b nazna\u010duje, \u017ee polsk\u00fd arcibiskup Sawa podporuje akce Ruska na Ukrajin\u011b.\u00a0Obvinil Ukrajince ze snahy zni\u010dit ruskou pravoslavnou c\u00edrkev.<\/span><\/p>\n<p><span>\u201eNep\u0159\u00edtel v\u00edry nem\u00e1 r\u00e1d stabilitu c\u00edrkve \u2013 sna\u017e\u00ed se ji zni\u010dit.\u00a0To, co se stalo na Ukrajin\u011b, o tom sv\u011bd\u010d\u00ed,\u201c napsal arcibiskup Sava Kirilovi.<\/span><\/p>\n<p><span>Arcibiskup Sava m\u00e1 mo\u017en\u00e1 na mysli ukrajinsk\u00e9 akce spo\u010d\u00edvaj\u00edc\u00ed v rozebr\u00e1n\u00ed a z\u00e1kazu p\u016fsoben\u00ed Rusk\u00e9 pravoslavn\u00e9 c\u00edrkve na Ukrajin\u011b, co\u017e mnoz\u00ed pova\u017euj\u00ed za \u00fatok na n\u00e1bo\u017eenskou svobodu.<\/span><\/p>\n<p><span>Podle Patryka Panasiuka, odborn\u00edka na pravoslavnou c\u00edrkev a \u0161\u00e9fa nadace Hagia Marina, v\u0161ak dopis arcibiskupa Sawy zna\u010dn\u011b p\u0159esahuje protokol spojen\u00fd s p\u0159ipomenut\u00edm v\u00fdro\u010d\u00ed a sv\u011bd\u010d\u00ed sp\u00ed\u0161e o \u00fazk\u00fdch vztaz\u00edch mezi ob\u011bma duchovn\u00edmi.<\/span><\/p>\n<p><span>Pro mnoho Pol\u00e1k\u016f, kte\u0159\u00ed Ukrajinu ve v\u00e1lce obecn\u011b podporuj\u00ed, je v\u0161ak v\u00edce znepokojiv\u00e1 podpora, kterou polsk\u00fd arcibiskup d\u00e1v\u00e1 moskevsk\u00e9mu patriarchovi, sp\u00ed\u0161e ne\u017e \u0159eck\u00fdm a ukrajinsk\u00fdm c\u00edrkv\u00edm.\u00a0<\/span><\/p>\n<p><span>Patryk Panasiuk, novin\u00e1\u0159 z Katolick\u00e9 informa\u010dn\u00ed agentury (KAI), poznamen\u00e1v\u00e1, \u017ee to nen\u00ed poprv\u00e9, co byly v polsk\u00e9\u00a0<\/span><a class=\"ek-link\" href=\"https:\/\/rmx.news\/poland\/the-hour-of-reconciliation-between-polish-and-ukrainian-churches-is-at-hand\/\"><span>pravoslavn\u00e9 c\u00edrkvi<\/span><\/a><span> odhaleny \u00fazk\u00e9 vazby s Moskvou.\u00a0 Pokud by polsk\u00e9 \u00fa\u0159ady reagovaly proti pravoslavn\u00e9 c\u00edrkvi, dalo by to Rus\u016fm p\u0159\u00edle\u017eitost tvrdit, \u017ee mus\u00ed br\u00e1nit pravoslavnou c\u00edrkev p\u0159ed pron\u00e1sledov\u00e1n\u00edm ze strany polsk\u00e9ho st\u00e1tu, \u0159\u00edk\u00e1 Panasiuk.<\/span><\/p>\n<p><span>Dopis arcibiskupa Sawy byl zve\u0159ejn\u011bn na ofici\u00e1ln\u00ed webov\u00e9 str\u00e1nce moskevsk\u00e9ho patriarchy.\u00a0Byl to jeden z m\u00e1la dopis\u016f s blahop\u0159\u00e1n\u00edm, kter\u00e9 poch\u00e1zely od velk\u00e9 \u010d\u00e1sti v\u016fd\u010d\u00ed t\u0159\u00eddy Ruska a B\u011bloruska, jako jsou Vladimir Putin, Alexandr Luka\u0161enko, rusk\u00fd premi\u00e9r Michail Mi\u0161ustin, moskevsk\u00fd starosta Sergej Sobyanin a p\u0159edseda rusk\u00e9 dumy Vja\u010deslav Volodin.\u00a0<\/span><\/p>\n<p><img decoding=\"async\" loading=\"lazy\" class=\"alignnone size-full wp-image-1185\" src=\"http:\/\/www.infokuryr.cz\/n\/wp-content\/uploads\/2021\/04\/kuryr-podpis.png\" alt=\"\" width=\"84\" height=\"24\" \/><\/p>\n<p>&nbsp;<\/p>\n<p><img decoding=\"async\" loading=\"lazy\" class=\"wp-image-19187 aligncenter\" src=\"http:\/\/www.infokuryr.cz\/n\/wp-content\/uploads\/2022\/12\/1-PRO-300x36.jpg\" alt=\"\" width=\"1142\" height=\"137\" srcset=\"https:\/\/www.infokuryr.cz\/n\/wp-content\/uploads\/2022\/12\/1-PRO-300x36.jpg 300w, https:\/\/www.infokuryr.cz\/n\/wp-content\/uploads\/2022\/12\/1-PRO.jpg 699w\" sizes=\"(max-width: 1142px) 100vw, 1142px\" \/><\/p>\n<p>&nbsp;<\/p>\n","protected":false},"excerpt":{"rendered":"<p>Zd\u00e1 se, \u017ee arcibiskup Sawa podporuje akce Ruska na Ukrajin\u011b Dopis od polsk\u00e9ho pravov\u011brn\u00e9ho duchovn\u00edho&#8230;<\/p>\n","protected":false},"author":2,"featured_media":22226,"comment_status":"closed","ping_status":"closed","sticky":false,"template":"","format":"standard","meta":[],"categories":[7],"tags":[2254,4367,22,26],"_links":{"self":[{"href":"https:\/\/www.infokuryr.cz\/n\/wp-json\/wp\/v2\/posts\/22224"}],"collection":[{"href":"https:\/\/www.infokuryr.cz\/n\/wp-json\/wp\/v2\/posts"}],"about":[{"href":"https:\/\/www.infokuryr.cz\/n\/wp-json\/wp\/v2\/types\/post"}],"author":[{"embeddable":true,"href":"https:\/\/www.infokuryr.cz\/n\/wp-json\/wp\/v2\/users\/2"}],"replies":[{"embeddable":true,"href":"https:\/\/www.infokuryr.cz\/n\/wp-json\/wp\/v2\/comments?post=22224"}],"version-history":[{"count":0,"href":"https:\/\/www.infokuryr.cz\/n\/wp-json\/wp\/v2\/posts\/22224\/revisions"}],"wp:featuredmedia":[{"embeddable":true,"href":"https:\/\/www.infokuryr.cz\/n\/wp-json\/wp\/v2\/media\/22226"}],"wp:attachment":[{"href":"https:\/\/www.infokuryr.cz\/n\/wp-json\/wp\/v2\/media?parent=22224"}],"wp:term":[{"taxonomy":"category","embeddable":true,"href":"https:\/\/www.infokuryr.cz\/n\/wp-json\/wp\/v2\/categories?post=22224"},{"taxonomy":"post_tag","embeddable":true,"href":"https:\/\/www.infokuryr.cz\/n\/wp-json\/wp\/v2\/tags?post=22224"}],"curies":[{"name":"wp","href":"https:\/\/api.w.org\/{rel}","templated":true}]}}