{"id":22221,"date":"2023-02-04T01:03:08","date_gmt":"2023-02-04T00:03:08","guid":{"rendered":"http:\/\/www.infokuryr.cz\/n\/?p=22221"},"modified":"2023-02-03T16:33:43","modified_gmt":"2023-02-03T15:33:43","slug":"studie-vice-co2-a-tepla-ucinily-svet-za-poslednich-40-let-zelenejsim","status":"publish","type":"post","link":"https:\/\/www.infokuryr.cz\/n\/2023\/02\/04\/studie-vice-co2-a-tepla-ucinily-svet-za-poslednich-40-let-zelenejsim\/","title":{"rendered":"Studie: V\u00edce CO2 a tepla u\u010dinily sv\u011bt za posledn\u00edch 40 let zelen\u011bj\u0161\u00edm"},"content":{"rendered":"<div id=\"fb-root\"><\/div>\n<p><strong><span>CO2 je p\u0159edev\u0161\u00edm hnojivo podporuj\u00edc\u00ed r\u016fst rostlin.\u00a0Ukazuje to i nov\u011b publikovan\u00e1 studie.\u00a0Sv\u011bt je skute\u010dn\u011b st\u00e1le zelen\u011bj\u0161\u00ed, co\u017e tak\u00e9 sni\u017euje povrchov\u00e9 teploty.\u00a0Absurdn\u00ed teorie o soudn\u00e9m dni klimatick\u00e9 sekty jsou st\u00e1le v\u00edce vyvraceny.<\/span><\/strong><\/p>\n<p><span>Za posledn\u00edch \u010dty\u0159icet let do\u0161lo k celosv\u011btov\u00e9mu trendu ozelen\u011bn\u00ed zemsk\u00e9ho povrchu, uv\u00e1d\u00ed nov\u00e1 studie publikovan\u00e1 v\u00a0<\/span><a href=\"https:\/\/www.nature.com\/articles\/s41467-023-35799-4\"><span>\u010dasopise Nature<\/span><\/a><span>\u00a0.\u00a0Je to zp\u016fsobeno vy\u0161\u0161\u00ed koncentrac\u00ed CO2 v atmosf\u00e9\u0159e a oteplov\u00e1n\u00edm vzduchu v d\u016fsledku klimatick\u00fdch zm\u011bn.\u00a0Zvy\u0161uj\u00edc\u00ed se ekologizace z\u00e1rove\u0148 zaji\u0161\u0165uje sn\u00ed\u017een\u00ed oteplov\u00e1n\u00ed zemsk\u00e9ho povrchu v zelen\u011bj\u0161\u00edch oblastech.\u00a0D\u00e1 se tedy \u0159\u00edci, \u017ee vy\u0161\u0161\u00ed obsah CO2 m\u00e1 rozhodn\u011b v\u00fdhody.<\/span><\/p>\n<p><span>To souvis\u00ed se\u00a0<\/span><a href=\"https:\/\/www.sciencedirect.com\/science\/article\/pii\/S2772737822000025\"><span>studi\u00ed publikovanou p\u0159ed rokem<\/span><\/a><span>\u00a0, kter\u00e1 uvedla, \u017ee \u201epokra\u010duj\u00edc\u00ed n\u00e1r\u016fst vegeta\u010dn\u00edho r\u016fstu za posledn\u00ed \u010dty\u0159i desetilet\u00ed\u201c lze p\u0159ipsat \u201efyziologick\u00fdm \u00fa\u010dink\u016fm zvy\u0161uj\u00edc\u00edch se hladin CO2\u201c ve vzduchu.\u00a0To tak\u00e9 vede k v\u011bt\u0161\u00edmu \u201eochlazen\u00ed odpa\u0159ov\u00e1n\u00edm\u201c, co\u017e zase sni\u017euje tendence k oteplov\u00e1n\u00ed.\u00a0V\u011bdci dosp\u011bli k z\u00e1v\u011bru, \u017ee tento trend bude pokra\u010dovat i v 21. stolet\u00ed.<\/span><\/p>\n<p><span>Ukazuje tak\u00e9, \u017ee cel\u00e9 t\u00e9ma je mnohem slo\u017eit\u011bj\u0161\u00ed, ne\u017e by si fanatici klimatick\u00e9 sekty p\u0159\u00e1li, aby lid\u00e9 v\u011b\u0159ili.\u00a0Zejm\u00e9na proto, \u017ee oxid uhli\u010dit\u00fd je ve skute\u010dnosti stopov\u00fd plyn, zat\u00edmco dus\u00edk a kysl\u00edk dohromady tvo\u0159\u00ed asi 99 procent ve\u0161ker\u00e9ho vzduchu, kter\u00fd d\u00fdch\u00e1me.\u00a0Z\u00e1rove\u0148 hraje roli mnoho dal\u0161\u00edch faktor\u016f (jako slune\u010dn\u00ed aktivita nebo v tomto p\u0159\u00edpad\u011b ekologizace planety).\u00a0<strong>V ka\u017ed\u00e9m p\u0159\u00edpad\u011b je jasn\u00e9, \u017ee proroci soudn\u00e9ho dne klimatick\u00e9 sekty se ve sv\u00fdch teori\u00edch m\u00fdl\u00ed, jak ukazuje st\u00e1le v\u00edce takov\u00fdch studi\u00ed.<\/strong><\/span><\/p>\n<p><img decoding=\"async\" loading=\"lazy\" class=\"alignnone size-full wp-image-1185\" src=\"http:\/\/www.infokuryr.cz\/n\/wp-content\/uploads\/2021\/04\/kuryr-podpis.png\" alt=\"\" width=\"84\" height=\"24\" \/><\/p>\n<p>&nbsp;<\/p>\n<p><img decoding=\"async\" loading=\"lazy\" class=\"wp-image-19187 aligncenter\" src=\"http:\/\/www.infokuryr.cz\/n\/wp-content\/uploads\/2022\/12\/1-PRO-300x36.jpg\" alt=\"\" width=\"1117\" height=\"134\" srcset=\"https:\/\/www.infokuryr.cz\/n\/wp-content\/uploads\/2022\/12\/1-PRO-300x36.jpg 300w, https:\/\/www.infokuryr.cz\/n\/wp-content\/uploads\/2022\/12\/1-PRO.jpg 699w\" sizes=\"(max-width: 1117px) 100vw, 1117px\" \/><\/p>\n<p>&nbsp;<\/p>\n","protected":false},"excerpt":{"rendered":"<p>CO2 je p\u0159edev\u0161\u00edm hnojivo podporuj\u00edc\u00ed r\u016fst rostlin.\u00a0Ukazuje to i nov\u011b publikovan\u00e1 studie.\u00a0Sv\u011bt je skute\u010dn\u011b st\u00e1le&#8230;<\/p>\n","protected":false},"author":2,"featured_media":629,"comment_status":"closed","ping_status":"closed","sticky":false,"template":"","format":"standard","meta":[],"categories":[7],"tags":[2692,873,65,839],"_links":{"self":[{"href":"https:\/\/www.infokuryr.cz\/n\/wp-json\/wp\/v2\/posts\/22221"}],"collection":[{"href":"https:\/\/www.infokuryr.cz\/n\/wp-json\/wp\/v2\/posts"}],"about":[{"href":"https:\/\/www.infokuryr.cz\/n\/wp-json\/wp\/v2\/types\/post"}],"author":[{"embeddable":true,"href":"https:\/\/www.infokuryr.cz\/n\/wp-json\/wp\/v2\/users\/2"}],"replies":[{"embeddable":true,"href":"https:\/\/www.infokuryr.cz\/n\/wp-json\/wp\/v2\/comments?post=22221"}],"version-history":[{"count":1,"href":"https:\/\/www.infokuryr.cz\/n\/wp-json\/wp\/v2\/posts\/22221\/revisions"}],"predecessor-version":[{"id":22222,"href":"https:\/\/www.infokuryr.cz\/n\/wp-json\/wp\/v2\/posts\/22221\/revisions\/22222"}],"wp:featuredmedia":[{"embeddable":true,"href":"https:\/\/www.infokuryr.cz\/n\/wp-json\/wp\/v2\/media\/629"}],"wp:attachment":[{"href":"https:\/\/www.infokuryr.cz\/n\/wp-json\/wp\/v2\/media?parent=22221"}],"wp:term":[{"taxonomy":"category","embeddable":true,"href":"https:\/\/www.infokuryr.cz\/n\/wp-json\/wp\/v2\/categories?post=22221"},{"taxonomy":"post_tag","embeddable":true,"href":"https:\/\/www.infokuryr.cz\/n\/wp-json\/wp\/v2\/tags?post=22221"}],"curies":[{"name":"wp","href":"https:\/\/api.w.org\/{rel}","templated":true}]}}