{"id":22206,"date":"2023-02-03T14:28:58","date_gmt":"2023-02-03T13:28:58","guid":{"rendered":"http:\/\/www.infokuryr.cz\/n\/?p=22206"},"modified":"2023-02-03T14:28:58","modified_gmt":"2023-02-03T13:28:58","slug":"pentagon-se-vyjadril-k-cinske-vyzvedne-sonde-nad-uzemim-usa","status":"publish","type":"post","link":"https:\/\/www.infokuryr.cz\/n\/2023\/02\/03\/pentagon-se-vyjadril-k-cinske-vyzvedne-sonde-nad-uzemim-usa\/","title":{"rendered":"Pentagon se vyj\u00e1d\u0159il k \u010d\u00ednsk\u00e9 v\u00fdzv\u011bdn\u00e9 sond\u011b nad \u00fazem\u00edm USA"},"content":{"rendered":"<div id=\"fb-root\"><\/div>\n<p><strong>Ameri\u010dt\u00ed voj\u00e1ci sleduj\u00ed v posledn\u00edch n\u011bkolika dnech let \u010d\u00ednsk\u00e9ho v\u00fdzv\u011bdn\u00e9ho bal\u00f3nu nad severn\u00ed \u010d\u00e1sti USA, ozn\u00e1mila televizn\u00ed stanice NBC s odvol\u00e1n\u00edm na mluv\u010d\u00edho Pentagonu Patricka Rydera.<\/strong><\/p>\n<p>Sonda p\u0159ilet\u011bla ze strany Aleutsk\u00fdch ostrov\u016f, prolet\u011bla nad \u00fazem\u00edm Kanady a p\u0159ilet\u011bla do st\u00e1tu Montana. \u00da\u0159ady podnikly mimo\u0159\u00e1dn\u00e1 opat\u0159en\u00ed na ochranu tajn\u00e9 informace, jakmile byla sonda zachycena, dodal Ryder.<\/p>\n<p>Vysoce postaven\u00fd mluv\u010d\u00ed Pentagonu na briefingu vyj\u00e1d\u0159il jistotu v tom, \u017ee sonda pat\u0159\u00ed \u010cLR. O incidentu byl informov\u00e1n prezident USA Joe Biden.<\/p>\n<p>Podle tvrzen\u00ed mluv\u010d\u00edho Pentagonu sonda neohro\u017euje ob\u010dany a let\u00ed ve v\u011bt\u0161\u00ed v\u00fd\u0161ce, ne\u017e jsou trasy dopravn\u00edch letadel. Voj\u00e1ci ji zat\u00edm nehodlaj\u00ed sest\u0159elit.<\/p>\n<p>\u201eRiziko, kter\u00e9 vznikne, kdy\u017e bude sonda sest\u0159elena a m\u016f\u017ee p\u0159i p\u00e1du n\u011bkomu ubl\u00ed\u017eit nebo po\u0161kodit n\u011bjak\u00fd majetek, za to nestoj\u00ed,\u201c prohl\u00e1sil mluv\u010d\u00ed vojensk\u00e9ho rezortu.<\/p>\n<p>USA se spojily s \u010d\u00ednskou stranou prost\u0159ednictv\u00edm velvyslanectv\u00ed \u010cLR ve Washingtonu a americk\u00e9ho velvyslanectv\u00ed v Pekingu.<\/p>\n<p>\u201eS ohledem na v\u00e1\u017enost situace jsme se s nimi spojili, nebudu ale mluvit o obsahu komunikace. Dali jsme jim jasn\u011b na srozum\u011bnou, \u017ee ud\u011bl\u00e1me v\u0161e nutn\u00e9 pro ochranu na\u0161ich lid\u00ed a \u00fazem\u00ed,\u201c dodal mluv\u010d\u00ed.<\/p>\n<p>Peking toto prohl\u00e1\u0161en\u00ed zat\u00edm neokomentoval.<\/p>\n<p><img decoding=\"async\" loading=\"lazy\" class=\"alignnone size-full wp-image-1185\" src=\"http:\/\/www.infokuryr.cz\/n\/wp-content\/uploads\/2021\/04\/kuryr-podpis.png\" alt=\"\" width=\"84\" height=\"24\" \/><\/p>\n<p>&nbsp;<\/p>\n<p><img decoding=\"async\" loading=\"lazy\" class=\"wp-image-19187 aligncenter\" src=\"http:\/\/www.infokuryr.cz\/n\/wp-content\/uploads\/2022\/12\/1-PRO-300x36.jpg\" alt=\"\" width=\"1167\" height=\"140\" srcset=\"https:\/\/www.infokuryr.cz\/n\/wp-content\/uploads\/2022\/12\/1-PRO-300x36.jpg 300w, https:\/\/www.infokuryr.cz\/n\/wp-content\/uploads\/2022\/12\/1-PRO.jpg 699w\" sizes=\"(max-width: 1167px) 100vw, 1167px\" \/><\/p>\n<p>&nbsp;<\/p>\n","protected":false},"excerpt":{"rendered":"<p>Ameri\u010dt\u00ed voj\u00e1ci sleduj\u00ed v posledn\u00edch n\u011bkolika dnech let \u010d\u00ednsk\u00e9ho v\u00fdzv\u011bdn\u00e9ho bal\u00f3nu nad severn\u00ed \u010d\u00e1sti USA,&#8230;<\/p>\n","protected":false},"author":2,"featured_media":2010,"comment_status":"closed","ping_status":"closed","sticky":false,"template":"","format":"standard","meta":[],"categories":[7],"tags":[4364,30,380,37],"_links":{"self":[{"href":"https:\/\/www.infokuryr.cz\/n\/wp-json\/wp\/v2\/posts\/22206"}],"collection":[{"href":"https:\/\/www.infokuryr.cz\/n\/wp-json\/wp\/v2\/posts"}],"about":[{"href":"https:\/\/www.infokuryr.cz\/n\/wp-json\/wp\/v2\/types\/post"}],"author":[{"embeddable":true,"href":"https:\/\/www.infokuryr.cz\/n\/wp-json\/wp\/v2\/users\/2"}],"replies":[{"embeddable":true,"href":"https:\/\/www.infokuryr.cz\/n\/wp-json\/wp\/v2\/comments?post=22206"}],"version-history":[{"count":0,"href":"https:\/\/www.infokuryr.cz\/n\/wp-json\/wp\/v2\/posts\/22206\/revisions"}],"wp:featuredmedia":[{"embeddable":true,"href":"https:\/\/www.infokuryr.cz\/n\/wp-json\/wp\/v2\/media\/2010"}],"wp:attachment":[{"href":"https:\/\/www.infokuryr.cz\/n\/wp-json\/wp\/v2\/media?parent=22206"}],"wp:term":[{"taxonomy":"category","embeddable":true,"href":"https:\/\/www.infokuryr.cz\/n\/wp-json\/wp\/v2\/categories?post=22206"},{"taxonomy":"post_tag","embeddable":true,"href":"https:\/\/www.infokuryr.cz\/n\/wp-json\/wp\/v2\/tags?post=22206"}],"curies":[{"name":"wp","href":"https:\/\/api.w.org\/{rel}","templated":true}]}}