{"id":22051,"date":"2023-02-01T03:42:25","date_gmt":"2023-02-01T02:42:25","guid":{"rendered":"http:\/\/www.infokuryr.cz\/n\/?p=22051"},"modified":"2023-02-01T03:42:25","modified_gmt":"2023-02-01T02:42:25","slug":"richard-liska-90-let-od-doby-kdy-byl-adolf-hitler-jmenovan-kanclerem-nemecka","status":"publish","type":"post","link":"https:\/\/www.infokuryr.cz\/n\/2023\/02\/01\/richard-liska-90-let-od-doby-kdy-byl-adolf-hitler-jmenovan-kanclerem-nemecka\/","title":{"rendered":"Richard Li\u0161ka: 90 let od doby, kdy byl Adolf Hitler jmenov\u00e1n kancl\u00e9\u0159em N\u011bmecka"},"content":{"rendered":"<div id=\"fb-root\"><\/div>\n<p>V\u010dera tomu bylo p\u0159esn\u011b 90 let, co byl 30. ledna 1933 nacistick\u00fd v\u016fdce Adolf Hitler jmenov\u00e1n do \u00fa\u0159adu n\u011bmeck\u00e9ho kancl\u00e9\u0159e, \u010d\u00edm\u017e bylo zah\u00e1jeno fa\u0161istick\u00e9 uchv\u00e1cen\u00ed moci, a nakonec i druh\u00e1 sv\u011btov\u00e1 v\u00e1lka. N\u011bme\u010dt\u00ed historikov\u00e9 \u010dasto diskutuj\u00ed o tom, zda Hitlerovo jmenov\u00e1n\u00ed kancl\u00e9\u0159em bylo \u201eMachtergreifung\u201c (uchopen\u00ed moci) nebo \u201eMacht\u00fcbernahme\u201c (n\u00e1stup k moci).<\/p>\n<p>Na jedn\u00e9 stran\u011b byl Hitler jmenov\u00e1n kancl\u00e9\u0159em prezidentem Paulem von Hindenburgem v\u00a0souladu s\u00a0\u00fastavou. Na druh\u00e9 stran\u011b nacist\u00e9 neust\u00e1le eskalovali pouli\u010dn\u00ed n\u00e1sil\u00ed proti levicov\u00fdm skupin\u00e1m, zejm\u00e9na proti mocn\u00e9 Komunistick\u00e9 stran\u011b N\u011bmecka a Hindenburg \u010delil rozs\u00e1hl\u00e9mu politick\u00e9mu a\u00a0soci\u00e1ln\u00edmu tlaku n\u011bmeck\u00fdch pr\u016fmyslov\u00fdch magn\u00e1t\u016f, aby jmenoval Hitlera kancl\u00e9\u0159em nebo \u010delit otev\u0159en\u00e9 ob\u010dansk\u00e9 v\u00e1lce. Podobnost s n\u00e1sil\u00edm liber\u00e1ln\u00edch retard\u016f dne\u0161n\u00edch dn\u016f je docela vysok\u00e1. Zat\u00edm nejsou tak agresivn\u00ed.<\/p>\n<p>N\u00e1rodn\u011b socialistick\u00e1 n\u011bmeck\u00e1 d\u011blnick\u00e1 strana (NSDAP nebo nacist\u00e9) byla zalo\u017eena v roce 1920 po\u00a0prvn\u00ed sv\u011btov\u00e9 v\u00e1lce, ale mnoh\u00e9 z jej\u00edch z\u00e1kladn\u00edch my\u0161lenek byly vytvo\u0159eny a\u017e o desetilet\u00ed pozd\u011bji. Rasistick\u00fd nacionalismus, kter\u00fd vid\u011bl N\u011bmecko jako os\u00eddlen\u00e9 \u201e\u010dist\u00fdmi\u201c etnick\u00fdmi N\u011bmci a \u201ene\u010dist\u00fdmi\u201c jin\u00fdmi rasami, byl kombinov\u00e1n s \u0161\u00edlenou zu\u0159ivost\u00ed nam\u00ed\u0159enou proti mocnostem Dohody za poni\u017euj\u00edc\u00ed podm\u00ednky n\u011bmeck\u00e9 kapitulace v roce 1919 a tak\u00e9 na lidi v N\u011bmecku, kte\u0159\u00ed o nacistech tvrdili, \u017ee\u00a0se\u00a0s\u00a0nimi spikli. Stalo se to tak\u00e9 v d\u016fsledku ob\u010dansk\u00e9 v\u00e1lky, ve kter\u00e9 Freikorps, neboli pravicov\u00e9 skupiny demobilizovan\u00fdch veter\u00e1n\u016f, pomohly soci\u00e1ln\u011b demokratick\u00e9 vl\u00e1d\u011b rozdrtit komunistick\u00e9 povst\u00e1n\u00ed.<\/p>\n<p>NSDAP se inspirovala p\u0159evzet\u00edm moci Benita Mussoliniho v It\u00e1lii v \u0159\u00edjnu 1922, co\u017e p\u0159ineslo k moci prvn\u00ed fa\u0161istickou vl\u00e1du v Evrop\u011b. O rok pozd\u011bji v listopadu 1923 zah\u00e1jili nacist\u00e9 pokus o p\u0159evzet\u00ed moci v\u00a0Mnichov\u011b, hlavn\u00edm m\u011bst\u011b n\u011bmeck\u00e9ho st\u00e1tu Bavorsko. P\u0159esto\u017ee do sv\u00fdch \u0159ad po\u010d\u00edtali v\u00e1le\u010dn\u00e9ho hrdinu gener\u00e1la Ericha Ludendorffa, n\u011bmeck\u00e1 arm\u00e1dn\u00ed pos\u00e1dka jej odm\u00edtla podpo\u0159it a povst\u00e1n\u00ed potla\u010dila, p\u0159i\u010dem\u017e v\u016fdci byli pot\u00e9 zajati a uv\u011bzn\u011bni. Kdy\u017e byl Hitler o rok pozd\u011bji propu\u0161t\u011bn, New York Times ho popsaly jako \u201ezkrocen\u00e9ho\u201c v\u011bzen\u00edm a \u017ee se ho ji\u017e nen\u00ed pot\u0159eba se b\u00e1t.<\/p>\n<p>Fanatick\u00fd antikomunismus nacistick\u00e9 strany v N\u011bmecku a fa\u0161istick\u00e9 strany v It\u00e1lii k nim p\u0159itahoval podporu kapitalistick\u00e9 spole\u010dnosti, kter\u00e9 se nejv\u00edce ob\u00e1valy uchv\u00e1cen\u00ed moci d\u011blnickou t\u0159\u00eddou: bohat\u00e9 kapitalistick\u00e9 elity, kter\u00e1 vlastnila pr\u016fmysl a p\u016fdu zem\u011b. Mezi podporovatele pat\u0159il Fritz Thyssen, syn\u00a0pr\u016fmyslov\u00e9ho magn\u00e1ta Augusta Thyssena, kter\u00fd p\u0159ed rokem 1932 nacpal nacist\u016fm 1\u00a0milion \u0159\u00ed\u0161sk\u00fdch marek. \u0158editelem Thyssenov\u00fdch americk\u00fdch fond\u016f byl Prescott Bush, otec b\u00fdval\u00e9ho prezidenta USA George HW Bushe a d\u011bde\u010dek b\u00fdval\u00e9ho prezidenta USA George W. Bushe. Bush\u016fv majetek byl zabaven v roce 1942 na z\u00e1klad\u011b z\u00e1kona o obchodov\u00e1n\u00ed s nep\u0159\u00edtelem a mnoz\u00ed v t\u00e9 dob\u011b o\u010dek\u00e1vali, \u017ee bude st\u00edh\u00e1n za napom\u00e1h\u00e1n\u00ed nep\u0159\u00edteli.<\/p>\n<p>Mezi dal\u0161\u00ed finan\u010dn\u00ed podporovatele pat\u0159il pr\u016fmysln\u00edk Ernst von Borsig, jeden z nejbohat\u0161\u00edch mu\u017e\u016f v\u00a0Prusku; Gustav a jeho syn Alfred Krupp z pr\u016fmyslov\u00e9 dynastie Krupp\u016f; a konglomer\u00e1t IG Farben. Tito a dal\u0161\u00ed podporovatel\u00e9 sehr\u00e1li kl\u00ed\u010dovou roli v n\u00e1tlaku na Hindenburga, aby jmenoval Hitlera kancl\u00e9\u0159em, a v listopadu 1932 mu spole\u010dn\u011b s konzervativn\u00edmi politiky Franzem von Papenem a Alfredem Hugenbergem napsali dopis, ve kter\u00e9m nal\u00e9hali na n\u011bmeck\u00e9ho prezidenta, aby jmenoval Hitlera kancl\u00e9\u0159em. Tyto a mnoh\u00e9 dal\u0161\u00ed korporace v N\u011bmecku a dal\u0161\u00edch zem\u00edch pozd\u011bji bohat\u011b profitovaly z\u00a0n\u011bmeck\u00e9 v\u00e1le\u010dn\u00e9 ma\u0161in\u00e9rie a holocaustu, p\u0159i\u010dem\u017e IG Farben vyr\u00e1b\u011bl nechvaln\u011b zn\u00e1m\u00fd jedovat\u00fd plyn Cyklon B pou\u017e\u00edvan\u00fd ve vyhlazovac\u00edch t\u00e1borech. V\u00edce se lze do\u010d\u00edst v\u00a0knize \u201eNacistick\u00e9 ko\u0159eny EU\u201c. O tom,\u00a0 kdo financoval Hitlera je mo\u017en\u00e9 se dozv\u011bd\u011bt z\u00a0vide\u00ed na youtube.<\/p>\n<p>Rozpory V\u00fdmarsk\u00e9 republiky, n\u011bmeck\u00e9ho st\u00e1tu vznikl\u00e9ho po zru\u0161en\u00ed monarchie v roce 1918, se koncem 20. let 20. stolet\u00ed vyhrotily. Ekonomick\u00e1 stagnace a hyperinflace, \u010d\u00e1ste\u010dn\u011b zp\u016fsoben\u00e1 masivn\u00edm od\u0161kodn\u011bn\u00edm, kter\u00e9 N\u011bmecko dlu\u017eilo v\u00edt\u011bzn\u00e9 Francii a Brit\u00e1nii, a ztr\u00e1tou nejpr\u016fmyslov\u011bj\u0161\u00edch oblast\u00ed zem\u011b, se je\u0161t\u011b zhor\u0161ily pot\u00e9, co v \u0159\u00edjnu 1929 ude\u0159ila Velk\u00e1 hospod\u00e1\u0159sk\u00e1 krize. Trval\u00fd pokles podpory SPD vl\u00e1d\u011b soub\u011b\u017en\u011b se vzestupem popularity komunist\u016f a fa\u0161ist\u016f, kte\u0159\u00ed nab\u00edzeli odpov\u011bdi a \u0159e\u0161en\u00ed n\u011bmeck\u00fdch probl\u00e9m\u016f.<\/p>\n<p>Mimo Sov\u011btsk\u00fd svaz byla Komunistick\u00e1 strana N\u011bmecka (KPD) nejv\u011bt\u0161\u00ed a nejmocn\u011bj\u0161\u00ed na sv\u011bt\u011b. Vznikla od\u0161t\u011bpen\u00edm od SPD b\u011bhem v\u00e1lky pot\u00e9, co n\u011bkolik \u010dlen\u016f, v\u010detn\u011b Rosy Luxemburgov\u00e9, Karla Liebknechta a Clary Zetkinov\u00e9, odm\u00edtlo n\u00e1hl\u00fd obrat SPD v jej\u00ed protiv\u00e1le\u010dn\u00e9 pozici. A\u010dkoli SPD rozdrtila povst\u00e1n\u00ed KPD v roce 1919 v Lucembursku a zavra\u017edila tis\u00edce jej\u00edch \u010dlen\u016f, v\u010detn\u011b Luxemburgov\u00e9 a Liebknechta, strana se pozd\u011bji ve 20. letech vr\u00e1tila. Obvi\u0148ovala kapitalistickou vl\u00e1dnouc\u00ed t\u0159\u00eddu z neduh\u016f n\u011bmeck\u00e9 d\u011blnick\u00e9 t\u0159\u00eddy a odm\u00edtala militarismus a rasismus nacionalistick\u00e9ho hnut\u00ed.<\/p>\n<p>Jak NSDAP rostla na s\u00edle a za\u010dala \u00fato\u010dit na komunisty, \u017didy a dal\u0161\u00ed skupiny, KPD vytvo\u0159ila militantn\u00ed organizace, aby se br\u00e1nila: Roter Frontk\u00e4mpferbund (Liga \u010derven\u00fdch frontov\u00fdch bojovn\u00edk\u016f) a pozd\u011bji Antifaschistische Aktion (Antifa\u0161istick\u00e1 akce) z nich\u017e posledn\u00ed poslou\u017eil jako inspirace pro modern\u00ed hnut\u00ed \u201eAntifa\u201c. Komunist\u00e9 i nacist\u00e9 tak\u00e9 z\u00edskali volebn\u00ed s\u00edlu a \u0158\u00ed\u0161sk\u00fd sn\u011bm, kdysi ovl\u00e1dan\u00fd SPD, se stal politickou svobodou pro v\u0161echny, v n\u00ed\u017e se strany sna\u017eily vytv\u00e1\u0159et a udr\u017eovat koalice.<\/p>\n<p>Soci\u00e1ln\u00ed a ekonomick\u00fd chaos vedl k rozpadu demokracie a v roce 1930 dostal Heinrich Br\u00fcning ze Strany st\u0159edu dikt\u00e1torskou moc od prezidenta von Hindenburga, kter\u00fd do kv\u011btna 1932 vyd\u00e1val dekrety Br\u00fcningov\u00fdm jm\u00e9nem. V b\u0159eznu 1932 Hitler kandidoval v prezidentsk\u00fdch volb\u00e1ch proti Hindenburgovi a t\u011b\u017ece prohr\u00e1l, kdy\u017e z\u00edskal 36,7 % hlas\u016f proti Hindenburgov\u00fdm 53 %. Na t\u0159et\u00edm m\u00edst\u011b skon\u010dil Ernst Th\u00e4lmann z komunistick\u00e9 strany s 10 %. NSDAP jako celek v\u0161ak nad\u00e1le stoupala a ve volb\u00e1ch do\u00a0Reichstagu v \u010dervenci toho roku z\u00edskala ohromuj\u00edc\u00edch 123 k\u0159esel, \u010d\u00edm\u017e zdvojn\u00e1sobila svou s\u00edlu a stala se nejv\u011bt\u0161\u00ed stranou v z\u00e1konod\u00e1rn\u00fdch sborech, i kdy\u017e j\u00ed st\u00e1le chyb\u011bla v\u011bt\u0161ina. Komunist\u00e9 a soci\u00e1ln\u00ed demokrat\u00e9 p\u0159evy\u0161ovali po\u010det fa\u0161ist\u016f, pokud se jejich po\u010det se\u010detl, ale ostr\u00e9 spory mezi frakcemi jim br\u00e1nily ve sjednocen\u00ed.<\/p>\n<p>V\u00a0pozd\u011bj\u0161\u00edch listopadov\u00fdch volb\u00e1ch ztratili nacist\u00e9 21 k\u0159esel a n\u011bkolik milion\u016f hlas\u016f, p\u0159i\u010dem\u017e v\u011bt\u0161inu zisk\u016f z\u00edskala komunistick\u00e1 strana. Volby v\u0161ak nevy\u0159e\u0161ily \u017e\u00e1dn\u00fd z probl\u00e9m\u016f stoj\u00edc\u00edch za ne\u00fasp\u011bchem \u010dervencov\u00fdch voleb. Pod tlakem pr\u016fmyslov\u00e9 elity zem\u011b a jej\u00edch konzervativn\u00edch nenacistick\u00fdch politick\u00fdch v\u016fdc\u016f Hindenburg neochotn\u011b souhlasil se jmenov\u00e1n\u00edm sv\u00e9ho b\u00fdval\u00e9ho volebn\u00edho rivala p\u0159edsedou vl\u00e1dy, proto\u017ee v\u011b\u0159il, \u017ee jeho zraniteln\u00e1 pozice ho u\u010din\u00ed zcela z\u00e1visl\u00fdm na Hindenburgovi a von Papenovi. M\u00fdlili se.<\/p>\n<p>Historie budi\u017e pou\u010den\u00edm i nyn\u00ed, proto\u017ee pokud dostanou na\u0161i liber\u00e1ln\u00ed retardi pokyn, klidn\u00e9 obl\u00e9knou hn\u011bd\u00e9 ko\u0161ile.<\/p>\n<p>Autor: Richard Li\u0161ka<\/p>\n<p><em>Zdrojem byly ve\u0159ejn\u011b dostupn\u00e9 informace.<\/em><\/p>\n<p>&nbsp;<\/p>\n<p><img decoding=\"async\" loading=\"lazy\" class=\"wp-image-19187 aligncenter\" src=\"http:\/\/www.infokuryr.cz\/n\/wp-content\/uploads\/2022\/12\/1-PRO-300x36.jpg\" alt=\"\" width=\"1450\" height=\"174\" srcset=\"https:\/\/www.infokuryr.cz\/n\/wp-content\/uploads\/2022\/12\/1-PRO-300x36.jpg 300w, https:\/\/www.infokuryr.cz\/n\/wp-content\/uploads\/2022\/12\/1-PRO.jpg 699w\" sizes=\"(max-width: 1450px) 100vw, 1450px\" \/><\/p>\n<p>&nbsp;<\/p>\n<p>&nbsp;<\/p>\n","protected":false},"excerpt":{"rendered":"<p>V\u010dera tomu bylo p\u0159esn\u011b 90 let, co byl 30. ledna 1933 nacistick\u00fd v\u016fdce Adolf Hitler&#8230;<\/p>\n","protected":false},"author":2,"featured_media":1537,"comment_status":"closed","ping_status":"closed","sticky":false,"template":"","format":"standard","meta":[],"categories":[6],"tags":[398,244,29,470],"_links":{"self":[{"href":"https:\/\/www.infokuryr.cz\/n\/wp-json\/wp\/v2\/posts\/22051"}],"collection":[{"href":"https:\/\/www.infokuryr.cz\/n\/wp-json\/wp\/v2\/posts"}],"about":[{"href":"https:\/\/www.infokuryr.cz\/n\/wp-json\/wp\/v2\/types\/post"}],"author":[{"embeddable":true,"href":"https:\/\/www.infokuryr.cz\/n\/wp-json\/wp\/v2\/users\/2"}],"replies":[{"embeddable":true,"href":"https:\/\/www.infokuryr.cz\/n\/wp-json\/wp\/v2\/comments?post=22051"}],"version-history":[{"count":0,"href":"https:\/\/www.infokuryr.cz\/n\/wp-json\/wp\/v2\/posts\/22051\/revisions"}],"wp:featuredmedia":[{"embeddable":true,"href":"https:\/\/www.infokuryr.cz\/n\/wp-json\/wp\/v2\/media\/1537"}],"wp:attachment":[{"href":"https:\/\/www.infokuryr.cz\/n\/wp-json\/wp\/v2\/media?parent=22051"}],"wp:term":[{"taxonomy":"category","embeddable":true,"href":"https:\/\/www.infokuryr.cz\/n\/wp-json\/wp\/v2\/categories?post=22051"},{"taxonomy":"post_tag","embeddable":true,"href":"https:\/\/www.infokuryr.cz\/n\/wp-json\/wp\/v2\/tags?post=22051"}],"curies":[{"name":"wp","href":"https:\/\/api.w.org\/{rel}","templated":true}]}}